{"id":956,"date":"2021-03-22T16:20:30","date_gmt":"2021-03-22T19:20:30","guid":{"rendered":"http:\/\/www.mdp.edu.ar\/derecho\/derecho2019\/?p=956"},"modified":"2021-03-23T10:14:13","modified_gmt":"2021-03-23T13:14:13","slug":"piso-de-la-igualdad","status":"publish","type":"post","link":"https:\/\/derecho.mdp.edu.ar\/index.php\/2021\/03\/22\/piso-de-la-igualdad\/","title":{"rendered":"Piso de la Igualdad"},"content":{"rendered":"<h1>Piso de la Igualdad. Acto de Reconocimiento.<\/h1>\n<p>En el marco del Mes de La Mujer, dimos a conocer los nombres de las aulas que conformar\u00e1n el \u201cPiso de la Igualdad\u201d \u2013 segundo piso de la Facultad de Derecho. Ahora, en el \u00e1mbito de clases permanece el recuerdo de estas valientes y luchadoras mujeres:<\/p>\n<p>Aula 1: Abogada Ester Daye \u2013 hist\u00f3rica militante del movimiento feminista, integrante de la Multisectorial de la Mujer de Mar del Plata y graduada de esta casa.<\/p>\n<p><img loading=\"lazy\" class=\"alignnone size-full wp-image-961\" src=\"http:\/\/www.mdp.edu.ar\/derecho\/derecho2019\/wp-content\/uploads\/5.jpg\" alt=\"\" width=\"4032\" height=\"3024\" \/><\/p>\n<p>Aula 2: Dra. Carmen Mar\u00eda Argibay \u2013 primera mujer nominada por un gobierno democr\u00e1tico para integrar la Corte Suprema de Justicia de la Naci\u00f3n. Creadora de la Oficina de la Mujer, que a la fecha contin\u00faa trabajando para incorporar la perspectiva de g\u00e9nero en el poder judicial.<\/p>\n<p><img loading=\"lazy\" class=\"alignnone size-full wp-image-958\" src=\"http:\/\/www.mdp.edu.ar\/derecho\/derecho2019\/wp-content\/uploads\/2.jpg\" alt=\"\" width=\"4032\" height=\"3024\" \/><\/p>\n<p>Aula 3: Dra. Florentina G\u00f3mez Miranda \u2013 destacada por su labor en la lucha por los derechos de la mujer. Fue diputada nacional feminista en una \u00e9poca dominada por la dirigencia machista.<\/p>\n<p><img loading=\"lazy\" class=\"alignnone size-full wp-image-960\" src=\"http:\/\/www.mdp.edu.ar\/derecho\/derecho2019\/wp-content\/uploads\/4.jpg\" alt=\"\" width=\"4032\" height=\"3024\" \/><\/p>\n<p>Aula 4: Abogada Mar\u00eda Ang\u00e9lica Barreda \u2013 primera abogada mujer, quien luch\u00f3 legalmente contra el sistema por el derecho de las mujeres a ejercer la profesi\u00f3n.<\/p>\n<p><img loading=\"lazy\" class=\"alignnone size-full wp-image-959\" src=\"http:\/\/www.mdp.edu.ar\/derecho\/derecho2019\/wp-content\/uploads\/3.jpg\" alt=\"\" width=\"3821\" height=\"2866\" \/><\/p>\n<p>Agradecemos las emotivas palabras de nuestra decana Mar\u00eda del Carmen, del docente Mario Portela, del presidente del CAMDP Fabi\u00e1n Portillo, de la docente y directora del Observatorio Jur\u00eddico de nuestra facultad Marina S\u00e1nchez Herrero, de la docente Ver\u00f3nica Hourquebi\u00e9, de la estudiante Soledad Prosa y de la docente y directora del Observatorio de G\u00e9nero de nuestra facultad Paula Muniagurr\u00eda.<\/p>\n<p><iframe loading=\"lazy\" title=\"YouTube video player\" src=\"https:\/\/www.youtube.com\/embed\/E57usCZV8CA\" width=\"560\" height=\"315\" frameborder=\"0\" allowfullscreen=\"allowfullscreen\"><\/iframe><\/p>\n","protected":false},"excerpt":{"rendered":"<p>En el marco del Mes de La Mujer, dimos a conocer los nombres de las aulas que conforman el \u201cPiso de la Igualdad\u201d \u2013 segundo piso de la Facultad de Derecho. Ahora, en el \u00e1mbito de clases permanece el recuerdo de mujeres valientes y luchadoras.<\/p>\n","protected":false},"author":1,"featured_media":957,"comment_status":"open","ping_status":"open","sticky":false,"template":"","format":"standard","meta":[],"categories":[2],"tags":[],"_links":{"self":[{"href":"https:\/\/derecho.mdp.edu.ar\/index.php\/wp-json\/wp\/v2\/posts\/956"}],"collection":[{"href":"https:\/\/derecho.mdp.edu.ar\/index.php\/wp-json\/wp\/v2\/posts"}],"about":[{"href":"https:\/\/derecho.mdp.edu.ar\/index.php\/wp-json\/wp\/v2\/types\/post"}],"author":[{"embeddable":true,"href":"https:\/\/derecho.mdp.edu.ar\/index.php\/wp-json\/wp\/v2\/users\/1"}],"replies":[{"embeddable":true,"href":"https:\/\/derecho.mdp.edu.ar\/index.php\/wp-json\/wp\/v2\/comments?post=956"}],"version-history":[{"count":3,"href":"https:\/\/derecho.mdp.edu.ar\/index.php\/wp-json\/wp\/v2\/posts\/956\/revisions"}],"predecessor-version":[{"id":964,"href":"https:\/\/derecho.mdp.edu.ar\/index.php\/wp-json\/wp\/v2\/posts\/956\/revisions\/964"}],"wp:featuredmedia":[{"embeddable":true,"href":"https:\/\/derecho.mdp.edu.ar\/index.php\/wp-json\/wp\/v2\/media\/957"}],"wp:attachment":[{"href":"https:\/\/derecho.mdp.edu.ar\/index.php\/wp-json\/wp\/v2\/media?parent=956"}],"wp:term":[{"taxonomy":"category","embeddable":true,"href":"https:\/\/derecho.mdp.edu.ar\/index.php\/wp-json\/wp\/v2\/categories?post=956"},{"taxonomy":"post_tag","embeddable":true,"href":"https:\/\/derecho.mdp.edu.ar\/index.php\/wp-json\/wp\/v2\/tags?post=956"}],"curies":[{"name":"wp","href":"https:\/\/api.w.org\/{rel}","templated":true}]}}