{"id":951,"date":"2021-03-10T18:09:41","date_gmt":"2021-03-10T21:09:41","guid":{"rendered":"http:\/\/www.mdp.edu.ar\/derecho\/derecho2019\/?p=951"},"modified":"2021-03-31T17:02:48","modified_gmt":"2021-03-31T20:02:48","slug":"nuevos-cursos-de-posgrado","status":"publish","type":"post","link":"https:\/\/derecho.mdp.edu.ar\/index.php\/2021\/03\/10\/nuevos-cursos-de-posgrado\/","title":{"rendered":"Nuevos cursos de Posgrado"},"content":{"rendered":"<h2 style=\"font-weight: 400;\"><strong>CURSO DE POSGRADO EN RIESGOS DEL TRABAJO Y DA\u00d1OS<\/strong><\/h2>\n<p><strong> DIRECCION ACAD\u00c9MICA:<\/strong>\u00a0Dr. Juan J. FORMARO<\/p>\n<p><strong>COORDINADORES:<\/strong> Damian Bes, Ver\u00f3nica Giovanniello, Emilia Mar\u00eda Novoa.<\/p>\n<p><strong>CONSULTAS V\u00cdA CORREO A<\/strong> posgradoderecholaboralmdp@gmail.com<\/p>\n<p style=\"font-weight: 400;\"><strong>FUNDAMENTOS Y OBJETIVOS<\/strong><\/p>\n<p style=\"font-weight: 400;\">El presente curso de posgrado persigue un doble objetivo: por una parte, tiene como prop\u00f3sito analizar en profundidad al r\u00e9gimen de riesgos del trabajo desde el sistema especial (leyes 24.557, 26.773 y 27.348 y sus reglamentaciones); por otro lado, procura estudiar los principales aspectos del derecho com\u00fan de da\u00f1os (en esencia, el C\u00f3digo Civil y Comercial). El estudio de la tem\u00e1tica se realizar\u00e1 a partir del an\u00e1lisis de la doctrina m\u00e1s importante y de la \u00faltima jurisprudencia, incluyendo el m\u00e9todo de casos. La ense\u00f1anza ser\u00e1 te\u00f3rico-pr\u00e1ctica, abarcando tanto los aspectos sustanciales como as\u00ed los procesales atinentes a los t\u00f3picos abordados.<\/p>\n<p style=\"font-weight: 400;\"><strong>CUERPO DOCENTE:<\/strong><\/p>\n<p>FORMARO, Juan: Doctor en Ciencias Jur\u00eddicas UNLP. Profesor de derecho del trabajo UBA. Abogado litigante.<\/p>\n<p>MACHADO, Daniel: Profesor de derecho del trabajo UNL. Juez de C\u00e1mara Laboral Santa Fe.<\/p>\n<p>MAZA, Miguel A: Doctor en Derecho UBA. Profesor de derecho del trabajo UBA. Ex Juez de la C\u00e1mara Nacional de Apelaciones del Trabajo.<\/p>\n<p>RAFFAGHELLI, Luis: Master en Ciencias Sociales del Trabajo UBA. Juez de la C\u00e1mara Nacional de Apelaciones del Trabajo.<\/p>\n<p>CURUTCHET, Eduardo E: Especialista en Derecho Social UNLP. Profesor de derecho del trabajo UNLP. Abogado litigante.<\/p>\n<p>VALENTE, Gast\u00f3n: Profesor de la Escuela de Abogados del Estado. Asesor sindical. Abogado litigante<\/p>\n<p>BARREIRO, Diego A: Especialista en Derecho Social UNLP. Ex Juez del Trabajo. Abogado litigante.<\/p>\n<p>NESSI, Andrea: Magister en Derecho Administrativo Universidad Austral. Profesora de derecho del trabajo UCA. Abogada litigante.<\/p>\n<p>GALDOS, Jorge M: Profesor de posgrado UBA. Juez de la C\u00e1mara Civil y Comercial de Azul.<\/p>\n<p>PICASSO, Sebasti\u00e1n: Doctor en Derecho UBA. Profesor de derecho civil UBA. Juez de la C\u00e1mara Nacional de Apelaciones en lo Civil.<\/p>\n<p>PRIETO MOLINERO, Ramiro: Doctor en Derecho Universidad de Deusto (Espa\u00f1a). Profesor del derecho civil USAL. Abogado litigante.<\/p>\n<p>OSSOLA, Federico: Doctor en Derecho UNC\u00f3rdoba. Profesor de derecho civil UNC\u00f3rdoba. Juez de la C\u00e1mara Civil y Comercial de C\u00f3rdoba.<\/p>\n<p>CORNAGLIA, Ricardo: Doctor en Ciencias Jur\u00eddicas UNLP. Profesor de derecho del trabajo UNLP. Abogado litigante.<\/p>\n<p><strong> CARGA HORARIA<\/strong><strong>: 28 horas en 14 clases de 2 hs cada una<\/strong><\/p>\n<p style=\"font-weight: 400;\"><strong>MODALIDAD DE CURSADA:\u00a0<\/strong>on line a trav\u00e9s de plataforma ZOOM.\u00a0Clases semanales de 2 hs cada una de 18:30 a 20:30 hs. desde el mes de mayo al mes de octubre de 2021, en las siguientes fechas: 6\/5\/21, 13\/5\/21, 20\/5\/21, 27\/5\/21, 3\/6\/21, 10\/6\/21, 17\/6\/21, 24\/6\/21, 1\/7\/21, 8\/7\/21, 15\/7\/21, 19\/8\/21, 26\/8\/21, 2\/9\/21, 9\/9\/21, 16\/9\/21. 23\/9\/21, 30\/9\/21, 7\/10\/21, 14\/10\/21.<\/p>\n<p style=\"font-weight: 400;\"><strong style=\"font-size: 1rem;\">CRONOGRAMA DE CLASES:<\/strong><\/p>\n<p style=\"font-weight: 400;\">El cronograma proyectado de clases es el siguiente:<\/p>\n<p>Juan Formaro: Apertura del curso. Dimensi\u00f3n constitucional. Fuentes e interpretaci\u00f3n. Aplicaci\u00f3n de la ley en el tiempo.<\/p>\n<p>Daniel Machado: Introducci\u00f3n general al sistema de riesgos del trabajo.<\/p>\n<p>Miguel A. Maza: Contingencias.<\/p>\n<p>Luis Raffaghelli:\u00a0Riesgos psicosociales.<\/p>\n<p>Eduardo E. Curutchet: Prestaciones.<\/p>\n<p>Gast\u00f3n Valente: Procedimiento administrativo.<\/p>\n<p>Diego A. Barreiro: Prescripci\u00f3n y caducidad.<\/p>\n<p>Andrea Nessi: Interrelaci\u00f3n LCT \/ LRT.<\/p>\n<p>Jorge M. Gald\u00f3s: Prevenci\u00f3n del da\u00f1o.<\/p>\n<p>Sebasti\u00e1n Picasso: Antijuridicidad y factores de atribuci\u00f3n de responsabilidad.<\/p>\n<p>Ramiro Prieto Molinero: Relaci\u00f3n de causalidad.<\/p>\n<p>Federico Ossola: Da\u00f1o patrimonial y extrapatrimonial.<\/p>\n<p>Juan Formaro: Obligaciones de dinero y de valor. Intereses. La opci\u00f3n excluyente.<\/p>\n<p>Ricardo Cornaglia: Derecho de da\u00f1os laborales.<\/p>\n<p><strong> PROGRAMA DE ESTUDIOS:<\/strong><\/p>\n<p>Las clases proyectaras abordar\u00e1n el siguiente programa de estudios:<\/p>\n<p><strong>1.<\/strong>\u00a0Fuentes del derecho del trabajo y articulaci\u00f3n con el derecho com\u00fan.<\/p>\n<p><strong>2.<\/strong>\u00a0Control de constitucionalidad y convencionalidad. Dimensi\u00f3n constitucional del derecho a la reparaci\u00f3n.<\/p>\n<p><strong>3.<\/strong>\u00a0La problem\u00e1tica de los infortunios laborales. Bienes jur\u00eddicos tutelados.<\/p>\n<p><strong>4.<\/strong>\u00a0Evoluci\u00f3n hist\u00f3rica de los distintos reg\u00edmenes atinentes a la reparaci\u00f3n de los da\u00f1os laborales.<\/p>\n<p><strong>5.<\/strong>\u00a0La ley 24.557 y sus reformas.<\/p>\n<p><strong>6.<\/strong>\u00a0Acci\u00f3n especial y acci\u00f3n com\u00fan. Pluridimensi\u00f3n normativa.<\/p>\n<p><strong>7.<\/strong>\u00a0Legitimaci\u00f3n activa y pasiva (acci\u00f3n especial y acci\u00f3n com\u00fan).<\/p>\n<p><strong>8.<\/strong>\u00a0Accidente de trabajo. Definici\u00f3n y alcances. Enfermedad profesional. Tutela de las enfermedades no listadas. Accidente in itinere. Alcances y limitaciones.<\/p>\n<p><strong>9.<\/strong>\u00a0Exclusiones del sistema (dolo, fuerza mayor extra\u00f1a al trabajo y enfermedades preexistentes).<\/p>\n<p><strong>10.<\/strong>\u00a0Procedimiento administrativo (actuaci\u00f3n en el mismo) y judicial previsto por la LRT y sus modificatorias (ley 27.348). Tr\u00e1mite ante las comisiones m\u00e9dicas. Adhesiones provinciales a la ley 27.348. Revisi\u00f3n por v\u00eda recursiva o por demanda ordinaria. Procedimiento.<\/p>\n<p><strong>11.<\/strong>\u00a0Situaciones cubiertas y prestaciones (dinerarias y en especie). Baremos. Control constitucional de la tarifa. C\u00e1lculo del ingreso base y RIPTE. Trabajadores no registrados o deficientemente registrados. Indemnizaci\u00f3n de da\u00f1os adicionales.<\/p>\n<p><strong>12.<\/strong>\u00a0Derecho intertemporal.<\/p>\n<p><strong>13.<\/strong>\u00a0Prevenci\u00f3n de da\u00f1os. Suspensi\u00f3n del cumplimiento de la prestaci\u00f3n contractual. Normativa en materia de higiene y seguridad en el trabajo.<\/p>\n<p><strong>14.<\/strong>\u00a0Responsabilidad del empleador. Obligaci\u00f3n de seguridad, da\u00f1os por cosas y actividades riesgosas o viciosas, negligencia. Normas laborales y del C\u00f3digo Civil y Comercial de la Naci\u00f3n.<\/p>\n<p><strong>15.<\/strong>\u00a0Responsabilidad de terceros (contratistas, subcontratistas, etc.).<\/p>\n<p><strong>16.<\/strong>\u00a0Responsabilidad civil de las Aseguradoras de Riesgos del Trabajo.<\/p>\n<p><strong>17.<\/strong>\u00a0Eximentes en el derecho com\u00fan.<\/p>\n<p><strong>18.<\/strong>\u00a0Relaci\u00f3n de causalidad.<\/p>\n<p><strong>19.\u00a0<\/strong>Reparaci\u00f3n plena. Da\u00f1o resarcible. Rubros indemnizatorios y su cuantificaci\u00f3n.<\/p>\n<p><strong>20.<\/strong>\u00a0Obligaciones de dar dinero y deudas de valor. Intereses.<\/p>\n<p><strong>21.<\/strong>\u00a0Cuestiones de competencia en la acci\u00f3n com\u00fan. Limitaciones sobre costas y honorarios de la ley 26.773.<\/p>\n<p><strong>22.<\/strong>\u00a0Prescripci\u00f3n. Curso, suspensi\u00f3n, interrupci\u00f3n y dispensa. Caducidad impuesta por las adhesiones provinciales.<\/p>\n<p><strong>23.<\/strong>\u00a0Privilegios. Fondos de garant\u00eda ante la insolvencia.<\/p>\n<p><strong>24.<\/strong>\u00a0La opci\u00f3n. Mec\u00e1nica, alcances y efectos. Control constitucional.<\/p>\n<p><strong>25.<\/strong>\u00a0Derecho de da\u00f1os laborales como aglutinante ordenador de la normativa existente.<\/p>\n<p><strong>BIBLIOGRAF\u00cdA:<\/strong><\/p>\n<p style=\"font-weight: 400;\">FERNANDEZ MADRID, Juan Carlos &#8211; CAUBET, Amanda Beatriz, Riesgos del trabajo, La Ley, Buenos Aires, 2015.<\/p>\n<p style=\"font-weight: 400;\">CORNAGLIA, Ricardo J., Derecho de da\u00f1os laborales, N\u00e9mesis, Buenos Aires, 1992.<\/p>\n<p style=\"font-weight: 400;\">CORTE, Nestor T. &#8211; MACHADO, Jos\u00e9 D., Siniestralidad laboral, Rubinzal &#8211; Culzoni, Santa Fe, 1996.<\/p>\n<p style=\"font-weight: 400;\">ACKERMAN, Mario E., Ley de Riesgos del Trabajo, Rubinzal &#8211; Culzoni, Santa Fe, 2017.<\/p>\n<p style=\"font-weight: 400;\">MAZA, Miguel A. &#8211; CRUZ DEVOTO, Gabriela S. &#8211; SEGURA, Juan M., Comentarios sobre el r\u00e9gimen de Riesgos del Trabajo, Errepar, Buenos Aires, 2013.<\/p>\n<p style=\"font-weight: 400;\">FORMARO, Juan J., Riesgos del trabajo. Acci\u00f3n especial y acci\u00f3n com\u00fan, Hammurabi, Buenos Aires, 2016.<\/p>\n<p style=\"font-weight: 400;\">FORMARO, Juan J., Reformas al R\u00e9gimen de Riesgos del Trabajo, Hammurabi, Buenos Aires, 2017.<\/p>\n<p style=\"font-weight: 400;\">FORMARO, Juan J., Incidencias del C\u00f3digo Civil y Comercial en el Derecho del Trabajo, Hammurabi, Buenos Aires, 2015.<\/p>\n<p style=\"font-weight: 400;\">FORMARO, Juan J., Procedimiento Laboral de la Provincia de Buenos Aires. Ley 15.057, Hammurabi, Buenos Aires, 2021.<\/p>\n<p style=\"font-weight: 400;\">RODRIGUEZ MANCINI, Jorge &#8211; FOGLIA, Ricardo A., Riesgos del Trabajo, La Ley, Buenos Aires, 2008.<\/p>\n<p style=\"font-weight: 400;\">TOSELLI, Carlos A. &#8211; MARIONSINI, Mauricio A., R\u00e9gimen integral de reparaci\u00f3n de los infortunios del trabajo, Alveroni, C\u00f3rdoba, 2013.<\/p>\n<p style=\"font-weight: 400;\">PIZARRO, Ram\u00f3n D. &#8211; VALLESPINOS, Carlos G., Tratado de responsabilidad civil, Rubinzal &#8211; Culzoni, Santa Fe, 2017.<\/p>\n<p style=\"font-weight: 400;\">PICASSO, Sebasti\u00e1n &#8211; SAENZ, Luis R., Tratado de derecho de da\u00f1os, La Ley, Buenos Aires, 2019.<\/p>\n<p style=\"font-weight: 400;\">OSSOLA, Federico, Responsabilidad civil, Abeledo Perrot, Buenos Aires, 2016<\/p>\n<h2><strong>CURSO DE POSGRADO DERECHO DEL CONSUMIDOR. PARTE GENERAL<\/strong><\/h2>\n<p><strong>METODOLOG\u00cdA:\u00a0<\/strong>El curso ser\u00e1 v\u00eda plataforma ZOOM los d\u00edas 05 y 19 de mayo, 2 y 16 de junio, 25 de\u00a0agosto, 08 y 22 de septiembre, 20 de octubre y 03 de noviembre de 2021 en el horario\u00a0de 16.00 hs a 20.00 hs.-<\/p>\n<p><strong><u>CONSULTAS E INSCRIPCI\u00d3N:\u00a0<\/u><\/strong>Secretar\u00eda de Posgrado de la Facultad de Derecho de la Universidad Nacional de Mar del Plata \u2013 Email:\u00a0posgrado.der@gmail.com<\/p>\n<p><strong>CUERPO DOCENTE:<\/strong><br \/>\n<strong><em>Dr. Stiglitz Gabriel Alejandro:<\/em> <\/strong>Abogado y Doctor en Ciencias Jur\u00eddicas y Sociales por la\u00a0Universidad Nacional de La Plata, donde fue Profesor Titular Ordinario de Derecho\u00a0Civil-Obligaciones.\u00a0 Doctor \u201cHonoris Causa\u201d de la Universidad Nacional de C\u00f3rdoba\u00a0(2014). Director del Doctorado en Derecho de la Universidad Nacional de Mar del Plata\u00a0(2014). Colaborador de la Comisi\u00f3n redactora del C\u00f3digo Civil y Comercial de la Naci\u00f3n\u00a0(2011). Miembro del Comit\u00e9 Ejecutivo de la \u201cInternational Association of Consumer\u00a0Law\u201d (Londres, 2006-2015). Autor\/coautor\/director de libros sobre Obligaciones,\u00a0Contratos, Derecho del Consumidor, Responsabilidad civil y Seguros, como\u00a0<em>Tratado de derecho del consumidor<\/em>, 4 tomos (2015),\u00a0<em>La defensa del consumidor en Argentina<\/em>\u00a0(2012),\u00a0<em>Contratos civiles y comerciales<\/em>, t.II (2010-2015),\u00a0<em>Contratos por adhesi\u00f3n<\/em>\u00a0(2012), entre otros. Codirector de las Revistas\u00a0<em>Derecho comercial y de las obligaciones<\/em>\u00a0(2015) y\u00a0<em>Derecho comercial, del consumidor y de la empresa<\/em>\u00a0(2010).<\/p>\n<p><strong><em>Dr. Ossola Federico Alejandro: <\/em><\/strong>Abogado. T\u00edtulo expedido por la Universidad Nacional de C\u00f3rdoba, Rep\u00fablica Argentina \u2013 A\u00f1o 1996. Doctor en Derecho y Ciencias Sociales. T\u00edtulo expedido por la Universidad Nacional de C\u00f3rdoba \u2013 Rep\u00fablica Argentina \u2013 A\u00f1o 2010. Tema: \u201cRenuncia de los Derechos y Actos Abdicativos\u201d calificaci\u00f3n: diez (10) puntos \u2013sobresaliente \u2013 Con menci\u00f3n de publicaci\u00f3n. Fue Juez en lo Civil y Comercial de 1\u00ba Instancia y 30\u00ba Nominaci\u00f3n de la Ciudad de C\u00f3rdoba. Designado por Decreto N\u00ba 1.681 del d\u00eda 12 de Diciembre de 2006, dictado por el Sr. Gobernador de la Provincia de C\u00f3rdoba. Acced\u00ed al cargo mediante Concurso ante el Consejo de la Magistratura de la Provincia de C\u00f3rdoba. Asum\u00ed en el cargo el d\u00eda 1 de Febrero de 2007, hasta el d\u00eda 30 de Abril de 2018. Vocal de C\u00e1mara en la C\u00e1mara de Apelaciones en lo Civil y Comercial de 4\u00ba Nominaci\u00f3n de la Ciudad de C\u00f3rdoba<strong>. <\/strong>Designado por Decreto N\u00ba 478 del d\u00eda 6 de Abril de 2018, dictado por el Sr. Gobernador de la Provincia de C\u00f3rdoba. Acced\u00ed al cargo mediante Concurso ante el Consejo de la Magistratura de la Provincia de C\u00f3rdoba, ocupando el primer lugar en el orden de m\u00e9rito. Asum\u00ed en el cargo a partir del d\u00eda 1 de Mayo de 2018, y lo desempe\u00f1o en la actualidad.<\/p>\n<p><strong><em>Dra. Garzino Mar\u00eda Constanza: <\/em><\/strong>Abogada Universidad Nacional de C\u00f3rdoba. 2007. Doctora en Derecho<strong>. <\/strong>Universidad Pompeu Fabra. Barcelona. Espa\u00f1a. Tesis titulada: \u201cDefinici\u00f3n legal y supuestos controvertidos de la condici\u00f3n de consumidor. An\u00e1lisis comparado de los derechos espa\u00f1ol y argentino\u201d. Director: Prof. Dr. Carlos I. G\u00f3mez Lig\u00fcerre. Jurado: Dr. Gabriel Stiglitz, Dra. Rosa Mil\u00e0 Rafel y Dr. Hugo Acciarri. Aprobada con calificaci\u00f3n: \u201cSobresaliente\u201d, con la distinci\u00f3n de \u201c<em>Cum Laude<\/em>\u201d el 2\/10\/2020. Mag\u00edster en Derecho Privado: Universidad Nacional de Rosario. Tesis titulada: \u201cContrataci\u00f3n Electr\u00f3nica y Responsabilidad de los Intermediarios en el R\u00e9gimen Jur\u00eddico Argentino\u201d. Director: Dr. Manuel Cornet, Codirector: Dr. Maximiliano R. Calder\u00f3n. Jurado: Dra. Norma Juanes, Dra. Noem\u00ed Nicolau, Dr. Roberto V\u00e1zquez Ferreyra. Aprobada por unanimidad con calificaci\u00f3n: 10 (diez): \u201cSobresaliente con recomendaci\u00f3n de publicaci\u00f3n\u201d, el d\u00eda 28 de noviembre de 2014. Autora de libros, cap\u00edtulos de libros y dem\u00e1s publicaciones especializadas en la materia.<\/p>\n<p><strong><em>Dr. Sozzo Gonzalo:<\/em> <\/strong>Especialista en Derecho de Da\u00f1os (1996) y de Doctor en Ciencias Jur\u00eddicas y Sociales (2003).- Fue becario posdoctoral de CONICET (ARG.) 2007-2008. Es director cient\u00edfico del Instituto de Estudios Avanzados del Litoral de la Universidad Nacional del Litoral desde su creaci\u00f3n en diciembre de 2017. Es Profesor Titular por concurso (m\u00e1ximo grado acad\u00e9mico en Argentina) de Contratos civiles de la Facultad de Ciencias Jur\u00eddicas y Sociales de la UNL (2010 y contin\u00faa) y Profesor Adjunto por concurso de Derecho de obligaciones en la Facultad de Ciencias Jur\u00eddicas y Sociales de la Universidad Nacional del Litoral. Es Profesor a cargo de la materia Derecho del Consumidor en la Facultad de Ciencias Jur\u00eddicas y Sociales de la Universidad Nacional del Litoral.-<\/p>\n<p><strong>Post. Dr. Sahi\u00e1n Jos\u00e9 Humberto: <\/strong>Relator (Civil) de la Corte Suprema de Justicia de Tucum\u00e1n. Doctor en Derecho de la Universidad Complutense de Madrid. Post Doctor en Derecho de la Universidad de Zaragoza. Master en Derecho Privado de la Universidad de Rosario. Especialista en Derecho de Da\u00f1os de la Universidad del Litoral. Profesor de Derecho del Consumidor y Encargado de Defensa de la Competencia, de la Universidad de Tucum\u00e1n.\u00a0 Ex Profesor Encargado de la C\u00e1tedra de \u201cContratos\u201d de la Universidad San Pablo T. Co-Director de la Especializaci\u00f3n en Derecho de Da\u00f1os y Coordinador Acad\u00e9mico del Doctorado, de la Facultad de Derecho de la Universidad Tucum\u00e1n. Miembro Correspondiente de la Academia Nacional de Derecho de C\u00f3rdoba. Premio Acc\u00e9sit de la Academia Nacional de Derecho de Buenos Aires Autor de varias de publicaciones, entre las que se destaca el libro: Dimensi\u00f3n constitucional de la tutela a los consumidores. Di\u00e1logo con los derechos humanos, ganador del premio \u201cA la mejor obra jur\u00eddica 2016\u201d, de Thomson Reuters \u2013 La ley. Y la obra El Nuevo Derecho del Consumidor, en coautor\u00eda con Gabriel Stiglitz.<\/p>\n<p><strong>Dra. Nicolau, Noem\u00ed Lidia: <\/strong>Abogada UNR 1976. Doctora A\u00f1o de finalizaci\u00f3n: 1991FACULTAD DE CS.JURIDICAS Y SOCIALES; UNIVERSIDAD NACIONAL DEL LITORAL. Mi trabajo profesional como investigadora y docente se desarroll\u00f3 siempre en torno a la ciencia jur\u00eddica, fundamentalmente en el \u00e1rea del Derecho Privado. Me he dedicado en especial a la investigaci\u00f3n de herramientas jur\u00eddicas para la protecci\u00f3n de la persona, en especial desde la perspectiva constitucional. Mi trabajo se vincula tambi\u00e9n con el Bioderecho porque trabajo con frecuencia los derechos personal\u00edsimos y la relaci\u00f3n jur\u00eddica m\u00e9dico-paciente. Asimismo trabajo los contratos en general y en especial los contratos de consumo y los vinculados al acceso a la vivienda.<\/p>\n<p><strong>Mg. Alejandro Chamatr\u00f3pulos<\/strong>.\u00a0Abogado (Universidad Nacional de Tucum\u00e1n), Magister en Derecho del Trabajo y Relaciones Laborales Internacionales, (Universidad Nacional de Tres de Febrero) -, Magister en Derecho Empresario (ESEADE), Doctorando en Derecho (Universidad de Buenos Aires), Profesor en grado (Universidad de Buenos Aires y Universidad Austral) y posgrado (Universidad de Buenos Aires, Universidad Austral, ESEADE, UCEMA, UCES, entre otras), Subdirector de la Maestr\u00eda en Derecho Empresario (ESEADE), Director de la Diplomatura Anual en Derecho del Consumidor y Defensa de la Competencia (ESEADE), Director del Programa de Actualizaci\u00f3n \u201cDerecho del Consumidor y Empresa\u201d, (Universidad Austral). Director del Observatorio Jurisprudencial del C\u00f3digo Civil y Comercial (Colegio de Abogados de San Isidro \u2013Buenos Aires-).<\/p>\n<p><strong> Mumare Fernando Carlos <\/strong>Abogado UNMDP (1988).- M\u00e1ster en Derecho Municipal UNMDP (1999).- Especializaci\u00f3n en Magistratura UNMDP (2006).- Doctor en Derecho UNMDP (2014). Secretario De Relaciones Institucionales De La Universidad Fasta (2010-Actualidad).- Juez Municipal de Faltas (2001-Actualidad).-<\/p>\n<p><strong><u>PROGRAMA TEMATICO<\/u><\/strong><\/p>\n<p><strong><em>Clase 1. 05 de Mayo a cargo de Noem\u00ed Nicolau <\/em><\/strong><\/p>\n<p>El Derecho del consumidor, en la Teor\u00eda general del Derecho<\/p>\n<p><strong><em>Clase 2. 19 de Mayo a cargo de Alejandro Chamatr\u00f3pulos <\/em><\/strong><\/p>\n<p>Derecho del consumidor y globalizaci\u00f3n. La empresa y la protecci\u00f3n del consumidor<\/p>\n<p><strong><em>Clase 3. 02 de Junio a cargo de Jos\u00e9 Sahi\u00e1n. <\/em><\/strong><\/p>\n<p>Constitucionalizaci\u00f3n del Derecho del Consumidor<\/p>\n<p><strong><em>Clase 4. 16 de Junio a cargo de Gabriel Stiglitz <\/em><\/strong><\/p>\n<p>Evoluci\u00f3n del Derecho del Consumidor en Argentina. C\u00f3digo Civil y Comercial de la Naci\u00f3n. Di\u00e1logo de fuentes.<\/p>\n<p><strong><em>Clase 5. 25 de Agosto a cargo de Gonzalo Sozzo. <\/em><\/strong><\/p>\n<p>Sistema del Derecho del Consumidor. Proyectos de codificaci\u00f3n. Principios generales. Acceso al consumo de bienes y servicios. Consumo sustentable.<\/p>\n<p><strong><em>Clase 6. 08 de Septiembre a cargo de Federico Ossola<\/em><\/strong><\/p>\n<p>Orden p\u00fablico de protecci\u00f3n. Irrenunciabilidad de derechos<\/p>\n<p><strong><em>Clase 7. 22 de Septiembre a cargo de Gabriel Stiglitz<\/em><\/strong>.<\/p>\n<p>Derechos del consumidor. Reconocimiento internacional y en la Constituci\u00f3n Nacional.<\/p>\n<p><strong><em>Clase 8. 20 de Octubre a cargo de Fernando Mumare. <\/em><\/strong><\/p>\n<p>Derechos del consumidor, derechos humanos y derechos fundamentales.<\/p>\n<p><strong><em>Clase 9.03 de Noviembre a cargo de Mar\u00eda Constanza Garzino. <\/em><\/strong><\/p>\n<p>La relaci\u00f3n de consumo. Categor\u00eda jur\u00eddica de consumidor. Proveedor y profesionales.<\/p>\n<p><strong><u>TOTAL DE HORAS <\/u><\/strong><\/p>\n<p>El curso est\u00e1 conformado 36 horas.- Otorga 3 UVACs<\/p>\n<h2><strong>ACTUALIDAD EN DERECHO DE LA SALUD + WORKSHOP INTERNACIONAL.<\/strong><\/h2>\n<p><strong>COORDINACI\u00d3N ACAD\u00c9MICA:\u00a0<\/strong>Marisa Aizenberg &#8211; Ana In\u00e9s Diaz<\/p>\n<p><strong>METODOLOG\u00cdA:<\/strong>\u00a0El curso se dictar\u00e1 los d\u00edas jueves en el horario de 16.00 a 20.00 hs. (salvo\u00a0mi\u00e9rcoles 28\/4\/21) a trav\u00e9s de la plataforma Zoom. Las clases ser\u00e1n las siguientes: 8,\u00a015, 22 y 28 de abril, 6, 13, 20 y 27 de mayo, 3, 10 y 17 de junio de 2021.<\/p>\n<p><strong>TOTAL DE HORAS:\u00a0<\/strong>El curso cuenta con un total de 44 (cuarenta y cuatro) horas c\u00e1tedra. Otorga 3.5 UVACs.<\/p>\n<p><strong>CONSULTAS E INSCRIPCI\u00d3N:\u00a0<\/strong>Secretar\u00eda de Posgrado de la Facultad de Derecho de la Universidad Nacional de Mar<br \/>\ndel Plata \u2013 Email: posgradoderechounmdp@gmail.com \u2013<\/p>\n<p><strong>PROGRAMA TEM\u00c1TICO<\/strong><\/p>\n<p><strong>Modulo I: Los cambios tecnol\u00f3gicos. Salud digital. (12 horas)<\/strong><br \/>\nDocentes a cargo: Marisa Aizenberg \u2013 Federico \u00c1lvarez Larrondo\u2013Ana In\u00e9s Diaz &#8211; Fredi\u00a0Vivas<\/p>\n<p><strong>Primera clase:<\/strong> Jueves 8 de abril<br \/>\n16 a 19hs.:El ABC de la Salud digital.Influencia<br \/>\nde los avances tecnol\u00f3gicos en la problem\u00e1tica de la salud. Telesalud. Aplicaciones\u00a0m\u00f3viles de salud. Historia cl\u00ednica electr\u00f3nica. Receta electr\u00f3nica. Repensando\u00a0categor\u00edas jur\u00eddicas y normatividades.Esp. Marisa Aizenberg.<br \/>\n19 a 20 hs.:Workshop Telemedicina. Esp. Marisa Aizenberg.<\/p>\n<p><strong>Segunda clase:<\/strong> Jueves 15 de abril<br \/>\n16 a 18hs.:C\u00f3mo proteger los datos\u00a0personales en salud. Invasi\u00f3n a la privacidad y nuevas formas de protecci\u00f3n. Qu\u00e9\u00a0debe protegerse y cu\u00e1les son los instrumentos. Pol\u00edticas de tratamiento del dato en\u00a0salud. La huella digital. Principios jur\u00eddicos. An\u00e1lisis de normatividades nacionales e instrumentos internacionales. Recorrido por la jurisprudencia comparada. Esp. Ana In\u00e9s Diaz.<br \/>\n18 a 20 hs.:La ciencia de datos contada en primera persona. Casos de \u00e9xitos de\u00a0Ciencia de Datos y Salud. Ing. Fredi Vivas.<\/p>\n<p><strong>Tercera clase:<\/strong> Jueves 22 de abril<br \/>\n16 a 20 hs.: Nuevos da\u00f1os por el uso de\u00a0tecnolog\u00edas en salud y responsabilidades emergentes. An\u00e1lisis de los presupuestos y\u00a0legitimaci\u00f3n. C\u00f3mo probar los hechos en la era digital. El uso de la Inteligencia\u00a0Artificial: sus beneficios y riesgos. Apps de salud y datos personales. Dr. Federico\u00a0Alvarez Larrondo.<\/p>\n<p><strong>M\u00f3dulo II: Evidencia cient\u00edfica. Cuestiones bio\u00e9ticas. Regulaci\u00f3n jur\u00eddica del\u00a0<\/strong><strong>medicamento. La publicidad y comunicaci\u00f3n en salud. (8 horas)<\/strong><br \/>\nDocente a cargo: Andr\u00e9sBrandolini\u2013Mario Bruno &#8211; Marcos Ibarra \u2013Juan Carlos Tealdi<\/p>\n<p><strong>Cuarta clase:<\/strong> Mi\u00e9rcoles 28 de abril<br \/>\n16 a 18 hs.:Evidencia cient\u00edfica y cuestiones\u00a0bio\u00e9ticas en pandemia. Los debates bio\u00e9ticos que reabri\u00f3 la pandemia. Irrupci\u00f3n de\u00a0vacunas, di\u00f3xido de cloro, plasma, y otros tratamientos. Dr. Juan Carlos Tealdi.<br \/>\n18 a 20 hs.:La regulaci\u00f3n del medicamento en nuestro pa\u00eds. La prescripci\u00f3n por\u00a0denominaci\u00f3n gen\u00e9rica. Las funciones de la autoridad regulatoria. Agencias\u00a0Internacionales. Las patolog\u00edas cr\u00f3nicas y las leyes especiales. Medicamentos\u00a0espec\u00edficos. Los medicamentos de alto costo: gesti\u00f3n y financiamiento. El uso\u00a0compasivo y fuera de prospecto. Mag. Andr\u00e9s Brandolini.<\/p>\n<p><strong>Quinta clase:<\/strong> Jueves 6 de mayo<br \/>\n16 a 18 hs.:Publicidad y promoci\u00f3n de\u00a0medicamentos como garant\u00eda del derecho a la informaci\u00f3n de los pacientes. La\u00a0publicidad en Internet.\u00a0Comunicaci\u00f3n en salud. El caso de las vacunas Covid-19 y las\u00a0fakenews. Esp. Marcos Ibarra.<br \/>\n18 a 20 hs.:Workshop: C\u00f3mo comunicar noticias en salud. Dr. Mario Bruno.<\/p>\n<p><strong>M\u00f3dulo III: Los desaf\u00edos de la salud en la post-pandemia. Discapacidad. Salud\u00a0<\/strong><strong>Mental. G\u00e9nero y Salud. (12 horas)<\/strong><br \/>\nDocentes a cargo: Graciela Iglesias \u2013 Eleonora Lamm &#8211; Agustina Palacios<\/p>\n<p><strong>Sexta clase:<\/strong> Jueves 13 de mayo<br \/>\n16 a 20 hs.: La discapacidad como cuesti\u00f3n de\u00a0derechos humanos. Modelos de tratamiento y abordaje. Perspectiva de discapacidad\u00a0y enfoque de derechos humanos. Principales normas de derecho internacional y\u00a0nacional.\u00a0Autonom\u00eda personal.\u00a0Judicializaci\u00f3n de prestaciones de atenci\u00f3n de la salud\u00a0en discapacidad. Jurisprudencia. Prospectiva post-pandemia. Workshop: Encuadre\u00a0del caso.\u00a0Dra. Agustina Palacios.<\/p>\n<p><strong>S\u00e9ptima clase:<\/strong> Jueves 20 de mayo<br \/>\n16 a 20 hs.:Las modificaciones introducidas\u00a0en la ley de salud mental, estado de situaci\u00f3n al 2021. Internaci\u00f3n. Apoyos.\u00a0Regulaci\u00f3n. C\u00f3digo Civil y Comercial. Est\u00e1ndares\u00a0internacionales. Jurisprudencia. Prospectiva post-pandemia. Workshop: Encuadre del\u00a0caso. Esp. Graciela Iglesias.<\/p>\n<p><strong>Octava clase:<\/strong> Jueves 27 de mayo<br \/>\n16 a 20 hs.:Las cuestiones de g\u00e9nero en el<br \/>\nsistema de salud. Derechos sexuales y reproductivos. Nuevas normatividades. Ley de\u00a0Parto humanizado. Ley Micaela. Ley de atenci\u00f3n y cuidado integral de la salud\u00a0durante el embarazo y la primera infancia. Ley de acceso a la interrupci\u00f3n voluntaria\u00a0del embarazo. Dra. Eleonora Lamm.<\/p>\n<p><strong>M\u00f3dulo IV: Ciudadan\u00eda sanitaria y acceso a la salud. (12 horas)<\/strong><br \/>\nDocentes a cargo: Marisa Aizenberg\u2013Miguel AngelCiuroCaldani &#8211; Ana In\u00e9s Diaz \u2013\u00a0Walter Pelle \u2013 Alicia Yamin<\/p>\n<p><strong>Novena clase:<\/strong> Jueves 3 de junio<br \/>\n16 a 20 hs.: Ciudadan\u00eda sanitaria para el nuevo\u00a0modelo de paciente. Pensando los nuevos derechos. El rol de las asociaciones y su\u00a0incidencia en la formaci\u00f3n de leyes sanitarias. Los cuidados en salud: cuidados\u00a0paliativos.\u00a0Esp. Marisa Aizenberg.<\/p>\n<p><strong>D\u00e9cima clase:<\/strong> Jueves 10 de junio<br \/>\n16 a 18 hs.:Acceso a la atenci\u00f3n sanitaria.\u00a0Judicializaci\u00f3n y desjudicializaci\u00f3n del derecho a la salud.\u00a0Encuadre del caso. El\u00a0proceso de amparo en materia de salud. Esp. Ana In\u00e9s Diaz.<br \/>\n18 a 20 hs.Revisi\u00f3n de jurisprudencia en contexto de pandemia.Dr. Walter<br \/>\nPelle.<\/p>\n<p><strong>Und\u00e9cima clase:<\/strong> Jueves 17 de junio<br \/>\n16 a 18 hs.: Workshop: La intervenci\u00f3n\u00a0temprana como una oportunidad para evitar la judicializaci\u00f3n no deseada.\u00a0Esp. Ana\u00a0In\u00e9s Diaz.<br \/>\n5. 18 a 19 hs.:Workshop internacional: El rol de los tribunales en materia de salud.\u00a0Prof. Alicia Ely Yamin.<br \/>\n6. 19 a 20 hs.:Conferencia de cierre: El principio de la dignidad humana en la post-\u00a0pandemia. Dr. Miguel Angel Ciuro Caldani.<\/p>\n<p><strong>CUERPO DOCENTE<\/strong><\/p>\n<p>Esp. Marisa Aizenberg: Abogada (UBA), docente en universidades nacionales y<br \/>\nextranjeras, investigadora y consultora en Derecho de la Salud. Maestranda en Salud\u00a0P\u00fablica y Doctoranda en Derecho (UBA). Especialista en Derecho Civil en la Universidad\u00a0de Salamanca (Espa\u00f1a). Graduada en Conducci\u00f3n yGesti\u00f3n de Hospitales. Diplomada\u00a0en Derecho de la Saludpor la Escuela de la Procuraci\u00f3n del Tesoro de la Naci\u00f3n. Directora Acad\u00e9mica del Observatorio de la Salud de la Facultad de Derecho.\u00a0Directora del Seminario Permanente de Investigaciones en Derecho y Salud, Instituto de Investigaciones Jur\u00eddicas y Sociales \u201cAmbrosio L. Gioja\u201d (UBA CONICET). Titular de la\u00a0Oficina de Estudios, Acreditaci\u00f3n y Certificaci\u00f3n en Salud Digital (OASAD Facultad de\u00a0Derecho UBA). Directora el Programa de Salud Digital y del Programa de Actualizaci\u00f3n\u00a0y Profundizaci\u00f3n en Derecho de la Salud &#8211; Facultad de Derecho UBA.\u00a0Coordinadora de\u00a0la Red de Cuidados, Derechos y Decisiones al final de la vida (CONICET). Consultora\u00a0externa en organismos internacionales vinculados a la transformaci\u00f3n digital en salud. Autora en libros y art\u00edculos en revistas jur\u00eddicas especializadas.<\/p>\n<p>Dr. Federico \u00c1lvarez Larrondo: Doctor en Derecho.\u00a0Docente a cargo de la\u00a0C\u00e1tedra &#8220;Inteligencia Artificial, Tecnolog\u00eda y Derecho&#8221; UNMdP. Docente Titular de la\u00a0C\u00e1tedra Derecho Artificial; Univ. Atl\u00e1ntida Argentina. Docente Titular de la C\u00e1tedra &#8220;Derecho del Consumidor&#8221;; UFASTA. Docente Adjunto de la C\u00e1tedra &#8220;Derecho\u00a0Asociativo&#8221; UNMdP.\u00a0Docente invitado en Universidades Nacionales y Extranjeras. Ex\u00a0Presidente y Juez arbitral del Tribunal Arbitral de Justicia con sede en el Colegio de\u00a0Abogados de Mar del Plata. Ex Director General de Defensa del Consumidor de General\u00a0Pueyrred\u00f3n.<\/p>\n<p>Mg. Andr\u00e9s Brandolini Abogado. Orientaci\u00f3n en Derecho Privado\u00a0(Diploma de\u00a0Honor UBA). Farmac\u00e9utico (Diploma de Honor UBA). Profesor Universitario en Ciencias\u00a0Jur\u00eddicas (Diploma de Honor UBA). Mag\u00edster en Salud P\u00fablica (UBA). Agente de la\u00a0Propiedad Industrial (INPI). Responsable del \u00c1rea R\u00e9gimen Jur\u00eddico del Medicamento del Observatorio de Salud de la Facultad de Derecho de la UBA. Responsable del\u00a0Departamento de Farmacovigilancia y Gesti\u00f3n de Riesgo de la ANMAT.<\/p>\n<p>Dr. Mario F\u00e9lix Bruno: Doctor en Medicina- Especialista en Oncolog\u00eda.\u00a0Presidente de la Sociedad Argentina de Cancerologia (1990\/91-2018\/19). Presidente\u00a0de la Sociedad Argentina de Periodismo M\u00e9dico (2018\/19). Presidente del Comit\u00e9 de\u00a0Cuidaos Paliativos de la Asociaci\u00f3n M\u00e9dica Argentina (2020\/21). Presidente del Comit\u00e9\u00a0Anti-Tabaco de la Asociaci\u00f3n M\u00e9dica Argentina (2020\/21). Vicepresidente de la Uni\u00f3n\u00a0Antitab\u00e1quica Argentina (UATA) desde 2010. Profesor de la Escuela de Graduados de la\u00a0Asociaci\u00f3n M\u00e9dica Argentina. Director del Curso de Posgrado de Periodismo M\u00e9dico.\u00a0SAPEM-AMA desde el 2005. Director del Curso de Posgrado de Cancerolog\u00eda SAC-AMA,\u00a0desde el 2013. Director del Curso de Posgrado de Cuidados Paliativos CCPP-AMA\u00a0(2020\/21). Miembro titular de la European Society for Medical Oncology (ESMO).\u00a0Miembro Em\u00e9rito de la American Society Clinical Oncology (ASCO). Primer Presidente\u00a0de la Federaci\u00f3n de Sociedades de Cancerolog\u00eda de Am\u00e9rica del Sur.<\/p>\n<p>Dr. Miguel \u00c1ngel Ciuro Caldani: Dr. en Ciencias Jur\u00eddicas y Sociales. Dr. En\u00a0Ciencias Pol\u00edticas y Diplom\u00e1ticas. Abogado. Lic. en Ciencias Pol\u00edticas y Diplom\u00e1ticas. Dr.\u00a0honoris causa por la Universidad Nacional del Centro de la Provincia de Buenos Aires.\u00a0Dr. honoris causa por la Universidad del Centro Educativo Latinoamericano. Profesor\u00a0em\u00e9rito de la Universidad de Buenos Aires (UBA). Profesor titular contratado de\u00a0Filosof\u00eda del Derecho de la Facultad de Derecho de la Universidad Nacional de Rosario\u00a0(UNR). Ex investigador principal del Consejo Nacional de Investigaciones Cient\u00edficas y\u00a0T\u00e9cnicas (jubilado) Categor\u00eda I en el Programa de Incentivos a Docentes Investigadores.<br \/>\nPremios Konex 2006 y 2016.<\/p>\n<p>Esp. Ana In\u00e9s Diaz: Abogada y Mediadora (UNMdP). Especialista en Salud\u00a0P\u00fablica y Gesti\u00f3n de Servicios de Salud (Ministerio de Salud de la provincia de Buenos\u00a0Aires). Diplomada en Pol\u00edticas de Salud Mental y Derechos Humanos (UNMdP).\u00a0Doctoranda en Derecho UNMdP. Directora del Instituto de Derecho de la Salud del\u00a0CAMdP. Coordinadora del \u00c1rea Salud del Observatorio Jur\u00eddico \u201cMar\u00eda Ang\u00e9lica\u00a0Barreda\u201d de la Facultad de Derecho UNMdP. Integrante de la Oficina de Estudios,\u00a0Acreditaci\u00f3n y Certificaci\u00f3n en Salud Digital (OASAD Facultad de Derecho UBA).\u00a0Esp. Marcos Ibarra: Abogado. Maestrando en Pol\u00edticas Sociales en la\u00a0Universidad Nacional de San Juan en etapa de Tesis. Especializaci\u00f3n en Gesti\u00f3n P\u00fablica\u00a0Local avanzada, Instituto de Ciencias de la Administraci\u00f3n (ICDA) de la Universidad\u00a0Cat\u00f3lica de C\u00f3rdoba. Especializaci\u00f3n en Seguridad Social Internacional, Organizaci\u00f3n\u00a0Internacional de Seguridad Social (OISS) y el Centro Interamericano de Seguridad Social\u00a0(CIESS) con sede en M\u00e9xico. Director del Instituto de Derecho de la Salud del Foro de\u00a0Abogados de San Juan.<\/p>\n<p>Esp. Graciela Iglesias: Abogada &#8211; UNMdP (1991). Posgrado interdisciplinario en\u00a0Derecho de Familia \u2013 UNLP (1993). Especialista en Derecho de Familia (1998-1999).\u00a0Mediadora familiar (1995). Especializaci\u00f3n en Derechos Humanos (1999). Secretaria\u00a0Ejecutiva del \u00d3rgano de Revisi\u00f3n Nacional Ley 26.557 (2013 a la fecha). Juez del\u00a0Tribunal de familia N\u00ba1 del Departamento Judicial Mar del Plata (abril de 2002\/marzo\u00a0de 2013). Juez del Juzgado de Familia N\u00ba 2 de Primaria Instancia del Departamento\u00a0Judicial Mar del Plata (marzo de 2013\/agosto de 2013). Docente en universidades nacionales y extranjeras.<\/p>\n<p>Dra.Eleonora Lamm: Doctora en Derecho por la Universidad de Barcelona (UB).\u00a0Calificaci\u00f3n sobresaliente cum laude. M\u00e1ster en Bio\u00e9tica y Derecho por la Universidad\u00a0de Barcelona. M\u00e1ster en Derecho de Familia por la Universidad de Barcelona.\u00a0Subdirectora de Derechos Humanos de la Suprema Corte de Justicia de Mendoza.\u00a0Consultora de Bio\u00e9tica de la UNESCO. Consultora de ONU Mujeres. Directora de la\u00a0Diplomatura en perspectiva de g\u00e9nero y bio\u00e9tica aplicada de la Universidad\u00a0Champagnat. Consultora de Bio\u00e9tica y Derecho, Universidad Abierta de Catalu\u00f1a.\u00a0Consultora del Programa de Formaci\u00f3n permanente en Bio\u00e9tica de la UNESCO.\u00a0Coordinadora del Doctorado de Derecho de familia, Universidad de Mendoza.\u00a0Directora de la Diplomatura en Violencias de g\u00e9nero, Universidad Nacional de Cuyo.\u00a0Tutora del Master de Bio\u00e9tica y Derecho, Universidad de Barcelona. Miembro del\u00a0Comit\u00e9 Nacional de \u00e9tica en la ciencia y la tecnolog\u00eda. Miembro de la Academia\u00a0Nacional de Derecho y Ciencias Sociales de C\u00f3rdoba Coordinadora del Grupo sobre\u00a0final de la vida del CONICET, Argentina. Particip\u00f3 en la comisi\u00f3n de reforma del nuevo\u00a0C\u00f3digo Civil y comercial de Argentina. Convocada para intervenir en calidad de JUEZA\u00a0en el Tribunal Internacional Monsanto. La Haya, Holanda. Experta invitada a participar\u00a0en comit\u00e9 de revisi\u00f3n y actualizaci\u00f3n de los Principios de Yogyakarta. Trabaj\u00f3 como\u00a0consultora de Naciones Unidas en la OIT en materia de discapacidad. Autora de 4 libros\u00a0y tiene mas de 140 art\u00edculos y publicaciones en libros y revistas cient\u00edficas en\u00a0diferentes pa\u00edses como Francia, Reino Unido, Espa\u00f1a, Colombia, Brasil, Uruguay, Italia,\u00a0etc.<\/p>\n<p>Dra. Agustina Palacios: Abogada. Doctora en Derecho. Investigadora Adjunta\u00a0de CONICET, Centro de Investigaci\u00f3n y Docencia en Derechos Humanos \u201cAlicia Moreau\u201d, Facultad de Derecho, Universidad Nacional de Mar del Plata. Relatora\u00a0Argentina de la Red Iberoamericana de Expertas\/os en la Convenci\u00f3n Internacional\u00a0sobre los Derechos de las Personas con Discapacidad.<\/p>\n<p>Dr. Walter Pelle: Abogado. Doctor en Derecho de la UNMDP. Especialista en\u00a0Bio\u00e9tica, M\u00e1ster en Derecho Ambiental, Especialista en Docencia Universitaria,\u00a0Docente de Grado y Posgrado de la Facultad de Derecho de la UNMDP. Investigador\u00a0categorizado de la UNMDP. Actualmente se desempe\u00f1a como Secretario de la C\u00e1mara\u00a0Federal del Mar del Plata.<\/p>\n<p>Esp.Juan Carlos Tealdi: M\u00e9dico por la Universidad Nacional de La Plata,\u00a0Licenciado en Medicina y Cirug\u00eda por la Universidad de Salamanca y M\u00e9dico\u00a0Especialista en Medicina del Trabajo por la Universidad de Oviedo. Especialista en\u00a0Bio\u00e9tica en centros acad\u00e9micos de los Estados Unidos (1989-1992). Director del\u00a0Comit\u00e9 de \u00c9tica y Programa de Bio\u00e9tica del Hospital de Cl\u00ednicas de la Universidad de\u00a0Buenos Aires; y Asesor en Bio\u00e9tica en la Fundaci\u00f3n FEMEBA y en el Centro de\u00a0Educaci\u00f3n M\u00e9dica e Investigaciones Cl\u00ednicas \u2018Norberto Quirno (CEMIC). Experto\u00a0gubernamental por Argentina en los trabajos de preparaci\u00f3n de la Declaraci\u00f3n\u00a0Universal sobre Bio\u00e9tica y Derechos Humanos de la UNESCO (2005). Autor de los libros\u00a0Diccionario Latinoamericano de Bio\u00e9tica \u2013Director- (Bogot\u00e1, UNESCO-Universidad\u00a0Nacional de Colombia, 2008) y Bio\u00e9tica de los Derechos Humanos. Investigaciones\u00a0Biom\u00e9dicas y Dignidad Humana (Ciudad de M\u00e9xico, Instituto de Investigaciones\u00a0Jur\u00eddicas, UNAM 2008). Fundador 1990- y Director hasta 1999 de la Escuela\u00a0Latinoamericana de Bio\u00e9tica -Fundaci\u00f3n Mainetti- Centro Colaborador en Bio\u00e9tica de\u00a0la OMS.<\/p>\n<p>Esp. Fredi David Vivas: Ingeniero en Sistemas Informaticos (UAI). CEO de\u00a0RockingData. Alumni de Singularity University (NASA + GOOGLE). Profesor en\u00a0Disciplinas Industriales. Universidad Tecnol\u00f3gica Nacional. Especialista en Big Data,\u00a0SynergicPartners (Espa\u00f1a). Coordinador acad\u00e9mico programa Big Data de la\u00a0Universidad de San Andr\u00e9s.<\/p>\n<p>Abg. Alicia Ely Yamin: egresada de la Escuela de Derecho y de la Escuela de\u00a0Salud P\u00fablica de la Facultad de Derecho de Harvard. Profesora de derecho e\u00a0investigadora principal en el Centro Petrie-Flom de Pol\u00edticas de Derecho de la Salud,\u00a0Biotecnolog\u00eda y Bio\u00e9tica en la Facultad de Derecho de Harvard; y Asesor Principal de\u00a0Derechos Humanos en la organizaci\u00f3n mundial de justicia sanitaria, Partners in Health.\u00a0Directora de Investigaci\u00f3n de la Unidad de G\u00e9nero, Sexualidad y Derecho en el Centro\u00a0de Derecho y Transformaci\u00f3n Social (Bergen, Noruega). Cargo adjunto en la Escuela de\u00a0Salud P\u00fablica TH Chan de Harvard. Profesora afiliada del Departamento de Salud\u00a0Global y Medicina Social de la Escuela de Medicina de Harvard. Experta internacional\u00a0en Salud Global para el Panel de Responsabilidad Independiente (IAP) para la\u00a0Estrategia Global sobre la Salud de Mujeres, Ni\u00f1os y Adolescentes en los Objetivos de\u00a0Desarrollo Sostenible (ODS). Integrante del Grupo Asesor T\u00e9cnico de la OMS sobre\u00a0Evaluaciones de Tecnolog\u00edas Sanitarias, as\u00ed como de la Comisi\u00f3n Lancet sobre Salud del\u00a0\u00c1rtico y del Grupo de Trabajo de Expertos sobre Inversi\u00f3n P\u00fablica Global. Experta\u00a0Independiente sobre la implementaci\u00f3n del T 760\/08, Corte Constitucional de\u00a0Colombia (2011). Regularmente brinda testimonio y orientaci\u00f3n a tribunales y \u00f3rganos\u00a0legislativos de todo el mundo, en relaci\u00f3n con la aplicaci\u00f3n del derecho internacional y\u00a0constitucional a las cuestiones de salud.<\/p>\n<h2><strong>Jurisprudencia relevante de la CSJN en materia de Derecho Tributario<\/strong><\/h2>\n<p><strong>Disertante<\/strong>: Dr. Gustavo NAVEIRA DE CASANOVA.\u00a0<em>Secretario General de la CSJN a cargo de la Secretar\u00eda Judicial N\u00b0 7 (Derecho Tributario). Doctor en Derecho (Universidad de Salamanca)<\/em><\/p>\n<p><strong>FECHAS<\/strong><\/p>\n<p>Viernes 7 de mayo de 16:00 a 18:00 hs. S\u00e1bado 8 de mayo de 9:00 a 11.00 hs. Viernes 14 de mayo de 16:00 a 18:00 hs. S\u00e1bado 15 de mayo de 9:00 a 11:00 hs.<\/p>\n<p><strong>Modalidad de Cursada:\u00a0<\/strong>Virtual a trav\u00e9s de plataforma ZOOM.<\/p>\n<p><strong>Carga Horaria:\u00a0<\/strong>8 horas te\u00f3ricas. Otorga 0,50 UVACS.<\/p>\n<p><strong>Arancel:\u00a0<\/strong>Pesos Dos Mil Quinientos ($ 2.500).<\/p>\n<p><strong>Consultas e Inscripci\u00f3n al correo electr\u00f3nico: <\/strong>postgradoderechounmdp@gmail.com<\/p>\n<h2><strong>Diplomatura en Derecho Procesal Penal<\/strong><\/h2>\n<p><strong>PROGRAMA TEM\u00c1TICO<\/strong><\/p>\n<p>8 y 9 de Abril:\u00a0\u00b7 El proceso penal acusatorio y su evoluci\u00f3n \u00b7 Nuevo C\u00f3digo Procesal Penal Federal<\/p>\n<p>29 y 30 de Abril:\u00a0El m\u00e9todo adversarial en los nuevos procesos penales<\/p>\n<p>6 y 7 de Mayo:\u00a0Teor\u00eda de las formas procesales. Proceso de conocimiento. Condiciones de verificaci\u00f3n. . Litigaci\u00f3n Estrat\u00e9gica.<\/p>\n<p>20 y 21 de Mayo.:\u00a0Teor\u00eda del caso. Litigaci\u00f3n como examen directo. Objeciones. Uso de declaraciones previas. \u00b7 Incorporaci\u00f3n de evidencia material<\/p>\n<p>3 y 4 de Junio:\u00a0Teor\u00eda del caso y uso efectivo del lenguaje. Examen y contraexamen de testigos.<\/p>\n<p>10 y 11 de Junio:\u00a0Proceso penal adversarial: Investigaci\u00f3n y Juicio<\/p>\n<p>24 y 25 de junio: Juicio por jurados<\/p>\n<p>1 y 2 de julio:\u00a0Medios de impugnaci\u00f3n en el proceso penal<\/p>\n<p>4 y 5 de Agosto:\u00a0Medidas de coerci\u00f3n: Modelos te\u00f3ricos sobre la PP: Teor\u00eda General sobre las medidas de Coerci\u00f3n; Sist. de Naciones Unidas y Sist. Interamericano; La PP en el nuevo Cod. Proc. Penal Federal.<\/p>\n<p>19 y 20 de Agosto:\u00a0Proceso Penal y evidencia digital<\/p>\n<p>26 y 27 de Agosto. Proceso Penal y Garant\u00edas Constitucionales.<\/p>\n<p><strong>MODALIDAD DE CURSADA:\u00a0<\/strong>Online a trav\u00e9s de plataforma Zoom, d\u00edas jueves y viernes de clases de 16 a 20hs.<\/p>\n<p><strong>INFORMES E INSCRIPCI\u00d3N<\/strong> posgrado.der@gmail.com<\/p>\n<p><strong>CUERPO DOCENTE<\/strong><\/p>\n<p>Dr. Alberto BINDER (UBA)\u00a0<em>Abogado. Doctor en Derecho (UBA).\u00a0Presidente del Instituto Latinoamericano de Seguridad y Democracia (ILSED), director del Centro de Pol\u00edticas P\u00fablicas para el Socialismo (CEPPAS) y vicepresidente del Instituto de Estudios Comparados en Ciencias Penales y Sociales (INECIP).<\/em><\/p>\n<p>Dr. Roberto A. FALCONE (UNMDP)\u00a0<em>Abogado. Doctor en Derecho (UNMDP). Prof. Titular Derecho Procesal Penal, Facultad de Derecho, UNMDP. Juez del TOF Federal N\u00b0 1 de Mar del Plata.<\/em><\/p>\n<p>Dr. Andr\u00e9s HARFUCH (UBA)\u00a0<em>Abogado. Doctor en Derecho y Ciencias Sociales (UBA). Docente de Derecho Penal, Procesal Penal y Criminolog\u00eda en la Facultad de Derecho de Buenos Aires. Defensor General de San Martin, provincia de Buenos Aires.<\/em><\/p>\n<p>Especialista Leticia LORENZO (INECIP) <em>Abogada. Especialista en Derecho Penal por la Universidad Nacional de Buenos Aires<\/em>.<\/p>\n<p>Especialista Alfredo P\u00c9REZ GALIMBERTI (INECIP UNPatagonia &#8220;San Juan Bosco) <em>Abogado. Especialista en Derecho Penal y Ciencias Penales\u00a0<\/em><em>por la Universidad Nacional de la Patagonia &#8220;San Juan Bosco&#8221;. Ex Defensor General Alterno del Ministerio P\u00fablico de la Defensa de la Provincia de Chubut<\/em>.<\/p>\n<p>Especialista Gonzalo RUA (UBA)\u00a0<em>Abogado. Especialista en Derecho Penal por la Universidad de Palermo. Consejero del Consejo de la Magistratura de CABA. Juez del fuero Penal Juvenil Contravencional y de Faltas.<\/em><\/p>\n<p>Dr. Maximiliano RUSCONI (UBA)\u00a0<em>Abogado. Doctor en Derecho (UBA).\u00a0<\/em><em>Prof. Titular Elemento de Derecho Penal y Derecho Procesal Penal, Facultad de Derecho, UBA.<\/em><\/p>\n<p>Dr. Marcos SALT (UBA)\u00a0<em>Abogado. Doctor en Derecho y Ciencias Sociales (Universidad Nacional de C\u00f3rdoba). Profesor de Derecho Penal y Procesal Penal de la Facultad de Derecho de la Universidad de Buenos Aires.<\/em><\/p>\n<p>Dr. Eugenio C. SARRABAYROUSE (UBA)\u00a0<em>Abogado. Doctor en Derecho (UBA)\u00a0Actualmente se desempe\u00f1a como Juez de la C\u00e1mara\u00a0Nacional de Casaci\u00f3n Penal.\u00a0Juez de la C\u00e1mara.\u00a0Prof. Titular Elemento de Derecho Penal y Derecho Procesal Penal, Facultad de Derecho, UBA.<\/em><\/p>\n<p>Prof. Marcelo SOLIMINE (UBA) <em>Abogado (UBA).\u00a0Fiscal a cargo de la Fiscal\u00eda de Instrucci\u00f3n N\u00b0 47 de la ciudad de Buenos Aires. Profesor de Posgrado en la carrera de Especializaci\u00f3n en\u00a0<\/em><em>Derecho penal de la Facultad d<\/em>e Derecho de la UBA.<\/p>\n<h2><strong>Actualizaci\u00f3n en Derecho Procesal de Familias II e Interdisciplina I<\/strong><\/h2>\n<p><strong>PROGRAMA TEM\u00c1TICO<\/strong><\/p>\n<p>Clase 1 y 2 (7 y 14 de abril)<\/p>\n<p>Esp. Silvia Guahnon<\/p>\n<p>1. Los conflictos familiares y el Derecho Procesal de\u00a0Familias.<\/p>\n<p>2. Los procesos de familias y sus principios\u00a0generales.<\/p>\n<p>Procesos de Familia. Concepto. Caracteres. Su inclusi\u00f3n en\u00a0el C\u00f3digo Civil y Comercial de la Naci\u00f3n. Oficiosidad. Oralidad. Inmediaci\u00f3n y conciliaci\u00f3n. Reserva e intimidad. Tutela judicial efectiva. Buena fe y lealtad procesal. Cooperaci\u00f3n interdisciplinaria. Principios relativos a la\u00a0prueba.<\/p>\n<p>Clase 3, 4 y 5 (21, 28 de abril y 05 de mayo)<\/p>\n<p>Esp. Patricia Bermejo<\/p>\n<p>1. Competencia 2. Etapa Previa<\/p>\n<p>3. Audiencia Preliminar en el Proceso de Familia.<\/p>\n<p>Clase 6 (19 de mayo)<\/p>\n<p>Mag. Martin Setzter<\/p>\n<p>Medidas Cautelares en general. Presupuestos. Oportunidad. Fundamento. Efectividad.<\/p>\n<p>Clase 7 (02 de junio) Dra. Silvana Ballarin<\/p>\n<p>La ejecuci\u00f3n y el cumplimiento de las decisiones\u00a0judiciales.<\/p>\n<p>Clase 8 (16 de junio)<\/p>\n<p>Abog. Adriana Rotonda Medidas frente al incumplimiento alimentario.<\/p>\n<p>Clase 9 (30 de junio)<\/p>\n<p>Abog. Clara Alejandra Obligado<\/p>\n<p>Representaci\u00f3n Participaci\u00f3n del ni\u00f1o, ni\u00f1a o adolescente en el proceso judicial o administrativo.<\/p>\n<p><strong>ARANCEL:<\/strong>\u00a0Pesos diez mil $10.000.<\/p>\n<p><strong>Inscripciones y\/o informes al correo electr\u00f3nico:<\/strong> posgrado.der@gmail.com<\/p>\n<p><strong>CUERPO DOCENTE<\/strong><\/p>\n<p>Dra. SILVANA BALLARIN. Doctora en Ciencias Juridicas por UNLP. Profesora Consulta UNMDP. Investigadora. Docente Universitaria de Grado y Posgrado (UNMDP, UCA, UFASTA) Evaluadora CONEAU. Juez de Familia (2000-2015).<\/p>\n<p>Esp. SILVIA GUAHNON. Abogada (UBA). <em>Ex Jueza Nacional en lo Civil, con competencia exclusiva en asuntos de familia. Abogada Especialista para la Magistratura, Profesora Adjunta Regular &#8220;Elementos de Derecho Procesal&#8221;, UBA, Profesora Titular Derecho Procesal de Familia en la UCA y en la UCS.<\/em><\/p>\n<p>Esp. PATRICIA BERMEJO. <em>Especialista en Derecho Procesal y Civil (UNL). Juez de la C\u00e1mara Nacional en lo Civil y Comercial en la Provincia de Buenos Aires en La Plata, Profesora Titular de Derecho Procesal de la UNLP.<\/em><\/p>\n<p>MART\u00cdN SETZTER. <em>Abogado (UBA). Magister en Derecho Civil Patrimonial (UCA). Profesor Adjunto en Derecho Procesal Civil de la Facultad de Derecho de la UBA y Profesor titular de posgrado Universidad Abierta Iberoamericana (UAI).<\/em><\/p>\n<p>Abg. ALEJANDRA OBLIGADO. Abogada.- <em>Juez de\u00a0Familia &#8211; Titular del Juzgado Nro. 5 de Familia de Mar del Plata, Provincia de Buenos Aires.- Profesora titular de Sucesiones, Profesora titular asociada de Derecho de Familia y Profesora titular asociada de Derecho de los contratos Civiles ,Comerciales y de Consumo en la Universidad FASTA. Profesora adjunta regular Derecho Civil III (Derecho de los Contratos Civiles, Comerciales y de Consumo), Facultad de Derecho Universidad Nacional de Mar del Plata; Profesora de la carrera de Especializaci\u00f3n en Derecho de Familia Universidad Cat\u00f3lica Argentina (UCA).<\/em><\/p>\n<p>Abg. ADRIANA ROTONDA. <em>Abogada UNMDP.-Jueza del Juzgado de Familia N\u00b0 6 del Depto. De Gral. Pueyrred\u00f3n. Docente en Postgrado de Familia.-Derecho de familia Patrimonial. UNMDP.<\/em><\/p>\n<p>Dra. MERCEDES MINICELLI. Doctora en Psicolog\u00eda egresada de\u00a0la Universidad Nacional de Rosario Pos doctorada en Psicolog\u00eda (UN Rosario). Profesora Regular e Investigadora de la Facultad de Psicolog\u00eda (UNMdP) Directora de la Red Interuniversitaria Internacional INFEIES. Directora de la Carrera de Especializaci\u00f3n en Infancia e Instituci\u00f3n(es). Facultad de Psicolog\u00eda, Universidad Nacional de Mar del Plata.<\/p>\n<p>Dra. SILVIA ESTER LAMPUGNANI. Especialista en Psicolog\u00eda\u00a0Cl\u00ednica, Institucional y Comunitaria. Doctora en Psicolog\u00eda UNR Profesora de la Carrera de Especializaci\u00f3n en Psicolog\u00eda Cl\u00ednica Institucional y Comunitaria. Facultad de Psicolog\u00eda de la UNR. Miembro de la Comisi\u00f3n de Monitoreo de Pol\u00edticas P\u00fablicas en el Sistema de Alojamiento, Nodo Rosario.<\/p>\n<p><strong>MODALIDAD DE CURSADA:<\/strong>\u00a0Online a trav\u00e9s de plataforma Zoom, clases de 4 horas los dias 07, 14, 21 y 28 de abril: 05 y 19 de mayo; 02, 16 y 30 de junio en el horario de 16 a 20hs.<\/p>\n","protected":false},"excerpt":{"rendered":"<p>Curso de Posgrado en Riesgos del Trabajo y Da\u00f1os; Curso de Posgrado de Derecho del Consumidor. Parte General; Actualidad en Derecho de la Salud + Workshop Internacional; Jurisprudencia relevante de la CSJN en materia de Derecho Tributario; Diplomatura en Derecho Procesal Penal; Actualizaci\u00f3n en Derecho Procesal de Familias II e Interdisciplina I.<\/p>\n","protected":false},"author":1,"featured_media":908,"comment_status":"open","ping_status":"open","sticky":false,"template":"","format":"standard","meta":[],"categories":[3,2],"tags":[],"_links":{"self":[{"href":"https:\/\/derecho.mdp.edu.ar\/index.php\/wp-json\/wp\/v2\/posts\/951"}],"collection":[{"href":"https:\/\/derecho.mdp.edu.ar\/index.php\/wp-json\/wp\/v2\/posts"}],"about":[{"href":"https:\/\/derecho.mdp.edu.ar\/index.php\/wp-json\/wp\/v2\/types\/post"}],"author":[{"embeddable":true,"href":"https:\/\/derecho.mdp.edu.ar\/index.php\/wp-json\/wp\/v2\/users\/1"}],"replies":[{"embeddable":true,"href":"https:\/\/derecho.mdp.edu.ar\/index.php\/wp-json\/wp\/v2\/comments?post=951"}],"version-history":[{"count":12,"href":"https:\/\/derecho.mdp.edu.ar\/index.php\/wp-json\/wp\/v2\/posts\/951\/revisions"}],"predecessor-version":[{"id":973,"href":"https:\/\/derecho.mdp.edu.ar\/index.php\/wp-json\/wp\/v2\/posts\/951\/revisions\/973"}],"wp:featuredmedia":[{"embeddable":true,"href":"https:\/\/derecho.mdp.edu.ar\/index.php\/wp-json\/wp\/v2\/media\/908"}],"wp:attachment":[{"href":"https:\/\/derecho.mdp.edu.ar\/index.php\/wp-json\/wp\/v2\/media?parent=951"}],"wp:term":[{"taxonomy":"category","embeddable":true,"href":"https:\/\/derecho.mdp.edu.ar\/index.php\/wp-json\/wp\/v2\/categories?post=951"},{"taxonomy":"post_tag","embeddable":true,"href":"https:\/\/derecho.mdp.edu.ar\/index.php\/wp-json\/wp\/v2\/tags?post=951"}],"curies":[{"name":"wp","href":"https:\/\/api.w.org\/{rel}","templated":true}]}}