{"id":91,"date":"2019-05-10T16:07:49","date_gmt":"2019-05-10T19:07:49","guid":{"rendered":"http:\/\/www.mdp.edu.ar\/derecho\/derecho2019\/?p=91"},"modified":"2019-06-26T11:51:18","modified_gmt":"2019-06-26T14:51:18","slug":"capacitaciones-pedagogicas-taller-pedagogico-re-pensando-las-clases-practicas-de-nuestra-facultad","status":"publish","type":"post","link":"https:\/\/derecho.mdp.edu.ar\/index.php\/2019\/05\/10\/capacitaciones-pedagogicas-taller-pedagogico-re-pensando-las-clases-practicas-de-nuestra-facultad\/","title":{"rendered":"Taller pedag\u00f3gico &#8220;Re-pensando las clases pr\u00e1cticas de nuestra facultad&#8221;"},"content":{"rendered":"<p>Desde la Secretar\u00eda Acad\u00e9mica, se ha comenzado a trabajar con la actualizaci\u00f3n constante de nuestros docentes a trav\u00e9s de diferentes actividades. El s\u00e1bado 16 de marzo se realiz\u00f3 en nuestra Facultad el primer taller pedag\u00f3gico \u201cRe-pensando las clases pr\u00e1cticas de la Facultad\u201d (OCA 455\/19), donde participaron las y los docentes que integran las asignaturas\u00a0 Pr\u00e1ctica Procesal Civil y Comercial I y\u00a0Pr\u00e1ctica Procesal Civil y Comercial II.<\/p>\n<p>El taller, a cargo del\u00a0Lic. Esp. Sebasti\u00e1n Puglisi, aborda tem\u00e1ticas referidas a los espacios te\u00f3rico pr\u00e1ctico de las asignaturas de la Universidad y la implementaci\u00f3n de diversas herramientas pedag\u00f3gicas para la ense\u00f1anza del derecho.<\/p>\n<p>Hasta el momento, han concurrido los y las docentes de:<\/p>\n<p><span class=\"_5mfr\"><span class=\"_6qdm\">&#x27a1;&#xfe0f;<\/span><\/span> \u00c1rea Curricular de Derecho P\u00fablico<\/p>\n<p><span class=\"_5mfr\"><span class=\"_6qdm\">&#x27a1;&#xfe0f;<\/span><\/span> \u00c1rea Curricular de Derecho Civil<\/p>\n<p><span class=\"_5mfr\"><span class=\"_6qdm\">&#x27a1;&#xfe0f;\u00a0<\/span><\/span>Asignaturas Teor\u00eda General del Proceso, Derecho Comercial y del Transporte y Derecho Concursal<\/p>\n<p><span class=\"_5mfr\"><span class=\"_6qdm\">&#x27a1;&#xfe0f;<\/span><\/span>\u00a0Asignaturas Pr\u00e1ctica Procesal Civil y Comercial I y Pr\u00e1ctica Procesal Civil y Comercial II<\/p>\n<p><span class=\"_5mfr\"><span class=\"_6qdm\">&#x27a1;&#xfe0f;\u00a0<\/span><\/span>\u00c1rea de Ciencias Pol\u00edticas y Sociales<\/p>\n<p><img loading=\"lazy\" class=\"wp-image-359 size-medium aligncenter\" src=\"http:\/\/www.mdp.edu.ar\/derecho\/derecho2019\/wp-content\/uploads\/62065815_2327930720865657_8424178227655737344_o-300x200.jpg\" alt=\"\" width=\"300\" height=\"200\" srcset=\"https:\/\/derecho.mdp.edu.ar\/wp-content\/uploads\/62065815_2327930720865657_8424178227655737344_o-300x200.jpg 300w, https:\/\/derecho.mdp.edu.ar\/wp-content\/uploads\/62065815_2327930720865657_8424178227655737344_o-350x233.jpg 350w, https:\/\/derecho.mdp.edu.ar\/wp-content\/uploads\/62065815_2327930720865657_8424178227655737344_o-768x512.jpg 768w, https:\/\/derecho.mdp.edu.ar\/wp-content\/uploads\/62065815_2327930720865657_8424178227655737344_o.jpg 1024w\" sizes=\"(max-width: 300px) 100vw, 300px\" \/><span style=\"font-size: 1rem;\">\u00a0<\/span><\/p>\n<p><img loading=\"lazy\" class=\"wp-image-360 size-medium aligncenter\" src=\"http:\/\/www.mdp.edu.ar\/derecho\/derecho2019\/wp-content\/uploads\/61709387_2327930730865656_5341225336510087168_o-300x200.jpg\" alt=\"\" width=\"300\" height=\"200\" srcset=\"https:\/\/derecho.mdp.edu.ar\/wp-content\/uploads\/61709387_2327930730865656_5341225336510087168_o-300x200.jpg 300w, https:\/\/derecho.mdp.edu.ar\/wp-content\/uploads\/61709387_2327930730865656_5341225336510087168_o-350x233.jpg 350w, https:\/\/derecho.mdp.edu.ar\/wp-content\/uploads\/61709387_2327930730865656_5341225336510087168_o-768x512.jpg 768w, https:\/\/derecho.mdp.edu.ar\/wp-content\/uploads\/61709387_2327930730865656_5341225336510087168_o.jpg 1024w\" sizes=\"(max-width: 300px) 100vw, 300px\" \/><\/p>\n","protected":false},"excerpt":{"rendered":"<p>El taller, a cargo del\u00a0Lic. Esp. Sebasti\u00e1n Puglisi, aborda tem\u00e1ticas referidas a los espacios te\u00f3rico pr\u00e1ctico de las asignaturas de la Universidad y la implementaci\u00f3n de diversas herramientas pedag\u00f3gicas para la ense\u00f1anza del derecho.<\/p>\n","protected":false},"author":1,"featured_media":267,"comment_status":"open","ping_status":"open","sticky":false,"template":"","format":"standard","meta":[],"categories":[8,2],"tags":[],"_links":{"self":[{"href":"https:\/\/derecho.mdp.edu.ar\/index.php\/wp-json\/wp\/v2\/posts\/91"}],"collection":[{"href":"https:\/\/derecho.mdp.edu.ar\/index.php\/wp-json\/wp\/v2\/posts"}],"about":[{"href":"https:\/\/derecho.mdp.edu.ar\/index.php\/wp-json\/wp\/v2\/types\/post"}],"author":[{"embeddable":true,"href":"https:\/\/derecho.mdp.edu.ar\/index.php\/wp-json\/wp\/v2\/users\/1"}],"replies":[{"embeddable":true,"href":"https:\/\/derecho.mdp.edu.ar\/index.php\/wp-json\/wp\/v2\/comments?post=91"}],"version-history":[{"count":8,"href":"https:\/\/derecho.mdp.edu.ar\/index.php\/wp-json\/wp\/v2\/posts\/91\/revisions"}],"predecessor-version":[{"id":552,"href":"https:\/\/derecho.mdp.edu.ar\/index.php\/wp-json\/wp\/v2\/posts\/91\/revisions\/552"}],"wp:featuredmedia":[{"embeddable":true,"href":"https:\/\/derecho.mdp.edu.ar\/index.php\/wp-json\/wp\/v2\/media\/267"}],"wp:attachment":[{"href":"https:\/\/derecho.mdp.edu.ar\/index.php\/wp-json\/wp\/v2\/media?parent=91"}],"wp:term":[{"taxonomy":"category","embeddable":true,"href":"https:\/\/derecho.mdp.edu.ar\/index.php\/wp-json\/wp\/v2\/categories?post=91"},{"taxonomy":"post_tag","embeddable":true,"href":"https:\/\/derecho.mdp.edu.ar\/index.php\/wp-json\/wp\/v2\/tags?post=91"}],"curies":[{"name":"wp","href":"https:\/\/api.w.org\/{rel}","templated":true}]}}