{"id":906,"date":"2020-10-21T14:23:23","date_gmt":"2020-10-21T17:23:23","guid":{"rendered":"http:\/\/www.mdp.edu.ar\/derecho\/derecho2019\/?p=906"},"modified":"2020-10-21T14:25:27","modified_gmt":"2020-10-21T17:25:27","slug":"nuevas-becas-internacionales-unmdp","status":"publish","type":"post","link":"https:\/\/derecho.mdp.edu.ar\/index.php\/2020\/10\/21\/nuevas-becas-internacionales-unmdp\/","title":{"rendered":"Nuevas Becas Internacionales UNMDP"},"content":{"rendered":"<h1>BOLET\u00cdN N\u00b0 12 20\/10\/2020\u00a0 &#8211; Relaciones Internacionales UNMdP<\/h1>\n<h2><\/h2>\n<h2>NOVEDADES<\/h2>\n<p>&nbsp;<\/p>\n<h2><strong>Becas de Grado<\/strong><\/h2>\n<p><strong>CONVOCATORIA PILA VIRTUAL PARA ESTUDIANTES DE GRADO<\/strong><\/p>\n<p>Fecha tope de la presentaci\u00f3n: 13 de noviembre del 2020<\/p>\n<p>Informaci\u00f3n: https:\/\/bit.ly\/319bqYD<\/p>\n<p>Fuente: ARI-UNMDP<\/p>\n<h2><\/h2>\n<h2><strong>Becas de Posgrado<\/strong><\/h2>\n<p><strong>BECAS STRUCTURALIA -OEA<\/strong><\/p>\n<p>Fecha tope de la presentaci\u00f3n: 31 de octubre del 2020<\/p>\n<p>Informaci\u00f3n: https:\/\/bit.ly\/3dNK6En<\/p>\n<p>Fuente: UNL<\/p>\n<p><strong>BECAS DAAD PARA ESTAD\u00cdAS CORTAS DE INVESTIGACI\u00d3N<\/strong><\/p>\n<p>Fecha tope de la presentaci\u00f3n: 9 de noviembre del 2020<\/p>\n<p>Informaci\u00f3n: https:\/\/bit.ly\/33lSdV3<\/p>\n<p>Fuente: DAAD<\/p>\n<p><strong>PROGRAMA DE BECAS DE INVESTIGACI\u00d3N MART\u00cd I FRANQU\u00c9S<\/strong><\/p>\n<p>Fecha tope de la presentaci\u00f3n: 15 de noviembre del 2020<\/p>\n<p>Informaci\u00f3n: https:\/\/bit.ly\/3kgRU4b<\/p>\n<p>Fuente: UNL<\/p>\n<p><strong>BECAS DE INVESTIGACI\u00d3N FOCALIZADAS EN CENTROAM\u00c9RICA Y EL CARIBE -CLACSO<\/strong><\/p>\n<p>Fecha tope de la presentaci\u00f3n: 23 de noviembre del 2020<\/p>\n<p>Informaci\u00f3n: https:\/\/www.clacso.org\/desigualdades-y-violencias-de-genero-en-america-latina-y-elcaribe\/<\/p>\n<p>Fuente: CLACSO<\/p>\n<p><strong>OEA \u2013 BECAS EN ESTADOS UNIDOS<\/strong><\/p>\n<p>Fecha tope de la presentaci\u00f3n: 10 de diciembre del 2020<\/p>\n<p>Informaci\u00f3n: https:\/\/bit.ly\/3dHTfyc<\/p>\n<p>Fuente: UNL<\/p>\n<h2><strong>Otras becas con inscripci\u00f3n abierta<\/strong><\/h2>\n<p><strong>BECAS AUIP DE MOVILIDAD ACAD\u00c9MICA PARA INSTITUCIONES ASOCIADAS<\/strong><\/p>\n<p>Fecha tope de la presentaci\u00f3n: 30 de octubre del 2020<\/p>\n<p>Informaci\u00f3n: https:\/\/auip.org\/es\/becasauip \/ https:\/\/bit.ly\/2R7GX7W<\/p>\n<p>Fuente: AUIP<\/p>\n<p><strong>BECAS DAAD PARA ESTAD\u00cdAS CORTAS DE INVESTIGACI\u00d3N<\/strong><\/p>\n<p>Fecha tope de la presentaci\u00f3n: 9 de noviembre del 2020<\/p>\n<p>Informaci\u00f3n: https:\/\/bit.ly\/33lSdV3<\/p>\n<p>Fuente: DAAD<\/p>\n<p>Fecha tope de la presentaci\u00f3n: 31 de diciembre del 2020<\/p>\n<p><strong>BECAS EN CANAD\u00c1 PARA ESTUDIANTES LATINOAMERICANOS<\/strong><\/p>\n<p>Informaci\u00f3n: https:\/\/bit.ly\/3lTT7zC \/ Contacto: caq@reg.ulaval.ca<\/p>\n<p>Fuente: UNL<\/p>\n<p>&nbsp;<\/p>\n<h2><strong>Cursos y otras convocatorias<\/strong><\/h2>\n<p><strong>CURSO C\u00d3MO SOLICITAR UN DOCTORADO EN ALEMANIA &#8211; DAAD<\/strong><\/p>\n<p>Fecha tope de la inscripci\u00f3n: 31 de octubre de 2020<\/p>\n<p>Informaci\u00f3n: https:\/\/moodle.daad.de\/phd<\/p>\n<p>Fuente: DAAD<\/p>\n<p><strong>CONVOCATORIA DAAD: CENTROS GLOBALES PARA LA SALUD Y PREVENCI\u00d3N DE PANDEMIAS<\/strong><\/p>\n<p><strong>(2021-2025)<\/strong><\/p>\n<p>Manifestaci\u00f3n de inter\u00e9s: hasta 19 de noviembre de 2020<\/p>\n<p>Informaci\u00f3n: https:\/\/drive.google.com\/file\/d\/1Nb4s_P1XXxWxIHaX1blOLePqDWLDBlt2\/view<\/p>\n<p>Fuente: DAAD<\/p>\n<p><strong>BECAS PARCIALES OEA \u2013 TECNOLOG\u00cdAS DE IRRIGACI\u00d3N Y PROCESOS DE CULTIVO<\/strong><\/p>\n<p>Fecha tope de la inscripci\u00f3n: 26 de octubre de 2020<\/p>\n<p>Informaci\u00f3n: http:\/\/www.oas.org\/en\/scholarships\/PAEC\/2020\/GIMI-OnlineCourses-sept2020-<\/p>\n<p>espanol.pdf<\/p>\n<p>Fuente: UNL<\/p>\n<p><strong>WEBINARIOS AGENCIA CHILENA PAR LA COOPERACI\u00d3N AL DESARROLLO \u2013 WEBINAR \u00bfC\u00d3MO ABORDAR LAS NUEVAS DESIGUALDADES ESCOLARES POST PANDEMIA?<\/strong><\/p>\n<p>Fecha tope de la inscripci\u00f3n: 29 de octubre de 2020, 16:30 hora de Chile<\/p>\n<p>Informaci\u00f3n: https:\/\/bit.ly\/36pVioY<\/p>\n<p>Fuente: UNL<\/p>\n<p><strong>PROYECTOS DE INVESTIGACI\u00d3N CONJUNTA ECOS 2020<\/strong><\/p>\n<p>Fecha tope de la inscripci\u00f3n: 30 de octubre de 2020<\/p>\n<p>Informaci\u00f3n: https:\/\/bit.ly\/3l9iwnJ<\/p>\n<p>Fuente: Mincyt<\/p>\n<p><strong>CONVOCATORIA PARA ESTUDIOS DE ASIA Y \u00c1FRICA<\/strong><\/p>\n<p>Fecha tope de la inscripci\u00f3n: 31 de octubre de 2020<\/p>\n<p>Informaci\u00f3n: https:\/\/ceaa.colmex.mx\/convocatoriaceaa<\/p>\n<p>Fuente: UNL<\/p>\n<p><strong>WEBINARIOS AGENCIA CHILENA PAR LA COOPERACI\u00d3N AL DESARROLLO \u2013 APRENDIZAJES DE LA EDUCACI\u00d3N REMOTA EN TIEMPOS DE CRISIS<\/strong><\/p>\n<p>Fecha tope de la inscripci\u00f3n: 5 de noviembre de 2020, 16:30 hora de Chile<\/p>\n<p>Informaci\u00f3n: https:\/\/bit.ly\/3ilEToa<\/p>\n<p>Fuente: UNL<\/p>\n<p><strong>PREMIOS AUIP A LA CALIDAD DEL POSTGRADO EN IBEROAM\u00c9RICA<\/strong><\/p>\n<p>Fecha tope de la presentaci\u00f3n: 30 de diciembre de 2020<\/p>\n<p>Informaci\u00f3n: https:\/\/auip.org\/es\/premios-auip-a-la-calidad\/convocatoria-2020-2021<\/p>\n<p>Fuente: AUIP<\/p>\n<p><strong>MISIONES T\u00c9CNICAS AUIP: ASISTENCIA Y CONSULTOR\u00cdA INTERNACIONAL<\/strong><\/p>\n<p>Fecha tope de la presentaci\u00f3n: 30 de diciembre de 2020<\/p>\n<p>Informaci\u00f3n: https:\/\/auip.org\/es\/misiones-tecnicas<\/p>\n<p>Fuente: AUIP<\/p>\n<p><strong>CONVOCATORIA EXPERTOS, EVALUADORES Y ASESORES DE LA AUIP<\/strong><\/p>\n<p>Fecha tope de la presentaci\u00f3n: 31 de diciembre de 2021<\/p>\n<p>Informaci\u00f3n: https:\/\/auip.org\/es\/evaluadores-auip<\/p>\n<p>Fuente: AUIP<\/p>\n<p>&nbsp;<\/p>\n<p><strong>SUSCRIPCIONES A:<\/strong><\/p>\n<p>relacint@mdp.edu.ar<\/p>\n<p>https:\/\/www.facebook.com\/relaciones.internacionales.unmdp<\/p>\n<p><a class=\"twitter-timeline\" data-width=\"525\" data-height=\"788\" data-dnt=\"true\" href=\"https:\/\/twitter.com\/RelacintUnmdp?ref_src=twsrc%5Etfw\">Tweets by RelacintUnmdp<\/a><script async src=\"https:\/\/platform.twitter.com\/widgets.js\" charset=\"utf-8\"><\/script><\/p>\n","protected":false},"excerpt":{"rendered":"<p>Acced\u00e9 al Bolet\u00edn N\u00ba12 del \u00e1rea de Relaciones Internacionales de la UNMdP y conoc\u00e9 las novedades sobre becas de grado, posgrado, cursos y convocatorias.  <\/p>\n","protected":false},"author":1,"featured_media":908,"comment_status":"open","ping_status":"open","sticky":false,"template":"","format":"standard","meta":[],"categories":[2,10,1],"tags":[],"_links":{"self":[{"href":"https:\/\/derecho.mdp.edu.ar\/index.php\/wp-json\/wp\/v2\/posts\/906"}],"collection":[{"href":"https:\/\/derecho.mdp.edu.ar\/index.php\/wp-json\/wp\/v2\/posts"}],"about":[{"href":"https:\/\/derecho.mdp.edu.ar\/index.php\/wp-json\/wp\/v2\/types\/post"}],"author":[{"embeddable":true,"href":"https:\/\/derecho.mdp.edu.ar\/index.php\/wp-json\/wp\/v2\/users\/1"}],"replies":[{"embeddable":true,"href":"https:\/\/derecho.mdp.edu.ar\/index.php\/wp-json\/wp\/v2\/comments?post=906"}],"version-history":[{"count":3,"href":"https:\/\/derecho.mdp.edu.ar\/index.php\/wp-json\/wp\/v2\/posts\/906\/revisions"}],"predecessor-version":[{"id":910,"href":"https:\/\/derecho.mdp.edu.ar\/index.php\/wp-json\/wp\/v2\/posts\/906\/revisions\/910"}],"wp:featuredmedia":[{"embeddable":true,"href":"https:\/\/derecho.mdp.edu.ar\/index.php\/wp-json\/wp\/v2\/media\/908"}],"wp:attachment":[{"href":"https:\/\/derecho.mdp.edu.ar\/index.php\/wp-json\/wp\/v2\/media?parent=906"}],"wp:term":[{"taxonomy":"category","embeddable":true,"href":"https:\/\/derecho.mdp.edu.ar\/index.php\/wp-json\/wp\/v2\/categories?post=906"},{"taxonomy":"post_tag","embeddable":true,"href":"https:\/\/derecho.mdp.edu.ar\/index.php\/wp-json\/wp\/v2\/tags?post=906"}],"curies":[{"name":"wp","href":"https:\/\/api.w.org\/{rel}","templated":true}]}}