{"id":878,"date":"2025-08-25T11:22:05","date_gmt":"2025-08-25T14:22:05","guid":{"rendered":"http:\/\/www.mdp.edu.ar\/derecho\/derecho2019\/?p=878"},"modified":"2025-10-06T14:54:35","modified_gmt":"2025-10-06T17:54:35","slug":"abogacia-2021","status":"publish","type":"post","link":"https:\/\/derecho.mdp.edu.ar\/index.php\/2025\/08\/25\/abogacia-2021\/","title":{"rendered":"Preinscripci\u00f3n a carreras 2026"},"content":{"rendered":"<h1>INGRESO 2026<\/h1>\n<p>Del 1 de octubre al 30 de noviembre de 2025, estar\u00e1 abierta la inscripci\u00f3n para las carreras de grado y pregrado de la Universidad Nacional de Mar del Plata. Esta instancia representa una oportunidad para quienes deseen iniciar su formaci\u00f3n acad\u00e9mica en el Ciclo Lectivo 2026.<\/p>\n<p>Si necesit\u00e1s ayuda, pod\u00e9s acercarte a la Facultad de Derecho (5to piso) a partir del lunes 6 de octubre, de lunes a viernes de 9 a 10:30 y de 15 a 16:30.<\/p>\n<p> Ingresofacultaddederecho@mdp.edu.ar<\/p>\n<h2><strong><span class=\"subheading-category\">Ingreso a la Universidad<\/span><\/strong><\/h2>\n<div class=\"category-desc clearfix\">\n<p>Si cont\u00e1s con estudios secundarios completos o adeud\u00e1s materias del \u00faltimo a\u00f1o del secundario vas a poder iniciar los tr\u00e1mites para inscribirte en alguna de las carreras que te ofrece la Universidad durante los per\u00edodos de inscripci\u00f3n.<\/p>\n<p><mark>Ser\u00e1 muy importante que leas atentamente cada uno de los pasos que se indican a continuaci\u00f3n y que, de ser posible, realices el proceso de preincripci\u00f3n desde una PC.<\/mark><\/p>\n<p>Antes de comenzar\u00a0<mark>es importante que ya cuentes con una cuenta personal de correo electr\u00f3nico que se encuentre activa ya que en\u00a0esa direcci\u00f3n vas a recibir la informaci\u00f3n para finalizar el proceso<\/mark>. Si hace mucho que no ingresas a tu correo electr\u00f3nico verifica que puedas ingresar y que la cuenta existe.<\/p>\n<h4>Paso 1<\/h4>\n<p>Acced\u00e9 al\u00a0<a href=\"https:\/\/portalsiu.mdp.edu.ar\/preinscripcion\/?__o=\"><strong>FORMULARIO DE PRE-INSCRIPCI\u00d3N<\/strong><\/a> . Ingres\u00e1 en la opci\u00f3n\u00a0<strong>USUARIO NUEVO EN EL SISTEMA<\/strong>\u00a0y registrate. Abr\u00ed tu e-mail , busc\u00e1 el correo que te envi\u00f3 el sistema y confirmalo haciendo click en el link que recibiste.<\/p>\n<p>* Es importante que revises la carpeta de correo no deseado o spam.<\/p>\n<h4>Paso 2<\/h4>\n<p>Complet\u00e1 el Formulario de Preinscripci\u00f3n y al momento de imprimirlo el sistema genera el archivo PDF que deber\u00e1s descargar.<\/p>\n<p>En la solapa\u00a0<strong>documentaci\u00f3n<\/strong>\u00a0de la preinscripci\u00f3n subir los siguientes archivos digitales:<\/p>\n<p><strong>1\/ DNI**<\/strong>\u00a0(escaneado de ambos lados)<\/p>\n<p><strong>2\/ T\u00edtulo Secundario, Certificado de T\u00edtulo en tr\u00e1mite o Certificado de alumno regular<\/strong>\u00a0si est\u00e1s en el \u00faltimo a\u00f1o del secundario.<\/p>\n<p>*El \u00fanico formato digital admitido es el PDF.<\/p>\n<p>**IMPORTANTE\/ Si el nombre consignado en tu DNI no se corresponde con tu identidad autopercibida y no has realizado la rectificaci\u00f3n registral, te solicitamos que adjuntes la presente\u00a0<a href=\"https:\/\/www.mdp.edu.ar\/attachments\/category\/9\/NotaModelo-LeyIdentidad.doc\" target=\"_blank\" rel=\"noopener noreferrer\">nota de confirmaci\u00f3n de datos junto a tu DNI en el mismo archivo PDF (DESCARG\u00c1 LA NOTA MODELO)<\/a>.<\/p>\n<p><strong>Si los pasos 1 y 2 fueron realizados de forma correcta, no ten\u00e9s que hacer nada m\u00e1s.<\/strong><\/p>\n<p>Despu\u00e9s de algunos d\u00edas vas a poder verificar en el sistema el Estado de tu Tr\u00e1mite de Inscripci\u00f3n. Record\u00e1 que el procesamiento de la documentaci\u00f3n no es autom\u00e1tico, el tiempo depender\u00e1 de la demanda que tiene la carrera y de las diferentes Unidades Acad\u00e9micas.<\/p>\n<p><em><strong>Para hacer consultas al \u00e1rea de ingreso dirigirse v\u00eda correo a ingresoderecho2023@gmail.com.<\/strong><\/em><\/p>\n<\/div>\n<h2><strong>Carreras disponibles<\/strong><\/h2>\n<ul>\n<li>ABOGAC\u00cdA. <a href=\"https:\/\/drive.google.com\/file\/d\/166DvRGDCWps5dnNlFS334r40oqRn8yi7\/view?usp=sharing\">Descarg\u00e1 el Plan de Estudios<\/a>.<\/li>\n<li>MARTILLERO Y CORREDOR P\u00daBLICO. <a href=\"https:\/\/drive.google.com\/file\/d\/1bN9H8D3O_pG02vMrfvoms_8fbbVFwe-2\/view?usp=sharing\">Descarg\u00e1 el Plan de Estudios<\/a>.<\/li>\n<\/ul>\n<p>M\u00e1s informaci\u00f3n sobre las carreras <a href=\"https:\/\/derecho.mdp.edu.ar\/\">aqu\u00ed<\/a>.<\/p>\n","protected":false},"excerpt":{"rendered":"<p>\u00a1Abierta la inscripci\u00f3n a las carreras de grado y pregrado para el Ciclo Lectivo 2026! Conoc\u00e9 los pasos a seguir para iniciar el proceso.<\/p>\n","protected":false},"author":1,"featured_media":1853,"comment_status":"open","ping_status":"open","sticky":false,"template":"","format":"standard","meta":[],"categories":[2,1],"tags":[],"_links":{"self":[{"href":"https:\/\/derecho.mdp.edu.ar\/index.php\/wp-json\/wp\/v2\/posts\/878"}],"collection":[{"href":"https:\/\/derecho.mdp.edu.ar\/index.php\/wp-json\/wp\/v2\/posts"}],"about":[{"href":"https:\/\/derecho.mdp.edu.ar\/index.php\/wp-json\/wp\/v2\/types\/post"}],"author":[{"embeddable":true,"href":"https:\/\/derecho.mdp.edu.ar\/index.php\/wp-json\/wp\/v2\/users\/1"}],"replies":[{"embeddable":true,"href":"https:\/\/derecho.mdp.edu.ar\/index.php\/wp-json\/wp\/v2\/comments?post=878"}],"version-history":[{"count":29,"href":"https:\/\/derecho.mdp.edu.ar\/index.php\/wp-json\/wp\/v2\/posts\/878\/revisions"}],"predecessor-version":[{"id":1862,"href":"https:\/\/derecho.mdp.edu.ar\/index.php\/wp-json\/wp\/v2\/posts\/878\/revisions\/1862"}],"wp:featuredmedia":[{"embeddable":true,"href":"https:\/\/derecho.mdp.edu.ar\/index.php\/wp-json\/wp\/v2\/media\/1853"}],"wp:attachment":[{"href":"https:\/\/derecho.mdp.edu.ar\/index.php\/wp-json\/wp\/v2\/media?parent=878"}],"wp:term":[{"taxonomy":"category","embeddable":true,"href":"https:\/\/derecho.mdp.edu.ar\/index.php\/wp-json\/wp\/v2\/categories?post=878"},{"taxonomy":"post_tag","embeddable":true,"href":"https:\/\/derecho.mdp.edu.ar\/index.php\/wp-json\/wp\/v2\/tags?post=878"}],"curies":[{"name":"wp","href":"https:\/\/api.w.org\/{rel}","templated":true}]}}