{"id":851,"date":"2020-09-16T15:30:09","date_gmt":"2020-09-16T18:30:09","guid":{"rendered":"http:\/\/www.mdp.edu.ar\/derecho\/derecho2019\/?p=851"},"modified":"2020-09-23T18:46:18","modified_gmt":"2020-09-23T21:46:18","slug":"el-derecho-ambiental-de-cara-a-la-tercera-decada-del-sxxi","status":"publish","type":"post","link":"https:\/\/derecho.mdp.edu.ar\/index.php\/2020\/09\/16\/el-derecho-ambiental-de-cara-a-la-tercera-decada-del-sxxi\/","title":{"rendered":"El Derecho Ambiental de cara a la tercera d\u00e9cada del SXXI"},"content":{"rendered":"<p><img loading=\"lazy\" class=\"alignnone size-full wp-image-855\" src=\"http:\/\/www.mdp.edu.ar\/derecho\/derecho2019\/wp-content\/uploads\/Afiche-horizontal-1200x12002.jpg\" alt=\"\" width=\"599\" height=\"595\" srcset=\"https:\/\/derecho.mdp.edu.ar\/wp-content\/uploads\/Afiche-horizontal-1200x12002.jpg 599w, https:\/\/derecho.mdp.edu.ar\/wp-content\/uploads\/Afiche-horizontal-1200x12002-100x100.jpg 100w, https:\/\/derecho.mdp.edu.ar\/wp-content\/uploads\/Afiche-horizontal-1200x12002-350x348.jpg 350w, https:\/\/derecho.mdp.edu.ar\/wp-content\/uploads\/Afiche-horizontal-1200x12002-150x150.jpg 150w, https:\/\/derecho.mdp.edu.ar\/wp-content\/uploads\/Afiche-horizontal-1200x12002-300x298.jpg 300w\" sizes=\"(max-width: 599px) 100vw, 599px\" \/> <img loading=\"lazy\" class=\"alignnone size-full wp-image-856\" src=\"http:\/\/www.mdp.edu.ar\/derecho\/derecho2019\/wp-content\/uploads\/Afiche-horizontal-1200x12003.jpg\" alt=\"\" width=\"596\" height=\"596\" srcset=\"https:\/\/derecho.mdp.edu.ar\/wp-content\/uploads\/Afiche-horizontal-1200x12003.jpg 596w, https:\/\/derecho.mdp.edu.ar\/wp-content\/uploads\/Afiche-horizontal-1200x12003-250x250.jpg 250w, https:\/\/derecho.mdp.edu.ar\/wp-content\/uploads\/Afiche-horizontal-1200x12003-100x100.jpg 100w, https:\/\/derecho.mdp.edu.ar\/wp-content\/uploads\/Afiche-horizontal-1200x12003-350x350.jpg 350w, https:\/\/derecho.mdp.edu.ar\/wp-content\/uploads\/Afiche-horizontal-1200x12003-150x150.jpg 150w, https:\/\/derecho.mdp.edu.ar\/wp-content\/uploads\/Afiche-horizontal-1200x12003-300x300.jpg 300w\" sizes=\"(max-width: 596px) 100vw, 596px\" \/><\/p>\n","protected":false},"excerpt":{"rendered":"<p>DIRECCI\u00d3N ACAD\u00c9MICA: Jos\u00e9 Alberto Esain y Guillermo Marchesi. COORDINACI\u00d3N ACAD\u00c9MICA Gustavo Rinaldi, Santiago Martin Natalia Paola Martinez Preciado, y Florencia Cheruse. FECHAS: Jueves 1, Jueves 8. Jueves 15. Jueves 22 y Jueves 29 de octubre de 2020.<\/p>\n","protected":false},"author":1,"featured_media":854,"comment_status":"open","ping_status":"open","sticky":false,"template":"","format":"standard","meta":[],"categories":[3,2],"tags":[],"_links":{"self":[{"href":"https:\/\/derecho.mdp.edu.ar\/index.php\/wp-json\/wp\/v2\/posts\/851"}],"collection":[{"href":"https:\/\/derecho.mdp.edu.ar\/index.php\/wp-json\/wp\/v2\/posts"}],"about":[{"href":"https:\/\/derecho.mdp.edu.ar\/index.php\/wp-json\/wp\/v2\/types\/post"}],"author":[{"embeddable":true,"href":"https:\/\/derecho.mdp.edu.ar\/index.php\/wp-json\/wp\/v2\/users\/1"}],"replies":[{"embeddable":true,"href":"https:\/\/derecho.mdp.edu.ar\/index.php\/wp-json\/wp\/v2\/comments?post=851"}],"version-history":[{"count":2,"href":"https:\/\/derecho.mdp.edu.ar\/index.php\/wp-json\/wp\/v2\/posts\/851\/revisions"}],"predecessor-version":[{"id":857,"href":"https:\/\/derecho.mdp.edu.ar\/index.php\/wp-json\/wp\/v2\/posts\/851\/revisions\/857"}],"wp:featuredmedia":[{"embeddable":true,"href":"https:\/\/derecho.mdp.edu.ar\/index.php\/wp-json\/wp\/v2\/media\/854"}],"wp:attachment":[{"href":"https:\/\/derecho.mdp.edu.ar\/index.php\/wp-json\/wp\/v2\/media?parent=851"}],"wp:term":[{"taxonomy":"category","embeddable":true,"href":"https:\/\/derecho.mdp.edu.ar\/index.php\/wp-json\/wp\/v2\/categories?post=851"},{"taxonomy":"post_tag","embeddable":true,"href":"https:\/\/derecho.mdp.edu.ar\/index.php\/wp-json\/wp\/v2\/tags?post=851"}],"curies":[{"name":"wp","href":"https:\/\/api.w.org\/{rel}","templated":true}]}}