{"id":846,"date":"2021-01-11T15:58:44","date_gmt":"2021-01-11T18:58:44","guid":{"rendered":"http:\/\/www.mdp.edu.ar\/derecho\/derecho2019\/?p=846"},"modified":"2021-03-02T13:45:19","modified_gmt":"2021-03-02T16:45:19","slug":"nuevo-concurso-publico-de-antecedentes-y-oposicion","status":"publish","type":"post","link":"https:\/\/derecho.mdp.edu.ar\/index.php\/2021\/01\/11\/nuevo-concurso-publico-de-antecedentes-y-oposicion\/","title":{"rendered":"\u00a1Nuevo! Concursos P\u00fablicos de Antecedentes y Oposici\u00f3n"},"content":{"rendered":"<h2 style=\"font-weight: 400;\">LLAMADO A CONCURSOS P\u00daBLICOS DE OPOSICI\u00d3N Y ANTECEDENTES, CONFORME LO ESTABLECIDO EN LA OCS N\u00b0690\/93 Y SUS MODIFICATORIAS Y LA OCA N\u00b0406\/18.-<\/h2>\n<p style=\"font-weight: 400;\">La Facultad de Derecho de la Universidad Nacional de Mar del Plata, llama a Concurso P\u00fablico de Antecedentes y Oposici\u00f3n (conforme lo establecido por OCS N\u00b0690\/93 y modificatorias) para:<\/p>\n<h3 style=\"font-weight: 400;\">\u00a1NUEVO!<\/h3>\n<p style=\"font-weight: 400;\">\u2022 Llamado a Concurso de Antecedentes y Oposici\u00f3n para la provisi\u00f3n de <strong>DOS (2) cargos de Ayudante Estudiante, para cumplir tareas dependiendo de la Secretar\u00eda de Extensi\u00f3n y Bienestar Estudiantil de la Facultad de Derecho<\/strong> de la UNMDP (OCA N\u00b01091\/20). La convocatoria al Concurso se circunscribe a los estudiantes de la Facultad de Derecho de la Universidad Nacional de Mar del Plata.<\/p>\n<p style=\"font-weight: 400;\"><strong>Per\u00edodo de inscripci\u00f3n del 02\/02\/21 al 12\/02\/212021 hasta las 14 hs.<\/strong>, mediante <strong>presentaci\u00f3n digital<\/strong> del formulario de inscripci\u00f3n y la <a href=\"https:\/\/www.mdp.edu.ar\/derecho\/derecho2019\/index.php\/docentes-concursos-y-revalidas\/\">documentaci\u00f3n requerida conforme reglamentaci\u00f3n vigente<\/a> para la inscripci\u00f3n a concursos, al correo electr\u00f3nico del Departamento de Concursos:\u00a0<a href=\"mailto:concdere@gmail.com\">concdere@gmail.com<\/a>\u00a0, indicando en el asunto el Concurso al que solicita inscribirse.<\/p>\n<p><a href=\"https:\/\/drive.google.com\/file\/d\/1WF53lPCXu3cCXAVVEi4R3i35ZMilyUy-\/view?usp=sharing\">&lt; Acta de cierre de inscripci\u00f3n &gt;<\/a><\/p>\n<p style=\"font-weight: 400;\">\u2022 Llamado a Concurso P\u00fablico y Abierto de Oposici\u00f3n y Antecedentes para regularizar los cargos de los docentes interinos conforme su antig\u00fcedad entre el 2 de julio de 2010 y el 1\u00ba de julio de 2015, para dar cumplimiento al inc. \u201ca\u201d del art\u00edculo 3\u00b0 de la OCS N\u00b02082\/16 (OCA N\u00b01089\/20 y OCA N\u00b0 1090\/20):<\/p>\n<p><a href=\"https:\/\/drive.google.com\/file\/d\/1ouyyRDLxJ3YfIcuLiuem5WfVnMW3SkJm\/view?usp=sharing\">&lt; Acta de cierre de inscripci\u00f3n &gt;<\/a><\/p>\n<p style=\"font-weight: 400;\"><strong>\u00c1REA CURRICULAR DERECHO P\u00daBLICO<\/strong>, TRES (3) cargos de Ayudante Graduado con dedicaci\u00f3n simple y UN (1) cargo con dedicaci\u00f3n parcial en la asignatura \u201cTeor\u00eda Constitucional\u201d, UN (1) cargo de Ayudante Graduado dedicaci\u00f3n simple en \u201cDerecho Laboral\u201d y UN (1) cargo de Ayudante Graduado dedicaci\u00f3n simple en el \u201cSeminario Derecho Ambiental\u201d;<\/p>\n<p>&nbsp;<\/p>\n<p style=\"font-weight: 400;\"><strong>\u00c1REA CURRICULAR DERECHO PROCESAL PRIVADO,<\/strong> UN (1) cargo de Ayudante Graduado dedicaci\u00f3n simple en \u201cPr\u00e1ctica Procesal Civil y Comercial I\u201d, UN (1) cargo de Ayudante graduado dedicaci\u00f3n simple en \u201cElementos de Actuaci\u00f3n Profesional\u201d, DOS (2) cargos de Ayudante graduado dedicaci\u00f3n simple en \u201cDerecho Procesal Civil y Comercial\u201d y UN (1) cargo Ayudante Graduado dedicaci\u00f3n simple en \u201cTaller M\u00e9todos de Resoluci\u00f3n de Conflictos\u201d;<\/p>\n<p style=\"font-weight: 400;\"><strong>AREA CURRICULAR DERECHO CIVIL<\/strong>, DOS (2) cargos de Ayudante graduado dedicaci\u00f3n simple en \u201cContratos\u201d, DOS (2) cargos de Ayudante graduado dedicaci\u00f3n simple en \u201cDerechos Reales\u201d;<\/p>\n<p style=\"font-weight: 400;\"><strong>\u00c1REA CURRICULAR DERECHO ECON\u00d3MICO<\/strong>, DOS (2) cargos de Ayudante graduado dedicaci\u00f3n simple en \u201cDerecho Concursal\u201d;<\/p>\n<p style=\"font-weight: 400;\"><strong>\u00c1REA CURRICULAR DERECHO PENAL<\/strong>, UN (1) cargo de Ayudante graduado dedicaci\u00f3n simple en \u201cPr\u00e1ctica Procesal Penal\u201d.<\/p>\n<p style=\"font-weight: 400;\"><strong>El plazo de inscripci\u00f3n ser\u00e1 del 01\/02\/2021 al 12\/02\/2021 hasta las 14 hs.<\/strong><\/p>\n<p style=\"font-weight: 400;\"><strong>\u00c1REA CURRICULAR DE DERECHO P\u00daBLICO<\/strong>, \u201cDerecho P\u00fablico, Provincial y Municipal\u201d, UN (1) cargo de Profesor Adjunto con dedicaci\u00f3n simple.<\/p>\n<p><a href=\"https:\/\/drive.google.com\/file\/d\/1aWUFoVPdcaRVES-6ZNTxnc0GVK63zQQg\/view?usp=sharing\">&lt; Acta de cierre de inscripci\u00f3n &gt;<\/a><\/p>\n<p style=\"font-weight: 400;\"><strong>El plazo de inscripci\u00f3n ser\u00e1 del 01\/02\/2021 al 23\/02\/2021 hasta las 14 hs.\u00a0<\/strong>Se realizar\u00e1 mediante <strong>presentaci\u00f3n digital<\/strong> de la <a href=\"https:\/\/www.mdp.edu.ar\/derecho\/derecho2019\/index.php\/docentes-concursos-y-revalidas\/\">documentaci\u00f3n requerida<\/a> para formalizar la inscripci\u00f3n al correo electr\u00f3nico del Depto. de Concursos\u00a0<a href=\"mailto:concdere@gmail.com\">concdere@gmail.com<\/a><\/p>\n<p style=\"font-weight: 400;\">______________________<\/p>\n<p><strong>CONCURSO P\u00daBLICO DE OPOSICI\u00d3N Y ANTECEDENTES (OCA N\u00b0 943\/20 y RD N\u00b0 485\/20), PARA LA PROVISI\u00d3N DE UN (1) CARGO DE PROFESOR TITULAR REGULAR CON DEDICACI\u00d3N SIMPLE, EN EL \u00c1REA CURRICULAR CIENCIAS POL\u00cdTICAS Y SOCIALES, CON FUNCIONES EN LA ASIGNATURA *TEOR\u00cdA GENERAL DEL DERECHO.*<\/strong><\/p>\n<p><a href=\"https:\/\/drive.google.com\/file\/d\/1fCnOsrqj0YCBYRrxLm-zBRCGeDguLZjW\/view?usp=sharing\">&lt; Acta de cierre de inscripci\u00f3n &gt;<\/a><\/p>\n<p style=\"font-weight: 400;\">Conforme lo dispuesto en el art. 18 y 25 se eleva el acta de inscripci\u00f3n del\u00a0Concurso P\u00fablico de Antecedentes y Oposici\u00f3n para la provisi\u00f3n de un cargo de Profesor Titular Regular con dedicaci\u00f3n simple, en el \u00c1rea Curricular Ciencias Pol\u00edticas y Sociales, con funciones en la asignatura &#8220;Teor\u00eda General del Derecho&#8221;.-<\/p>\n<p style=\"font-weight: 400;\">La Comisi\u00f3n Asesora est\u00e1 compuesta por:<\/p>\n<p>Docentes:<\/p>\n<p>Titulares:<\/p>\n<p>GUIBOURG, RICARDO<\/p>\n<p>SIMAZ, ALEXIS<\/p>\n<p>BOHMER, MARTIN<\/p>\n<p>Suplentes:<\/p>\n<p>BASSO, ALFONSO<\/p>\n<p>Graduados:<\/p>\n<p>TITULAR: ALMIRON, ZAIRA<\/p>\n<p>Suplente: ANTONIO, LEANDRO<\/p>\n<p>Estudiantes:<\/p>\n<p>Titular: SALORD, Gonzalo<\/p>\n<p>Suplente: CERMINARO, GONZALO<\/p>\n<p><strong>CONCURSO P\u00daBLICO DE OPOSICI\u00d3N Y ANTECEDENTES (OCA N\u00b0 944\/20 y RD N\u00b0486\/20), PARA LA PROVISI\u00d3N DE UN (1) CARGO DE PROFESOR TITULAR REGULAR CON DEDICACI\u00d3N SIMPLE, EN EL \u00c1REA CURRICULAR CIENCIAS POL\u00cdTICAS Y SOCIALES, CON FUNCIONES EN LA ASIGNATURA *METODOLOG\u00cdA DE LA INVESTIGACI\u00d3N CIENT\u00cdFICA.*<\/strong><\/p>\n<p><a href=\"https:\/\/drive.google.com\/file\/d\/1F1VhUiiJ8of15SWeko7mROXMiE3wWFA_\/view?usp=sharing\">&lt; Acta de cierre de inscripci\u00f3n &gt;<\/a><\/p>\n<p style=\"font-weight: 400;\">Conforme lo dispuesto en el art. 18 y 25 se eleva el acta de inscripci\u00f3n del\u00a0Concurso P\u00fablico de Antecedentes y Oposici\u00f3n para la provisi\u00f3n de un cargo de Profesor Titular Regular con dedicaci\u00f3n simple, en el \u00c1rea Curricular Ciencias Pol\u00edticas y Sociales, con funciones en la asignatura &#8220;Metodolog\u00eda de la Investigaci\u00f3n Cient\u00ecfica&#8221;.-<\/p>\n<p style=\"font-weight: 400;\">La Comisi\u00f3n Asesora est\u00e1 compuesta por:<\/p>\n<p>Docentes:<\/p>\n<p>Titulares:<\/p>\n<p>GUIBOURG, RICARDO<\/p>\n<p>SIMAZ, ALEXIS<\/p>\n<p>BOHMER, MARTIN<\/p>\n<p>Suplentes:<\/p>\n<p>BASSO, ALFONSO<\/p>\n<p>Graduados:<\/p>\n<p>TITULAR: ALMIRON, ZAIRA<\/p>\n<p>Suplente: ANTONIO, LEANDRO<\/p>\n<p>Estudiantes:<\/p>\n<p>Titular: SALORD, Gonzalo<\/p>\n<p>Suplente: CERMINARO, GONZALO<\/p>\n<p><strong>CONCURSO P\u00daBLICO DE OPOSICI\u00d3N Y ANTECEDENTES (OCA N\u00b0 945\/20 y RD N\u00b0487\/20), PARA LA PROVISI\u00d3N DE UN (1) CARGO DE PROFESOR TITULAR REGULAR CON DEDICACI\u00d3N SIMPLE, EN EL \u00c1REA CURRICULAR DERECHO PENAL, CON FUNCIONES EN LA ASIGNATURA *PR\u00c1CTICA PROCESAL PENAL.*<\/strong><\/p>\n<p><a href=\"https:\/\/drive.google.com\/file\/d\/1tsOD7RRXUF10Xh4WMsRk29jsH2UoXMwR\/view?usp=sharing\">&lt; Acta de cierre de inscripci\u00f3n &gt;<\/a><\/p>\n<p style=\"font-weight: 400;\">Conforme lo dispuesto en el art. 18 y 25 se eleva el acta de inscripci\u00f3n del\u00a0Concurso P\u00fablico de Antecedentes y Oposici\u00f3n para la provisi\u00f3n de un cargo de Profesor Titular Regular con dedicaci\u00f3n simple, en el \u00c1rea Curricular Derecho Penal, con funciones en la asignatura &#8220;Pr\u00e1ctica Procesal Penal&#8221;.-<\/p>\n<p style=\"font-weight: 400;\">La Comisi\u00f3n Asesora est\u00e1 compuesta por:<\/p>\n<p>Docentes:<\/p>\n<p>Titulares:<\/p>\n<p>BUOMPADRE, JORGE EDUARDO<\/p>\n<p>SARRABAYROUSE, EUGENIO<\/p>\n<p>TAZZA, ALEJANDRO<\/p>\n<p>Suplentes:<\/p>\n<p>LIENDRO KAPUTZIC, LUCAS<\/p>\n<p>RIQUERT, MARCELO<\/p>\n<p>Graduados:<\/p>\n<p>TITULAR: CAPARROS, MARIA PAULA<\/p>\n<p>Suplente: MARINUCCI, PAMELA<\/p>\n<p>Estudiantes:<\/p>\n<p>Titular: ANDREOLI, LUCIA<\/p>\n<p>Suplente: JUAREZ, MARIA VICTORIA<\/p>\n<p>INSCRIPCI\u00d3N <strong>(FINALIZADA)<\/strong>: MEDIANTE PRESENTACI\u00d3N DIGITAL DEL FORMULARIO Y LA\u00a0DOCUMENTACI\u00d3N REQUERIDA AL CORREO ELECTR\u00d3NICO DEL DEPARTAMENTO DE\u00a0 CONCURSOS: <a href=\"mailto:concdere@gmail.com\">concdere@gmail.com<\/a>, INDICANDO EN EL\u00a0ASUNTO EL CONCURSO AL QUE SOLICITA INSCRIBIRSE.<\/p>\n<p>*PER\u00cdODO DE INSCRIPCI\u00d3N DESDE EL 15\/12\/2020 HASTA EL 08\/01\/2021 A LAS 13 HS.*<\/p>\n<p>RECTIFICACI\u00d3N POR RD N\u00b0 484\/20, DEL PLAZO DE PRESENTACI\u00d3N DE DOCUMENTACI\u00d3N PARA EL CONCURSO P\u00daBLICO Y CIRCUNSCRIPTO DE OPOSICI\u00d3N Y ANTECEDENTES, APROBADO POR OCA N\u00b0 946\/20, ENCUADRADO EN EL ART\u00cdCULO 3 INCISO \u201cB\u201d DEL ANEXO DE LA OCS N\u00b0 2082\/16, PARA REGULARIZAR CARGOS INTERINOS. la misma ser\u00e1 *DESDE EL 15\/12 HASTA EL 30\/12 DE 2020 A LAS 13 HS.* MEDIANTE PRESENTACI\u00d3N DIGITAL DEL FORMULARIO Y LA DOCUMENTACI\u00d3N REQUERIDA AL CORREO ELECTR\u00d3NICO DEL DEPARTAMENTO DE \u00a0CONCURSOS:\u00a0<a href=\"mailto:CONCDERE@GMAIL.COM\">CONCDERE@GMAIL.COM<\/a>, INDICANDO EN EL ASUNTO &#8220;*concurso cerrado al \u00e1rea*&#8221; .<\/p>\n","protected":false},"excerpt":{"rendered":"<p>La Facultad de Derecho de la Universidad Nacional de Mar del Plata, llama a Concurso P\u00fablico de Antecedentes y Oposici\u00f3n (conforme lo establecido por OCS N\u00b0690\/93 y modificatorias).<\/p>\n","protected":false},"author":1,"featured_media":847,"comment_status":"open","ping_status":"open","sticky":false,"template":"","format":"standard","meta":[],"categories":[2],"tags":[],"_links":{"self":[{"href":"https:\/\/derecho.mdp.edu.ar\/index.php\/wp-json\/wp\/v2\/posts\/846"}],"collection":[{"href":"https:\/\/derecho.mdp.edu.ar\/index.php\/wp-json\/wp\/v2\/posts"}],"about":[{"href":"https:\/\/derecho.mdp.edu.ar\/index.php\/wp-json\/wp\/v2\/types\/post"}],"author":[{"embeddable":true,"href":"https:\/\/derecho.mdp.edu.ar\/index.php\/wp-json\/wp\/v2\/users\/1"}],"replies":[{"embeddable":true,"href":"https:\/\/derecho.mdp.edu.ar\/index.php\/wp-json\/wp\/v2\/comments?post=846"}],"version-history":[{"count":14,"href":"https:\/\/derecho.mdp.edu.ar\/index.php\/wp-json\/wp\/v2\/posts\/846\/revisions"}],"predecessor-version":[{"id":859,"href":"https:\/\/derecho.mdp.edu.ar\/index.php\/wp-json\/wp\/v2\/posts\/846\/revisions\/859"}],"wp:featuredmedia":[{"embeddable":true,"href":"https:\/\/derecho.mdp.edu.ar\/index.php\/wp-json\/wp\/v2\/media\/847"}],"wp:attachment":[{"href":"https:\/\/derecho.mdp.edu.ar\/index.php\/wp-json\/wp\/v2\/media?parent=846"}],"wp:term":[{"taxonomy":"category","embeddable":true,"href":"https:\/\/derecho.mdp.edu.ar\/index.php\/wp-json\/wp\/v2\/categories?post=846"},{"taxonomy":"post_tag","embeddable":true,"href":"https:\/\/derecho.mdp.edu.ar\/index.php\/wp-json\/wp\/v2\/tags?post=846"}],"curies":[{"name":"wp","href":"https:\/\/api.w.org\/{rel}","templated":true}]}}