{"id":829,"date":"2020-08-21T13:24:11","date_gmt":"2020-08-21T16:24:11","guid":{"rendered":"http:\/\/www.mdp.edu.ar\/derecho\/derecho2019\/?p=829"},"modified":"2020-08-21T13:24:11","modified_gmt":"2020-08-21T16:24:11","slug":"resumen-final-del-primer-cuatrimestre-2020","status":"publish","type":"post","link":"https:\/\/derecho.mdp.edu.ar\/index.php\/2020\/08\/21\/resumen-final-del-primer-cuatrimestre-2020\/","title":{"rendered":"Resumen final del primer cuatrimestre 2020"},"content":{"rendered":"<h1>Resumen final del primer cuatrimestre 2020<\/h1>\n<p>La distancia no fue obst\u00e1culo para la educaci\u00f3n p\u00fablica. <span class=\"q9uorilb tbxw36s4 knj5qynh kvgmc6g5 ditlmg2l oygrvhab nvdbi5me fgm26odu gl3lb2sf hhz5lgdu\"><img loading=\"lazy\" src=\"https:\/\/static.xx.fbcdn.net\/images\/emoji.php\/v9\/t27\/1.5\/16\/1f600.png\" alt=\"&#x1f600;\" width=\"16\" height=\"16\" \/><\/span><span class=\"q9uorilb tbxw36s4 knj5qynh kvgmc6g5 ditlmg2l oygrvhab nvdbi5me fgm26odu gl3lb2sf hhz5lgdu\"><img loading=\"lazy\" src=\"https:\/\/static.xx.fbcdn.net\/images\/emoji.php\/v9\/t57\/1.5\/16\/1f44f.png\" alt=\"&#x1f44f;\" width=\"16\" height=\"16\" \/><\/span>\u00a1Agradecemos el compromiso de estudiantes, docentes y personal universitario con nuestra facultad! <a class=\"oajrlxb2 g5ia77u1 qu0x051f esr5mh6w e9989ue4 r7d6kgcz rq0escxv nhd2j8a9 nc684nl6 p7hjln8o kvgmc6g5 cxmmr5t8 oygrvhab hcukyx3x jb3vyjys rz4wbd8a qt6c0cv9 a8nywdso i1ao9s8h esuyzwwr f1sip0of lzcic4wl q66pz984 gpro0wi8 b1v8xokw\" tabindex=\"0\" role=\"link\" href=\"https:\/\/www.facebook.com\/hashtag\/somosderecho?__eep__=6&amp;__cft__[0]=AZUVnuQme_nuFwEpZ-dpIYeVA3oht2eRjBLvQuMjyFLvK40JlEZVSzstkSjlfsVrI8Fzk3sp_gBh0w3RYRFPQscFp-8_9oo3cq7xJq2XjW3WhQDbqOol85oc7jRIQDeKdYtdDYtHgYunBF-sYGgB6Y-w5nUsYAI5G-9HcahWX5qTzQVSHIIPMphQhmDgdcIxGHM&amp;__tn__=*NK-R\">#SomosDerecho<\/a><\/p>\n<p><iframe loading=\"lazy\" src=\"https:\/\/www.youtube.com\/embed\/jLa-kWcvuxk\" width=\"560\" height=\"315\" frameborder=\"0\" allowfullscreen=\"allowfullscreen\"><\/iframe><\/p>\n","protected":false},"excerpt":{"rendered":"<p>La distancia no fue obst\u00e1culo para la educaci\u00f3n p\u00fablica. \u00a1Agradecemos el compromiso de estudiantes, docentes y personal universitario con nuestra facultad! #SomosDerecho<\/p>\n","protected":false},"author":1,"featured_media":830,"comment_status":"open","ping_status":"open","sticky":false,"template":"","format":"standard","meta":[],"categories":[2],"tags":[],"_links":{"self":[{"href":"https:\/\/derecho.mdp.edu.ar\/index.php\/wp-json\/wp\/v2\/posts\/829"}],"collection":[{"href":"https:\/\/derecho.mdp.edu.ar\/index.php\/wp-json\/wp\/v2\/posts"}],"about":[{"href":"https:\/\/derecho.mdp.edu.ar\/index.php\/wp-json\/wp\/v2\/types\/post"}],"author":[{"embeddable":true,"href":"https:\/\/derecho.mdp.edu.ar\/index.php\/wp-json\/wp\/v2\/users\/1"}],"replies":[{"embeddable":true,"href":"https:\/\/derecho.mdp.edu.ar\/index.php\/wp-json\/wp\/v2\/comments?post=829"}],"version-history":[{"count":1,"href":"https:\/\/derecho.mdp.edu.ar\/index.php\/wp-json\/wp\/v2\/posts\/829\/revisions"}],"predecessor-version":[{"id":831,"href":"https:\/\/derecho.mdp.edu.ar\/index.php\/wp-json\/wp\/v2\/posts\/829\/revisions\/831"}],"wp:featuredmedia":[{"embeddable":true,"href":"https:\/\/derecho.mdp.edu.ar\/index.php\/wp-json\/wp\/v2\/media\/830"}],"wp:attachment":[{"href":"https:\/\/derecho.mdp.edu.ar\/index.php\/wp-json\/wp\/v2\/media?parent=829"}],"wp:term":[{"taxonomy":"category","embeddable":true,"href":"https:\/\/derecho.mdp.edu.ar\/index.php\/wp-json\/wp\/v2\/categories?post=829"},{"taxonomy":"post_tag","embeddable":true,"href":"https:\/\/derecho.mdp.edu.ar\/index.php\/wp-json\/wp\/v2\/tags?post=829"}],"curies":[{"name":"wp","href":"https:\/\/api.w.org\/{rel}","templated":true}]}}