{"id":734,"date":"2020-04-20T11:51:36","date_gmt":"2020-04-20T14:51:36","guid":{"rendered":"http:\/\/www.mdp.edu.ar\/derecho\/derecho2019\/?p=734"},"modified":"2020-04-20T11:53:31","modified_gmt":"2020-04-20T14:53:31","slug":"acompanamiento-pedagogico-en-tiempos-de-covid-19","status":"publish","type":"post","link":"https:\/\/derecho.mdp.edu.ar\/index.php\/2020\/04\/20\/acompanamiento-pedagogico-en-tiempos-de-covid-19\/","title":{"rendered":"Acompa\u00f1amiento Pedag\u00f3gico en tiempos de COVID-19"},"content":{"rendered":"<h1>ACOMPA\u00d1AMIENTO PEDAG\u00d3GICO A PROFESORAS Y PROFESORES DE DERECHO EN TIEMPOS DE COVID-19<\/h1>\n<p>Estamos en \u00e9pocas de contingencia en la cual todos nos comprometemos desde\u00a0nuestro lugar a pensar qu\u00e9 estrategias podr\u00e1n colaborar con nuestra tarea docente, en\u00a0tiempos de cuarentena sanitaria. Tenemos que considerar, adem\u00e1s, que las actividades\u00a0educativas, deber\u00edan enmarcarse y promover la prevenci\u00f3n y el cuidado individual y\u00a0comunitario y colaborar en la organizaci\u00f3n del tiempo de nuestros estudiantes.<\/p>\n<p>Este espacio intenta acompa\u00f1ar la tarea docente para dar continuidad a las<br \/>\nclases universitarias en la Facultad de Derecho de la UNMDP.\u00a0Se trabajar\u00e1 desde espacios que permitan dar respuesta a cuestiones como\u00a0\u00bfqu\u00e9 deber\u00eda tener en cuenta a la hora de dise\u00f1ar una clase virtual? \u00bfqu\u00e9 criterios\u00a0puedo considerar cuando elijo un recurso? \u00bfc\u00f3mo puedo mejorar el feedback con mis\u00a0estudiantes? \u00bfqu\u00e9 instrumentos de evaluaci\u00f3n puedo utilizar?\u00a0Se podr\u00e1n compartir propuestas, recursos, inquietudes que gracias a la tarea\u00a0conjunta, facilite las clases universitarias de Derecho en esta situaci\u00f3n que nos toca\u00a0atravesar, en la que todos estamos aprendiendo.<\/p>\n<p>Trabajaremos con un cronograma tentativo, que lo adaptaremos seg\u00fan\u00a0necesidades relevadas, inter\u00e9s, evaluaci\u00f3n de modalidades, etc.<\/p>\n<h2>Objetivos:<\/h2>\n<ul>\n<li>Compartir orientaciones pr\u00e1cticas sobre el aprovechamiento de las plataformas de\u00a0aprendizaje virtual.<\/li>\n<li>Explotar los recursos para comunicarse, organizar contenidos, dise\u00f1ar tareas y evaluar\u00a0en entornos virtuales.<\/li>\n<li>Identificar y difundir experiencias de buenas clases.<\/li>\n<\/ul>\n<p>Los encuentros se har\u00e1n mediante el sistema de reuniones virtuales Zoom, a cargo de la Esp. Silvana Melisa S\u00e1ndez. Las tem\u00e1ticas que se abordar\u00e1n son &#8220;Clase Virtual&#8221;, &#8220;Uso de Recursos y Actividades al servicio\u00a0de\u00a0objetivos\/competencias&#8221;, &#8220;Feedback con el\u00a0estudiante: acompa\u00f1ar y\u00a0monitorear el\u00a0aprendizaje de\u00a0nuestros estudiantes&#8221; y &#8220;Evaluar en entornos<br \/>\nvirtuales&#8221;.<\/p>\n","protected":false},"excerpt":{"rendered":"<p>Acompa\u00f1amiento Pedag\u00f3gico a Profesoras y Profesoras de Derecho es una propuesta que intenta acompa\u00f1ar la tarea docente para dar continuidad a las clases universitarias en la Facultad de Derecho de la UNMDP.<\/p>\n","protected":false},"author":1,"featured_media":735,"comment_status":"open","ping_status":"open","sticky":false,"template":"","format":"standard","meta":[],"categories":[8,2],"tags":[],"_links":{"self":[{"href":"https:\/\/derecho.mdp.edu.ar\/index.php\/wp-json\/wp\/v2\/posts\/734"}],"collection":[{"href":"https:\/\/derecho.mdp.edu.ar\/index.php\/wp-json\/wp\/v2\/posts"}],"about":[{"href":"https:\/\/derecho.mdp.edu.ar\/index.php\/wp-json\/wp\/v2\/types\/post"}],"author":[{"embeddable":true,"href":"https:\/\/derecho.mdp.edu.ar\/index.php\/wp-json\/wp\/v2\/users\/1"}],"replies":[{"embeddable":true,"href":"https:\/\/derecho.mdp.edu.ar\/index.php\/wp-json\/wp\/v2\/comments?post=734"}],"version-history":[{"count":2,"href":"https:\/\/derecho.mdp.edu.ar\/index.php\/wp-json\/wp\/v2\/posts\/734\/revisions"}],"predecessor-version":[{"id":737,"href":"https:\/\/derecho.mdp.edu.ar\/index.php\/wp-json\/wp\/v2\/posts\/734\/revisions\/737"}],"wp:featuredmedia":[{"embeddable":true,"href":"https:\/\/derecho.mdp.edu.ar\/index.php\/wp-json\/wp\/v2\/media\/735"}],"wp:attachment":[{"href":"https:\/\/derecho.mdp.edu.ar\/index.php\/wp-json\/wp\/v2\/media?parent=734"}],"wp:term":[{"taxonomy":"category","embeddable":true,"href":"https:\/\/derecho.mdp.edu.ar\/index.php\/wp-json\/wp\/v2\/categories?post=734"},{"taxonomy":"post_tag","embeddable":true,"href":"https:\/\/derecho.mdp.edu.ar\/index.php\/wp-json\/wp\/v2\/tags?post=734"}],"curies":[{"name":"wp","href":"https:\/\/api.w.org\/{rel}","templated":true}]}}