{"id":728,"date":"2020-04-13T11:16:24","date_gmt":"2020-04-13T14:16:24","guid":{"rendered":"http:\/\/www.mdp.edu.ar\/derecho\/derecho2019\/?p=728"},"modified":"2020-04-13T11:19:15","modified_gmt":"2020-04-13T14:19:15","slug":"comunicado-del-consejo-permanente-de-decanas-y-decanos-de-facultades-de-derecho-de-universidades-nacionales","status":"publish","type":"post","link":"https:\/\/derecho.mdp.edu.ar\/index.php\/2020\/04\/13\/comunicado-del-consejo-permanente-de-decanas-y-decanos-de-facultades-de-derecho-de-universidades-nacionales\/","title":{"rendered":"Comunicado del Csjo. de Decanas y Decanos de Fac. de Derecho de Universidades Nacionales"},"content":{"rendered":"<div class=\"kvgmc6g5 cxmmr5t8 oygrvhab hcukyx3x c1et5uql ii04i59q\">\n<div dir=\"auto\"><span style=\"font-size: 1rem;\">Desde el CONSEJO PERMANENTE DE DECANAS Y DECANOS DE FACULTADES DE DERECHO DE UNIVERSIDADES NACIONALES queremos expresar el siguiente mensaje:<\/span><\/div>\n<\/div>\n<div class=\"o9v6fnle cxmmr5t8 oygrvhab hcukyx3x c1et5uql ii04i59q\">\n<div dir=\"auto\">La crisis epidemiol\u00f3gica que enfrentamos nos pone a prueba en varios sentidos. Son tiempos dif\u00edciles desde lo sanitario, econ\u00f3mico y social. En el \u00e1mbito universitario no estamos exentos de esta realidad y nos enfrentamos a importantes obst\u00e1culos y desaf\u00edos.<\/div>\n<div dir=\"auto\">Como Consejo Permanente de Decanas y Decanos de Facultades de Derecho de Universidades Nacionales entendemos necesario expresar la importancia de poner en el centro de la escena el aseguramiento del derecho humano a la educaci\u00f3n de nuestras y nuestros estudiantes.<\/div>\n<div dir=\"auto\">Para lograrlo, la comunidad acad\u00e9mica no ha dudado en redoblar sus esfuerzos incorporando cambios sustanciales al modelo educativo. La implementaci\u00f3n del uso de herramientas virtuales y el desarrollo de habilidades en el uso de TICs se han convertido en un instrumento esencial para asegurar la formaci\u00f3n, el acompa\u00f1amiento y la contenci\u00f3n del estudiantado de cada una de nuestras Facultades.<\/div>\n<\/div>\n<div class=\"o9v6fnle cxmmr5t8 oygrvhab hcukyx3x c1et5uql ii04i59q\">\n<div dir=\"auto\">El compromiso de la Universidad P\u00fablica con la sociedad nos exige estar alerta para mantener la calidad educativa de los contenidos que se imparten, a\u00fan en estas especiales circunstancias y, en mayor<\/div>\n<div dir=\"auto\">medida, entender lo trascendental de brindar la contenci\u00f3n y comprensi\u00f3n a los y las estudiantes en virtud que la prioridad de estas circunstancias es el cuidado de la salud.<\/div>\n<\/div>\n<div class=\"o9v6fnle cxmmr5t8 oygrvhab hcukyx3x c1et5uql ii04i59q\">\n<div dir=\"auto\">Es necesario destacar el trabajo que vienen desarrollando docentes, no docentes y autoridades de todas las Universidades. El trabajo en conjunto es el motor de estos tiempos.<\/div>\n<\/div>\n<div class=\"o9v6fnle cxmmr5t8 oygrvhab hcukyx3x c1et5uql ii04i59q\">\n<div dir=\"auto\">Todas las Unidades Acad\u00e9micas, agrupadas en este Consejo Permanente, hacemos p\u00fablica nuestra responsabilidad social. Y lo ponemos en hechos, renovando el trabajo cotidiano, incentivando las funciones de investigaci\u00f3n y extensi\u00f3n para buscar, encontrar e impulsar respuestas y herramientas imprescindibles para enfrentar la grav\u00edsima crisis que enfrentamos. La que, juntos, seguramente superaremos.<\/div>\n<div dir=\"auto\"><\/div>\n<\/div>\n<div class=\"o9v6fnle cxmmr5t8 oygrvhab hcukyx3x c1et5uql ii04i59q\">\n<div dir=\"auto\"><em><strong>Dra. Mar\u00eda Fernanda V\u00e1zquez<\/strong><\/em><\/div>\n<div dir=\"auto\"><em><strong>Decana \u2013 Fac. Derecho Univ. Nacional de Lomas de Zamora<\/strong><\/em><\/div>\n<div dir=\"auto\"><em><strong>Presidenta Pro Tempore<\/strong><\/em><\/div>\n<div dir=\"auto\"><\/div>\n<\/div>\n<div dir=\"auto\"><img loading=\"lazy\" class=\"aligncenter wp-image-730 size-medium\" src=\"http:\/\/www.mdp.edu.ar\/derecho\/derecho2019\/wp-content\/uploads\/WhatsApp-Image-2020-04-13-at-10.26.42-300x200.jpeg\" alt=\"\" width=\"300\" height=\"200\" srcset=\"https:\/\/derecho.mdp.edu.ar\/wp-content\/uploads\/WhatsApp-Image-2020-04-13-at-10.26.42-300x200.jpeg 300w, https:\/\/derecho.mdp.edu.ar\/wp-content\/uploads\/WhatsApp-Image-2020-04-13-at-10.26.42-350x233.jpeg 350w, https:\/\/derecho.mdp.edu.ar\/wp-content\/uploads\/WhatsApp-Image-2020-04-13-at-10.26.42-768x512.jpeg 768w, https:\/\/derecho.mdp.edu.ar\/wp-content\/uploads\/WhatsApp-Image-2020-04-13-at-10.26.42-1024x682.jpeg 1024w, https:\/\/derecho.mdp.edu.ar\/wp-content\/uploads\/WhatsApp-Image-2020-04-13-at-10.26.42.jpeg 1280w\" sizes=\"(max-width: 300px) 100vw, 300px\" \/><\/div>\n","protected":false},"excerpt":{"rendered":"<p>La Presidenta del Consejo de Decanas y Decanos de Facultades de Derecho de Universidades Nacionales Dra. Mar\u00eda Fernanda V\u00e1zquez difundi\u00f3 un comunicado sobre los desaf\u00edos que enfrenta la educaci\u00f3n p\u00fablica universitaria en el contexto actual.   <\/p>\n","protected":false},"author":1,"featured_media":729,"comment_status":"open","ping_status":"open","sticky":false,"template":"","format":"standard","meta":[],"categories":[2],"tags":[],"_links":{"self":[{"href":"https:\/\/derecho.mdp.edu.ar\/index.php\/wp-json\/wp\/v2\/posts\/728"}],"collection":[{"href":"https:\/\/derecho.mdp.edu.ar\/index.php\/wp-json\/wp\/v2\/posts"}],"about":[{"href":"https:\/\/derecho.mdp.edu.ar\/index.php\/wp-json\/wp\/v2\/types\/post"}],"author":[{"embeddable":true,"href":"https:\/\/derecho.mdp.edu.ar\/index.php\/wp-json\/wp\/v2\/users\/1"}],"replies":[{"embeddable":true,"href":"https:\/\/derecho.mdp.edu.ar\/index.php\/wp-json\/wp\/v2\/comments?post=728"}],"version-history":[{"count":3,"href":"https:\/\/derecho.mdp.edu.ar\/index.php\/wp-json\/wp\/v2\/posts\/728\/revisions"}],"predecessor-version":[{"id":733,"href":"https:\/\/derecho.mdp.edu.ar\/index.php\/wp-json\/wp\/v2\/posts\/728\/revisions\/733"}],"wp:featuredmedia":[{"embeddable":true,"href":"https:\/\/derecho.mdp.edu.ar\/index.php\/wp-json\/wp\/v2\/media\/729"}],"wp:attachment":[{"href":"https:\/\/derecho.mdp.edu.ar\/index.php\/wp-json\/wp\/v2\/media?parent=728"}],"wp:term":[{"taxonomy":"category","embeddable":true,"href":"https:\/\/derecho.mdp.edu.ar\/index.php\/wp-json\/wp\/v2\/categories?post=728"},{"taxonomy":"post_tag","embeddable":true,"href":"https:\/\/derecho.mdp.edu.ar\/index.php\/wp-json\/wp\/v2\/tags?post=728"}],"curies":[{"name":"wp","href":"https:\/\/api.w.org\/{rel}","templated":true}]}}