{"id":719,"date":"2020-03-19T14:00:35","date_gmt":"2020-03-19T17:00:35","guid":{"rendered":"http:\/\/www.mdp.edu.ar\/derecho\/derecho2019\/?p=719"},"modified":"2020-03-19T14:03:08","modified_gmt":"2020-03-19T17:03:08","slug":"se-posterga-el-inicio-de-clases-presenciales-en-nuestra-facultad","status":"publish","type":"post","link":"https:\/\/derecho.mdp.edu.ar\/index.php\/2020\/03\/19\/se-posterga-el-inicio-de-clases-presenciales-en-nuestra-facultad\/","title":{"rendered":"Postergado el inicio de clases en la facultad"},"content":{"rendered":"<h1 dir=\"auto\">INFORMACI\u00d3N IMPORTANTE<\/h1>\n<div dir=\"auto\"><span style=\"font-size: 1rem;\">De acuerdo a las recomendaciones del Ministerio de la Salud de la Naci\u00f3n y del Ministerio de Educaci\u00f3n de la Naci\u00f3n la UNMdP en relaci\u00f3n con la propagaci\u00f3n del COVID-19 decidi\u00f3 postergar el dictado de clases presenciales hasta el 31 de marzo.<\/span><\/div>\n<div class=\"kvgmc6g5 cxmmr5t8 oygrvhab hcukyx3x c1et5uql ii04i59q\">\n<div dir=\"auto\"><\/div>\n<\/div>\n<div class=\"o9v6fnle cxmmr5t8 oygrvhab hcukyx3x c1et5uql ii04i59q\">\n<div dir=\"auto\">Las medidas adoptadas son tomadas con la responsabilidad de asegurar el cumplimiento normal de nuestro calendario acad\u00e9mico. Por lo tanto, el cuerpo docente brindar\u00e1 durante la semana indicaciones y accesos a las aulas virtuales para el comienzo regular de las actividades.<\/div>\n<div dir=\"auto\"><\/div>\n<\/div>\n<div class=\"o9v6fnle cxmmr5t8 oygrvhab hcukyx3x c1et5uql ii04i59q\">\n<div dir=\"auto\">Asimismo, informamos que se reprogramar\u00e1n las actividades extracurriculares previstas para marzo y abril, al igual que el dictado de cursos de posgrado. Las nuevas fechas dispuestas para dichos eventos se publicar\u00e1n oportunamente.<\/div>\n<div dir=\"auto\"><\/div>\n<\/div>\n<div class=\"o9v6fnle cxmmr5t8 oygrvhab hcukyx3x c1et5uql ii04i59q\">\n<div dir=\"auto\">Reafirmamos el compromiso con la situaci\u00f3n y a fin de evitar el contacto personal sugerimos que las consultas se realicen v\u00eda telef\u00f3nica y mediante correo electr\u00f3nico. Ponemos a disposici\u00f3n de la comunidad educativa los siguientes contactos:<\/div>\n<div dir=\"auto\"><strong>Divisi\u00f3n Alumnos:<\/strong> alumndere@mdp.edu.ar<\/div>\n<div dir=\"auto\"><strong>Secretar\u00eda acad\u00e9mica:<\/strong> subacadere@mdp.edu.ar<\/div>\n<div dir=\"auto\"><strong>Guardia e Informes:<\/strong> (0223) 495-7770 interno 108.<\/div>\n<div dir=\"auto\"><\/div>\n<\/div>\n<div class=\"o9v6fnle cxmmr5t8 oygrvhab hcukyx3x c1et5uql ii04i59q\">\n<div dir=\"auto\">Ante cualquier emergencia comunicarse al 107, Sistema de Atenci\u00f3n M\u00e9dica de Emergencia de la Municipalidad de General Pueyrredon.<\/div>\n<\/div>\n","protected":false},"excerpt":{"rendered":"<p>En relaci\u00f3n con la propagaci\u00f3n del COVID-19 la UNMdP decidi\u00f3 postergar el dictado de clases presenciales hasta el 31 de marzo, se reprogramar\u00e1n eventos y la actividad acad\u00e9mica se desarrollar\u00e1 virtualmente.<\/p>\n","protected":false},"author":1,"featured_media":720,"comment_status":"open","ping_status":"open","sticky":false,"template":"","format":"standard","meta":[],"categories":[2],"tags":[],"_links":{"self":[{"href":"https:\/\/derecho.mdp.edu.ar\/index.php\/wp-json\/wp\/v2\/posts\/719"}],"collection":[{"href":"https:\/\/derecho.mdp.edu.ar\/index.php\/wp-json\/wp\/v2\/posts"}],"about":[{"href":"https:\/\/derecho.mdp.edu.ar\/index.php\/wp-json\/wp\/v2\/types\/post"}],"author":[{"embeddable":true,"href":"https:\/\/derecho.mdp.edu.ar\/index.php\/wp-json\/wp\/v2\/users\/1"}],"replies":[{"embeddable":true,"href":"https:\/\/derecho.mdp.edu.ar\/index.php\/wp-json\/wp\/v2\/comments?post=719"}],"version-history":[{"count":3,"href":"https:\/\/derecho.mdp.edu.ar\/index.php\/wp-json\/wp\/v2\/posts\/719\/revisions"}],"predecessor-version":[{"id":723,"href":"https:\/\/derecho.mdp.edu.ar\/index.php\/wp-json\/wp\/v2\/posts\/719\/revisions\/723"}],"wp:featuredmedia":[{"embeddable":true,"href":"https:\/\/derecho.mdp.edu.ar\/index.php\/wp-json\/wp\/v2\/media\/720"}],"wp:attachment":[{"href":"https:\/\/derecho.mdp.edu.ar\/index.php\/wp-json\/wp\/v2\/media?parent=719"}],"wp:term":[{"taxonomy":"category","embeddable":true,"href":"https:\/\/derecho.mdp.edu.ar\/index.php\/wp-json\/wp\/v2\/categories?post=719"},{"taxonomy":"post_tag","embeddable":true,"href":"https:\/\/derecho.mdp.edu.ar\/index.php\/wp-json\/wp\/v2\/tags?post=719"}],"curies":[{"name":"wp","href":"https:\/\/api.w.org\/{rel}","templated":true}]}}