{"id":689,"date":"2019-11-15T13:39:16","date_gmt":"2019-11-15T16:39:16","guid":{"rendered":"http:\/\/www.mdp.edu.ar\/derecho\/derecho2019\/?p=689"},"modified":"2019-11-15T14:43:56","modified_gmt":"2019-11-15T17:43:56","slug":"xi-concurso-nacional-universitario-de-litigacion-penal","status":"publish","type":"post","link":"https:\/\/derecho.mdp.edu.ar\/index.php\/2019\/11\/15\/xi-concurso-nacional-universitario-de-litigacion-penal\/","title":{"rendered":"XI CONCURSO NACIONAL UNIVERSITARIO DE LITIGACI\u00d3N PENAL"},"content":{"rendered":"<h1 data-offset-key=\"4h923-0-0\">XI CONCURSO NACIONAL UNIVERSITARIO DE LITIGACI\u00d3N PENAL<\/h1>\n<p style=\"text-align: left;\">El equipo de Litigaci\u00f3n Penal de la facultad nos represent\u00f3 en el XI CONCURSO NACIONAL UNIVERSITARIO DE LITIGACI\u00d3N PENAL con sede en la Universidad Nacional de Tucum\u00e1n.<\/p>\n<p>Nuestro equipo ocup\u00f3 el d\u00e9cimo puesto entre las 32 universidades participantes, conformado por\u00a0Agostina Frighetto, Agustina Ferro, Bianca Baldini, Dolores Urquijo, Claudia C\u00e1ceres, Paula Erviti y Nicol\u00e1s Conte.<\/p>\n<p>El grupo estuvo a cargo del docente Juan Galarreta.<\/p>\n<p style=\"text-align: center;\"><img loading=\"lazy\" class=\"aligncenter wp-image-693 size-medium\" src=\"http:\/\/www.mdp.edu.ar\/derecho\/derecho2019\/wp-content\/uploads\/WhatsApp-Image-2019-11-14-at-18.43.48-300x225.jpeg\" alt=\"\" width=\"300\" height=\"225\" srcset=\"https:\/\/derecho.mdp.edu.ar\/wp-content\/uploads\/WhatsApp-Image-2019-11-14-at-18.43.48-300x225.jpeg 300w, https:\/\/derecho.mdp.edu.ar\/wp-content\/uploads\/WhatsApp-Image-2019-11-14-at-18.43.48-350x263.jpeg 350w, https:\/\/derecho.mdp.edu.ar\/wp-content\/uploads\/WhatsApp-Image-2019-11-14-at-18.43.48-768x576.jpeg 768w, https:\/\/derecho.mdp.edu.ar\/wp-content\/uploads\/WhatsApp-Image-2019-11-14-at-18.43.48-1024x768.jpeg 1024w, https:\/\/derecho.mdp.edu.ar\/wp-content\/uploads\/WhatsApp-Image-2019-11-14-at-18.43.48.jpeg 1280w\" sizes=\"(max-width: 300px) 100vw, 300px\" \/><\/p>\n<p style=\"text-align: center;\"><img loading=\"lazy\" class=\"aligncenter wp-image-692 size-medium\" src=\"http:\/\/www.mdp.edu.ar\/derecho\/derecho2019\/wp-content\/uploads\/WhatsApp-Image-2019-11-14-at-18.43.47-300x225.jpeg\" alt=\"\" width=\"300\" height=\"225\" srcset=\"https:\/\/derecho.mdp.edu.ar\/wp-content\/uploads\/WhatsApp-Image-2019-11-14-at-18.43.47-300x225.jpeg 300w, https:\/\/derecho.mdp.edu.ar\/wp-content\/uploads\/WhatsApp-Image-2019-11-14-at-18.43.47-350x263.jpeg 350w, https:\/\/derecho.mdp.edu.ar\/wp-content\/uploads\/WhatsApp-Image-2019-11-14-at-18.43.47-768x576.jpeg 768w, https:\/\/derecho.mdp.edu.ar\/wp-content\/uploads\/WhatsApp-Image-2019-11-14-at-18.43.47-1024x768.jpeg 1024w, https:\/\/derecho.mdp.edu.ar\/wp-content\/uploads\/WhatsApp-Image-2019-11-14-at-18.43.47.jpeg 1280w\" sizes=\"(max-width: 300px) 100vw, 300px\" \/><\/p>\n","protected":false},"excerpt":{"rendered":"<p>El Equipo de Litigaci\u00f3n Penal de la Facultad de Derecho UNMdP ocup\u00f3 el d\u00e9cimo puesto del concurso, entre las 32 universidades participantes. <\/p>\n","protected":false},"author":1,"featured_media":690,"comment_status":"open","ping_status":"open","sticky":false,"template":"","format":"standard","meta":[],"categories":[2],"tags":[],"_links":{"self":[{"href":"https:\/\/derecho.mdp.edu.ar\/index.php\/wp-json\/wp\/v2\/posts\/689"}],"collection":[{"href":"https:\/\/derecho.mdp.edu.ar\/index.php\/wp-json\/wp\/v2\/posts"}],"about":[{"href":"https:\/\/derecho.mdp.edu.ar\/index.php\/wp-json\/wp\/v2\/types\/post"}],"author":[{"embeddable":true,"href":"https:\/\/derecho.mdp.edu.ar\/index.php\/wp-json\/wp\/v2\/users\/1"}],"replies":[{"embeddable":true,"href":"https:\/\/derecho.mdp.edu.ar\/index.php\/wp-json\/wp\/v2\/comments?post=689"}],"version-history":[{"count":5,"href":"https:\/\/derecho.mdp.edu.ar\/index.php\/wp-json\/wp\/v2\/posts\/689\/revisions"}],"predecessor-version":[{"id":698,"href":"https:\/\/derecho.mdp.edu.ar\/index.php\/wp-json\/wp\/v2\/posts\/689\/revisions\/698"}],"wp:featuredmedia":[{"embeddable":true,"href":"https:\/\/derecho.mdp.edu.ar\/index.php\/wp-json\/wp\/v2\/media\/690"}],"wp:attachment":[{"href":"https:\/\/derecho.mdp.edu.ar\/index.php\/wp-json\/wp\/v2\/media?parent=689"}],"wp:term":[{"taxonomy":"category","embeddable":true,"href":"https:\/\/derecho.mdp.edu.ar\/index.php\/wp-json\/wp\/v2\/categories?post=689"},{"taxonomy":"post_tag","embeddable":true,"href":"https:\/\/derecho.mdp.edu.ar\/index.php\/wp-json\/wp\/v2\/tags?post=689"}],"curies":[{"name":"wp","href":"https:\/\/api.w.org\/{rel}","templated":true}]}}