{"id":679,"date":"2020-02-07T12:03:21","date_gmt":"2020-02-07T15:03:21","guid":{"rendered":"http:\/\/www.mdp.edu.ar\/derecho\/derecho2019\/?p=679"},"modified":"2020-05-15T11:41:43","modified_gmt":"2020-05-15T14:41:43","slug":"nuevo-actualizacion-de-la-jurisprudencia-multifuero-de-la-corte-suprema-de-justicia-de-la-nacion","status":"publish","type":"post","link":"https:\/\/derecho.mdp.edu.ar\/index.php\/2020\/02\/07\/nuevo-actualizacion-de-la-jurisprudencia-multifuero-de-la-corte-suprema-de-justicia-de-la-nacion\/","title":{"rendered":"Actualizaci\u00f3n de la Jurisprudencia Multifuero de la CSJN"},"content":{"rendered":"<h1>Actualizaci\u00f3n de la Jurisprudencia Multifuero de la Corte Suprema de Justicia de la Naci\u00f3n<\/h1>\n<p><strong>Preinscripci\u00f3n:<\/strong>\u00a0v\u00eda email a posgrado.der@gmail.com<\/p>\n<p style=\"font-weight: 400;\"><strong>El curso ser\u00e1 presencial y se dictar\u00e1 en las siguientes fechas:\u00a0<\/strong>6 y 7 de marzo, 3 y 4 de abril, 8 y 9 de mayo, 5 y 6 de junio, 3 y 4 de julio, 7 y 8 de agosto, 4 y 5 de septiembre, 18 y 19 de septiembre, 2 y 3 de octubre, 23 y 24 de octubre, 6 y 7 de noviembre, 20 y 21 de noviembre, 4 y 5 de diciembre de 2020.<\/p>\n<p style=\"font-weight: 400;\"><strong>D\u00edas y horarios:<\/strong> Los viernes y s\u00e1bados de 16 a 20 hs y los s\u00e1bados de 9\u00a0 a 13 hs, en el Aula de Posgrado de la Facultad de Derecho de la UNMDP.<\/p>\n<h2><strong>PROGRAMA<\/strong><\/h2>\n<p><span lang=\"ES\"><b>RECURSO EXTRAORDINARIO FEDERAL Y DERECHO ELECTORAL<\/b><\/span><br \/>\n<span lang=\"ES\">Disertante:\u00a0<b>Cristian Abritta.\u00a0<\/b>Ex Secretario General de la CSJN a cargo de la Secretar\u00eda\u00a0Judicial n\u00b0 5 (Causas trascendentes).<\/span><\/p>\n<p><span lang=\"ES\"><b>ACCIONES COLECTIVAS<\/b>\u00a0\u00a0\u00a0\u00a0<\/span><br \/>\n<span lang=\"ES\">Disertante:\u00a0<b>Marina Prada.\u00a0<\/b>Secretaria Letrada de la CSJN. Magister en Derecho (Yale\u00a0University).<\/span><\/p>\n<p><span lang=\"ES\"><b>CONTROL DE CONVENCIONALIDAD\u00a0\u00a0\u00a0\u00a0<\/b><\/span><br \/>\n<span lang=\"ES\">Disertante:\u00a0<b>Sebasti\u00e1n El\u00edas.\u00a0<\/b>Secretario Letrado de la CSJN. Doctor en Derecho (Yale\u00a0University). Mag\u00edster en Derecho (Yale University).\u00a0<\/span><\/p>\n<p><span lang=\"ES\"><b>CONTROL DE CONSTITUCIONALIDAD<\/b>\u00a0\u00a0<\/span><br \/>\n<span lang=\"ES\">Disertante:\u00a0<b>Roberto Saggese.\u00a0<\/b>Secretario Letrado de la CSJN. Doctor en Derecho (UCA).\u00a0\u00a0\u00a0\u00a0\u00a0\u00a0 \u00a0\u00a0\u00a0\u00a0\u00a0\u00a0\u00a0\u00a0\u00a0\u00a0\u00a0\u00a0\u00a0\u00a0\u00a0\u00a0\u00a0\u00a0\u00a0\u00a0\u00a0\u00a0\u00a0\u00a0\u00a0\u00a0\u00a0\u00a0\u00a0\u00a0<wbr \/>\u00a0\u00a0\u00a0\u00a0\u00a0\u00a0\u00a0\u00a0\u00a0\u00a0\u00a0\u00a0\u00a0\u00a0\u00a0\u00a0\u00a0\u00a0\u00a0\u00a0\u00a0\u00a0\u00a0\u00a0\u00a0\u00a0\u00a0\u00a0\u00a0\u00a0<wbr \/>\u00a0\u00a0\u00a0\u00a0\u00a0\u00a0\u00a0\u00a0\u00a0\u00a0\u00a0\u00a0\u00a0\u00a0\u00a0\u00a0\u00a0\u00a0\u00a0\u00a0\u00a0\u00a0\u00a0\u00a0\u00a0\u00a0\u00a0\u00a0\u00a0\u00a0\u00a0 \u00a0 \u00a0 \u00a0\u00a0<\/span><\/p>\n<p><span lang=\"ES\"><b>DERECHO PENAL\u00a0\u00a0\u00a0\u00a0\u00a0\u00a0\u00a0<\/b><\/span><br \/>\n<span lang=\"ES\">Disertante:\u00a0<b>Fernando Arnedo.\u00a0<\/b>Secretario General de la CSJN a cargo de la Secretar\u00eda\u00a0Judicial n\u00b0 3 (Derecho Penal).\u00a0\u00a0\u00a0\u00a0\u00a0\u00a0\u00a0\u00a0\u00a0\u00a0\u00a0\u00a0\u00a0\u00a0\u00a0\u00a0\u00a0\u00a0\u00a0\u00a0\u00a0\u00a0\u00a0\u00a0<wbr \/>\u00a0\u00a0\u00a0\u00a0\u00a0\u00a0\u00a0\u00a0\u00a0\u00a0\u00a0\u00a0\u00a0\u00a0\u00a0\u00a0\u00a0\u00a0\u00a0\u00a0\u00a0\u00a0\u00a0\u00a0\u00a0\u00a0\u00a0\u00a0\u00a0\u00a0<wbr \/>\u00a0\u00a0\u00a0<\/span><\/p>\n<p><span lang=\"ES\"><b>DERECHO ADMINISTRATIVO<\/b>\u00a0\u00a0\u00a0\u00a0\u00a0\u00a0<\/span><br \/>\n<span lang=\"ES\">Disertante:\u00a0<b>Hern\u00e1n Espa\u00f1a.\u00a0<\/b>Secretario Letrado de la CSJN.<\/span><\/p>\n<p><span lang=\"ES\"><b>DERECHOS HUMANOS<\/b>\u00a0\u00a0\u00a0\u00a0\u00a0\u00a0\u00a0\u00a0<\/span><br \/>\n<span lang=\"ES\">Disertante:\u00a0<b>Rodrigo S\u00e1nchez Br\u00edgido.\u00a0<\/b>Secretario Letrado de la CSJN. Doctor en Filosof\u00eda\u00a0(Oxford University). Magister en Derecho (Oxford University).<\/span><\/p>\n<p><span lang=\"ES\"><b>DERECHO TRIBUTARIO<\/b>\u00a0\u00a0\u00a0\u00a0\u00a0<\/span><br \/>\n<span lang=\"ES\">Disertante:\u00a0<b>Gustavo Naveira de Casanova.\u00a0<\/b>Secretario General de la CSJN a cargo de la\u00a0Secretar\u00eda Judicial n\u00b0 7 (Derecho Tributario). Doctor en Derecho (Universidad de\u00a0Salamanca).<\/span><\/p>\n<p><span lang=\"ES\"><b>DERECHO CIVIL Y COMERCIAL\u00a0<\/b><\/span><br \/>\n<span lang=\"ES\">Disertante:\u00a0<b>Dami\u00e1n Font.\u00a0<\/b>Secretario General de la CSJN a cargo de la Secretar\u00eda Judicial\u00a0n\u00b0 1 (Derecho Civil y Comercial).<\/span><\/p>\n<p><span lang=\"ES\"><b>DERECHO LABORAL\u00a0\u00a0<\/b><\/span><br \/>\n<span lang=\"ES\">Disertante:\u00a0<b>Marcelo Navarro.<\/b>Secretario General de la CSJN a cargo de la Secretar\u00eda\u00a0Judicial n\u00b0 6 (Derecho Laboral). Doctor en Derecho del Trabajo (UBA).<\/span><\/p>\n<p><b>CONSTITUCIONALIZACI\u00d3N DEL DERECHO CIVIL\u00a0\u00a0<\/b><br \/>\n<span lang=\"ES\">Disertante:\u00a0<b>Federico de Lorenzo.\u00a0<\/b>Secretario General de la CSJN a cargo de la Secretar\u00eda\u00a0de Jurisprudencia. Secretario de la Comisi\u00f3n Redactora del Proyecto de Reforma del\u00a0C\u00f3digo Civil y Comercial de la Naci\u00f3n.<\/span><\/p>\n<p><span lang=\"ES\"><b>REMEDIOS Y LITIGIOS ESTRUCTURALES\u00a0\u00a0\u00a0\u00a0\u00a0\u00a0\u00a0\u00a0\u00a0\u00a0 \u00a0\u00a0<\/b><\/span><br \/>\n<span lang=\"ES\">Disertante:\u00a0<b>Mario C\u00e1mpora.\u00a0<\/b>Secretario Letrado de la CSJN. Magister en Derecho (New\u00a0York University).<\/span><\/p>\n<p><span lang=\"ES\"><b>DERECHO AMBIENTAL\u00a0\u00a0\u00a0\u00a0\u00a0\u00a0\u00a0\u00a0\u00a0 \u00a0\u00a0\u00a0\u00a0\u00a0<\/b><\/span><br \/>\n<span lang=\"ES\">Disertante:\u00a0<b>N\u00e9stor Cafferatta.\u00a0<\/b>Secretario General de la CSJN a cargo de la Secretaria de\u00a0Juicios Ambientales.\u00a0<\/span><\/p>\n<h2><strong>REQUISITOS DE INSCRIPCI\u00d3N, PERMANENCIA Y APROBACI\u00d3N DE ESTUDIANTES<\/strong><\/h2>\n<p>El curso est\u00e1 dirigido a profesionales con t\u00edtulo acad\u00e9mico de grado.\u00a0Deber\u00e1n remitir a\u00a0<a href=\"mailto:posgrado.der@gmail.com\">posgrado.der@gmail.com<\/a>\u00a0junto con el nombre del curso al cual desea inscribirse su nombre completo, numero de documento,\u00a0 tel\u00e9fono de contacto y copia simple de su titulo de grado o certificado de ultima materia o certificado de titulo en tr\u00e1mite en su caso.<\/p>\n<p>1)\u00a0\u00a0\u00a0Asistir al 80 % de las clases. Se entregaran certificados de asistencia.<\/p>\n<p>2)\u00a0\u00a0\u00a0Cada bloque tendr\u00e1 una evaluaci\u00f3n consistente en la\u00a0presentaci\u00f3n de un trabajo de reflexi\u00f3n sobre alguno de los temas tratados, no inferior a las 10 carillas, ni superior a las 15. Formato Times New\u00a0Roman 12 para el texto principal y 10 para las notas al pie, interlineado sencillo\u00a01.5 espacio. Con formulaci\u00f3n de hip\u00f3tesis de trabajo, conclusi\u00f3n, notas a pi\u00e9 claramente distinguidas y menci\u00f3n expresa de la bibliograf\u00eda consultada, que se aprobara con nota m\u00ednima de SEIS (6) en una escala de 0 a 10.- Para aquellos que presenten el trabajo final se otorgar\u00e1 certificados de aprobaci\u00f3n.-Dicho trabajo deber\u00e1 ser presentado en la secretar\u00eda de Posgrado de la Facultad de Derecho, luego de los 60 d\u00edas de finalizaci\u00f3n del curso.<\/p>\n<p>Se otorgan certificados de asistencia y\/o certificados de aprobaci\u00f3n (en caso de presentaci\u00f3n de trabajo a evaluaci\u00f3n).<\/p>\n<h2><strong>CUERPO DOCENTE<\/strong><\/h2>\n<p style=\"font-weight: 400;\"><strong>CRISTIAN ABRITTA<\/strong>\u00a0Especializaci\u00f3n en Derecho Procesal Constitucional a cargo del Dr. N\u00e9stor Sag\u00fc\u00e9s, promovido por coloquio, efectuado en la Universidad de \u00a0Belgrano, en 1982. Abogado- Facultad de Derecho y Ciencias Sociales \u00a0de la Universidad de Belgrano, egresado en 1980.- Secretario del Juzgado Nacional de Primera Instancia n\u00b0 47 Especial en lo Civil y Comercial, el d\u00eda 13 de junio de 1982.<\/p>\n<p style=\"font-weight: 400;\"><strong>MARINA PRADA\u00a0<\/strong>Magister en Derecho (LLMM) University of Yale (2000)-Abogada Universidad Pontificia Cat\u00f3lica de C\u00f3rdoba (1997).-Secretaria Letrada de la CSJN.<\/p>\n<p style=\"font-weight: 400;\"><strong>SEBASTIAN ELIAS\u00a0<\/strong>Doctor en Derecho \u2013University of Yale. New Haven.\u00a0Connecticut, U.S.A. J.S.D. (Doctor of the Juridical Science).-Magister en Derecho \u2013University of Yale.-\u00a0Abogado Facultad de Ciencias Jur\u00eddicas y Sociales, Universidad de Mendoza Mendoza (2001).- Secretario Letrado de la CSJN.<\/p>\n<p style=\"font-weight: 400;\"><strong>ROBERTO SAGGESE\u00a0<\/strong>Doctor en Ciencias Jur\u00eddicas \u2013Pontificia Universidad Cat\u00f3lica de Buenos Aires (2007). Abogado Universidad de Belgrano (1998).-Becario Programa de Intercambio Internacional de la Comunidad Europea Derecho-Universitat Pompeu Fabra (1998).<\/p>\n<p style=\"font-weight: 400;\"><strong>FERNANDO ARNEDO\u00a0<\/strong>Secretario General de la CSJN a cargo de la Secretaria Judicial Nro 3.<\/p>\n<p style=\"font-weight: 400;\"><strong>HERNAN ESPA\u00d1A<\/strong>\u00a0Secretario Letrado de la CSJN.<\/p>\n<p style=\"font-weight: 400;\"><strong>RODRIGO SANCHEZ BRIGIDO\u00a0<\/strong>Master of Studies in Legal Researchs \u2013University of Oxford Balliou College (2004).-Doctor of Philosophy \u2013University of Oxford (2008).-Abogado Universidad Nacional de C\u00f3rdoba (1998). Licenciado en Filosof\u00eda Universidad Nacional de C\u00f3rdoba (2000).<\/p>\n<p style=\"font-weight: 400;\"><strong>GUSTAVO NAVEIRA DE CASANOVA<\/strong>\u00a0Secretario General de la CSJN a cargo de la Secretar\u00eda Judicial n\u00b0 7 (Derecho Tributario). Doctor en Derecho (Universidad de Salamanca).<\/p>\n<p style=\"font-weight: 400;\"><strong>MARCELO NAVARRO<\/strong>\u00a0Secretario General de la CSJN a cargo de la Secretaria Judicial Nro. 6 (Derecho Laboral) Doctor en Derecho del Trabajo (UBA).<\/p>\n<p style=\"font-weight: 400;\"><strong>DAMIAN FONT<\/strong>\u00a0Secretario General de la CSJN a cargo de la Secretaria Judicial Nro 1 (Derecho Civil y Comercial)<\/p>\n<p style=\"font-weight: 400;\"><strong>FEDERICO DE LORENZO<\/strong>\u00a0Secretario General de la CSJN a cargo de la Secretaria de Jurisprudencia. Secretario de la Comisi\u00f3n Redactora del Proyecto de Reforma del C\u00f3digo Civil y Comercial de la Naci\u00f3n.-<\/p>\n<p style=\"font-weight: 400;\"><strong>MARIO CAMPORA<\/strong>\u00a0Secretario Letrado de la CSJN. Magister en Derecho (New York University.<\/p>\n<p style=\"font-weight: 400;\"><strong>NESTOR CAFFERATTA<\/strong>\u00a0Secretario General de la CSJN a cargo de la Secretaria de Juicios Ambientales.<\/p>\n","protected":false},"excerpt":{"rendered":"<p>MOMENT\u00c1NEAMENTE SUSPENDIDO &#8211; Curso de Posgrado. De marzo a diciembre de 2020. Viernes de 16 a 20 hs y s\u00e1bados de 9 a 13 hs, en el Aula de Posgrado de la facultad.<\/p>\n","protected":false},"author":1,"featured_media":680,"comment_status":"open","ping_status":"open","sticky":false,"template":"","format":"standard","meta":[],"categories":[3,2],"tags":[],"_links":{"self":[{"href":"https:\/\/derecho.mdp.edu.ar\/index.php\/wp-json\/wp\/v2\/posts\/679"}],"collection":[{"href":"https:\/\/derecho.mdp.edu.ar\/index.php\/wp-json\/wp\/v2\/posts"}],"about":[{"href":"https:\/\/derecho.mdp.edu.ar\/index.php\/wp-json\/wp\/v2\/types\/post"}],"author":[{"embeddable":true,"href":"https:\/\/derecho.mdp.edu.ar\/index.php\/wp-json\/wp\/v2\/users\/1"}],"replies":[{"embeddable":true,"href":"https:\/\/derecho.mdp.edu.ar\/index.php\/wp-json\/wp\/v2\/comments?post=679"}],"version-history":[{"count":7,"href":"https:\/\/derecho.mdp.edu.ar\/index.php\/wp-json\/wp\/v2\/posts\/679\/revisions"}],"predecessor-version":[{"id":745,"href":"https:\/\/derecho.mdp.edu.ar\/index.php\/wp-json\/wp\/v2\/posts\/679\/revisions\/745"}],"wp:featuredmedia":[{"embeddable":true,"href":"https:\/\/derecho.mdp.edu.ar\/index.php\/wp-json\/wp\/v2\/media\/680"}],"wp:attachment":[{"href":"https:\/\/derecho.mdp.edu.ar\/index.php\/wp-json\/wp\/v2\/media?parent=679"}],"wp:term":[{"taxonomy":"category","embeddable":true,"href":"https:\/\/derecho.mdp.edu.ar\/index.php\/wp-json\/wp\/v2\/categories?post=679"},{"taxonomy":"post_tag","embeddable":true,"href":"https:\/\/derecho.mdp.edu.ar\/index.php\/wp-json\/wp\/v2\/tags?post=679"}],"curies":[{"name":"wp","href":"https:\/\/api.w.org\/{rel}","templated":true}]}}