{"id":663,"date":"2019-10-08T11:53:47","date_gmt":"2019-10-08T14:53:47","guid":{"rendered":"http:\/\/www.mdp.edu.ar\/derecho\/derecho2019\/?p=663"},"modified":"2019-10-08T16:32:55","modified_gmt":"2019-10-08T19:32:55","slug":"convocatoria-abierta-para-movilidad-internacional-docente","status":"publish","type":"post","link":"https:\/\/derecho.mdp.edu.ar\/index.php\/2019\/10\/08\/convocatoria-abierta-para-movilidad-internacional-docente\/","title":{"rendered":"Convocatoria Abierta para Movilidad Internacional Docente"},"content":{"rendered":"<h2>Movilidad Internacional Docente<\/h2>\n<h2>PROGRAMA ESCALA DOCENTE Asociaci\u00f3n de Universidades Grupo Montevideo -AUGM-<\/h2>\n<h2>CONVOCATORIA 2020 UNIVERSIDAD NACIONAL DE MAR DEL PLATA<\/h2>\n<p>El \u00c1rea de Relaciones Internacionales -ARI- de Vicerrectorado de la Universidad Nacional de Mar del Plata &#8211; UNMdP- comunica que se encuentra abierta la convocatoria 2020 al Programa ESCALA Docente -PED- de AUGM.<br \/>\nEl PED de AUGM promueve la cooperaci\u00f3n e integraci\u00f3n regional de las Universidades miembro a trav\u00e9s de la movilidad e intercambio de docentes, con el objetivo de fortalecer la capacidad docente, cient\u00edfica, tecnol\u00f3gica y las relaciones acad\u00e9micas de las Universidades de la Asociaci\u00f3n.<\/p>\n<h2>DESTINATARIOS<\/h2>\n<p>El PED est\u00e1 destinado a docentes de dos categor\u00edas:<\/p>\n<p><strong>Categor\u00eda 1:<\/strong> DOCENTE N\u00d3VEL que es el docente universitario regular o interino con una antig\u00fcedad m\u00ednima de 2 (dos) y hasta 10 (diez) a\u00f1os, que desarrolle sus funciones en alguna de las Unidades Acad\u00e9micas de la UNMdP. En este caso la movilidad est\u00e1 destinada a complementar su formaci\u00f3n acad\u00e9mica.<\/p>\n<p><strong>Categor\u00eda 2:<\/strong> DOCENTE FORMADO que es el docente universitario regular o interino con una antig\u00fcedad de 10 (diez) a\u00f1os o m\u00e1s, que desarrolle sus funciones en alguna de las Unidades Acad\u00e9micas de la UNMdP. Las movilidades deben enmarcarse en las funciones universitarias de ense\u00f1anza, investigaci\u00f3n, extensi\u00f3n, gesti\u00f3n acad\u00e9mica y pol\u00edtica universitaria.<\/p>\n<h2>CRONOGRAMA<\/h2>\n<p><strong>Apertura convocatoria- UNMdP:<\/strong> 26\/09\/19<br \/>\n<strong>Cierre convocatoria UNMdP:<\/strong> 25\/10\/19 12 hs<br \/>\n<strong>Entrevistas SELECCI\u00d3N UNMdP:<\/strong> 29\/10\/19<br \/>\n<strong>Orden de m\u00e9rito SELECCI\u00d3N:<\/strong> 01\/11\/19<br \/>\n<strong>Confirmar aceptaci\u00f3n de su beca de movilidad:<\/strong> 05\/11\/19<br \/>\n<strong>Inicio de las movilidades:<\/strong> MARZO 2020<\/p>\n<h2>REQUISITOS PARA POSTULARSE<\/h2>\n<p>\uf0fc Integrar la plantilla de personal de la UNMdP como PERSONAL DOCENTE REGULAR o INTERINO y seg\u00fan las categor\u00edas mencionadas en destinatarios, tanto al momento de postularse, como durante todo el per\u00edodo de la movilidad.<br \/>\n\uf0fc Contar con una antig\u00fcedad en el cargo que se desempe\u00f1a, mayor a dos a\u00f1os, observando las categor\u00edas mencionadas en destinatarios.<br \/>\n\uf0fc Completar el Formulario de Presentaci\u00f3n FIRMADO por el docente, el Referente de Relaciones Internacionales y Decano\/a de la Unidad Acad\u00e9mica correspondiente, ante el ARI de la UNMdP.<br \/>\n\uf0fc El DOCENTE FORMADO, deber\u00e1 incluir dentro de su propuesta de movilidad, una actividad abierta a la comunidad acad\u00e9mica de la Universidad que visita. La misma podr\u00e1 tener formato de conferencia, seminario, clase p\u00fablica u otra modalidad y ser\u00e1 organizada por la Universidad de destino y desarrollada y difundida como actividad oficial de AUGM.<br \/>\n\uf0fc Presentar la Carta de Invitaci\u00f3n de la Universidad de destino firmada por el Delegado Asesor de la misma.<br \/>\n\uf0fc Presentar una Carta de Motivaci\u00f3n, en la cual se mencione, el aporte que su movilidad signifique al desarrollo de la internacionalizaci\u00f3n de la UNMdP y una propuesta de socializaci\u00f3n de su experiencia, a la comunidad Universitaria.<br \/>\n\uf0fc Acreditar conocimientos del idioma portugu\u00e9s en el caso que corresponda \u2013no excluyente-.<\/p>\n<p>PLAZAS, BENEFICIOS Y FINANCIAMIENTO Los aspirantes podr\u00e1n elegir entre (5) cinco Universidades de destino, con la cuales la UNMdP ha acordado plazas.<\/p>\n<p>M\u00e1s informaci\u00f3n: rriiderechounmdp@gmail.com<\/p>\n","protected":false},"excerpt":{"rendered":"<p>Convocatoria abierta en el PROGRAMA ESCALA DOCENTE. Oportunidad para viajar y complementar la formaci\u00f3n acad\u00e9mica, ense\u00f1ar, investigar, \u00a1y m\u00e1s!.<\/p>\n","protected":false},"author":1,"featured_media":664,"comment_status":"open","ping_status":"open","sticky":false,"template":"","format":"standard","meta":[],"categories":[2,10],"tags":[],"_links":{"self":[{"href":"https:\/\/derecho.mdp.edu.ar\/index.php\/wp-json\/wp\/v2\/posts\/663"}],"collection":[{"href":"https:\/\/derecho.mdp.edu.ar\/index.php\/wp-json\/wp\/v2\/posts"}],"about":[{"href":"https:\/\/derecho.mdp.edu.ar\/index.php\/wp-json\/wp\/v2\/types\/post"}],"author":[{"embeddable":true,"href":"https:\/\/derecho.mdp.edu.ar\/index.php\/wp-json\/wp\/v2\/users\/1"}],"replies":[{"embeddable":true,"href":"https:\/\/derecho.mdp.edu.ar\/index.php\/wp-json\/wp\/v2\/comments?post=663"}],"version-history":[{"count":4,"href":"https:\/\/derecho.mdp.edu.ar\/index.php\/wp-json\/wp\/v2\/posts\/663\/revisions"}],"predecessor-version":[{"id":668,"href":"https:\/\/derecho.mdp.edu.ar\/index.php\/wp-json\/wp\/v2\/posts\/663\/revisions\/668"}],"wp:featuredmedia":[{"embeddable":true,"href":"https:\/\/derecho.mdp.edu.ar\/index.php\/wp-json\/wp\/v2\/media\/664"}],"wp:attachment":[{"href":"https:\/\/derecho.mdp.edu.ar\/index.php\/wp-json\/wp\/v2\/media?parent=663"}],"wp:term":[{"taxonomy":"category","embeddable":true,"href":"https:\/\/derecho.mdp.edu.ar\/index.php\/wp-json\/wp\/v2\/categories?post=663"},{"taxonomy":"post_tag","embeddable":true,"href":"https:\/\/derecho.mdp.edu.ar\/index.php\/wp-json\/wp\/v2\/tags?post=663"}],"curies":[{"name":"wp","href":"https:\/\/api.w.org\/{rel}","templated":true}]}}