{"id":638,"date":"2019-08-28T14:19:10","date_gmt":"2019-08-28T17:19:10","guid":{"rendered":"http:\/\/www.mdp.edu.ar\/derecho\/derecho2019\/?p=638"},"modified":"2019-08-28T14:19:52","modified_gmt":"2019-08-28T17:19:52","slug":"estudiantes-de-derecho-participaron-del-pre-moot-argentina-2019","status":"publish","type":"post","link":"https:\/\/derecho.mdp.edu.ar\/index.php\/2019\/08\/28\/estudiantes-de-derecho-participaron-del-pre-moot-argentina-2019\/","title":{"rendered":"Estudiantes de Derecho participaron del Pre Moot Argentina 2019"},"content":{"rendered":"<h1>Estudiantes de Derecho participaron del Pre Moot Argentina 2019<\/h1>\n<p>Los y las estudiantes de nuestra Facultad, Mar\u00eda Morena Cascallares, Micaela Poli y Ramiro Rodr\u00edguez, participaron el pasado 24 de agosto en la ciudad de Rosario del Pre Moot Argentina 2019, organizado por Arbitraje Alumni y la UNR, como parte de su preparaci\u00f3n camino a la XII Competencia Internacional de Arbitraje Comercial Internacional que este a\u00f1o tendr\u00e1 sede en Asunci\u00f3n, Paraguay.<\/p>\n<p>Los representantes de la Universidad Nacional de Mar del Plata participaron de tres audiencias en las que expusieron sus argumentos ante tribunales conformados por prestigiosos profesionales de Latino Am\u00e9rica, accediendo a las Semifinales, ronda en la que se enfrentaron con el equipo de la Universidad Nacional de Asunci\u00f3n (Paraguay).<\/p>\n<p>En el marco del Pre Moot, el equipo particip\u00f3 tambi\u00e9n del evento &#8220;El derecho en acci\u00f3n: t\u00e9cnicas eficaces para persuadir a un tribunal arbitral&#8221;, organizado por la Argentina Young Arbitration Practitioners (AYAP).<\/p>\n<p>Nuestra facultad participa desde hace 10 a\u00f1os en la Competencia Internacional de Arbitraje Comercial Internacional organizada por la Universidad de Buenos Aires y la Universidad del Rosario (Bogot\u00e1).<\/p>\n<p><img loading=\"lazy\" class=\"alignnone size-full wp-image-640\" src=\"http:\/\/www.mdp.edu.ar\/derecho\/derecho2019\/wp-content\/uploads\/WhatsApp-Image-2019-08-27-at-10.28.13.jpeg\" alt=\"\" width=\"706\" height=\"405\" srcset=\"https:\/\/derecho.mdp.edu.ar\/wp-content\/uploads\/WhatsApp-Image-2019-08-27-at-10.28.13.jpeg 706w, https:\/\/derecho.mdp.edu.ar\/wp-content\/uploads\/WhatsApp-Image-2019-08-27-at-10.28.13-350x201.jpeg 350w, https:\/\/derecho.mdp.edu.ar\/wp-content\/uploads\/WhatsApp-Image-2019-08-27-at-10.28.13-300x172.jpeg 300w\" sizes=\"(max-width: 706px) 100vw, 706px\" \/><\/p>\n","protected":false},"excerpt":{"rendered":"<p>En miras a la Competencia Internacional de Arbitraje Comercial Internacional, el Equipo de Arbitraje de nuestra facultad particip\u00f3 de tres audiencias en las que expusieron sus argumentos ante tribunales conformados por prestigiosos profesionales de Latino Am\u00e9rica.<\/p>\n","protected":false},"author":1,"featured_media":639,"comment_status":"open","ping_status":"open","sticky":false,"template":"","format":"standard","meta":[],"categories":[2],"tags":[],"_links":{"self":[{"href":"https:\/\/derecho.mdp.edu.ar\/index.php\/wp-json\/wp\/v2\/posts\/638"}],"collection":[{"href":"https:\/\/derecho.mdp.edu.ar\/index.php\/wp-json\/wp\/v2\/posts"}],"about":[{"href":"https:\/\/derecho.mdp.edu.ar\/index.php\/wp-json\/wp\/v2\/types\/post"}],"author":[{"embeddable":true,"href":"https:\/\/derecho.mdp.edu.ar\/index.php\/wp-json\/wp\/v2\/users\/1"}],"replies":[{"embeddable":true,"href":"https:\/\/derecho.mdp.edu.ar\/index.php\/wp-json\/wp\/v2\/comments?post=638"}],"version-history":[{"count":2,"href":"https:\/\/derecho.mdp.edu.ar\/index.php\/wp-json\/wp\/v2\/posts\/638\/revisions"}],"predecessor-version":[{"id":644,"href":"https:\/\/derecho.mdp.edu.ar\/index.php\/wp-json\/wp\/v2\/posts\/638\/revisions\/644"}],"wp:featuredmedia":[{"embeddable":true,"href":"https:\/\/derecho.mdp.edu.ar\/index.php\/wp-json\/wp\/v2\/media\/639"}],"wp:attachment":[{"href":"https:\/\/derecho.mdp.edu.ar\/index.php\/wp-json\/wp\/v2\/media?parent=638"}],"wp:term":[{"taxonomy":"category","embeddable":true,"href":"https:\/\/derecho.mdp.edu.ar\/index.php\/wp-json\/wp\/v2\/categories?post=638"},{"taxonomy":"post_tag","embeddable":true,"href":"https:\/\/derecho.mdp.edu.ar\/index.php\/wp-json\/wp\/v2\/tags?post=638"}],"curies":[{"name":"wp","href":"https:\/\/api.w.org\/{rel}","templated":true}]}}