{"id":616,"date":"2019-08-20T10:03:00","date_gmt":"2019-08-20T13:03:00","guid":{"rendered":"http:\/\/www.mdp.edu.ar\/derecho\/derecho2019\/?p=616"},"modified":"2020-05-15T11:42:40","modified_gmt":"2020-05-15T14:42:40","slug":"la-judicializacion-del-derecho-a-la-salud-inscripcion-abierta","status":"publish","type":"post","link":"https:\/\/derecho.mdp.edu.ar\/index.php\/2019\/08\/20\/la-judicializacion-del-derecho-a-la-salud-inscripcion-abierta\/","title":{"rendered":"La Judicializaci\u00f3n del Derecho a la Salud"},"content":{"rendered":"<h1><strong>Curso de Posgrado: \u201cLA JUDICIALIZACION DEL DERECHO A LA SALUD. ASPECTOS<br \/>\nPRACTICOS\u201d<\/strong><\/h1>\n<p>Cuatro encuentros los d\u00edas viernes\u00a020 de Septiembre, 04 y 18 de Octubre y 01 de Noviembre en el horario de 17 hs a\u00a020 hs en el Aula de Posgrado de la Facultad.<\/p>\n<h2><strong>PROGRAMA TEM\u00c1TICO:<\/strong><\/h2>\n<p><strong>Primera clase. Viernes 20 de Septiembre<\/strong><\/p>\n<p>El Derecho Constitucional a la Salud. Medidas Cautelares: requisitos. Incumplimiento<br \/>\nde resoluciones judiciales.<\/p>\n<p><strong>Segunda Clase. Viernes 04 de Octubre<\/strong><\/p>\n<p>Sentencia. Recursos. Criterios Jurisprudenciales: prestaciones, afiliaci\u00f3n, discapacidad,\u00a0medicamentos, patolog\u00edas, autonom\u00eda del paciente entre otros.<\/p>\n<p><strong>Tercera clase. Viernes 18 de Octubre<\/strong><\/p>\n<p>El conflicto sanitario. Tipos. Sistemas de resoluci\u00f3n de conflictos. Herramientas\u00a0Administrativas. Diferenciaci\u00f3n del Derecho de la Salud: su autonom\u00eda. Tutela judicial\u00a0del derecho a la salud. V\u00edas procesales. Marco legal nacional y provincial.<\/p>\n<p><strong>Cuarta clase. Viernes 01 de Noviembre<\/strong><\/p>\n<p>La realidad de la judicializaci\u00f3n de la salud: sus causales, los viejos problemas y las\u00a0nuevas soluciones. An\u00e1lisis, cifras, contexto. Impacto de las nuevas tecnolog\u00edas. El rol<br \/>\ndel Estado en la garant\u00eda del derecho a la salud. El rol de la Justicia. Desaf\u00edos y\u00a0Propuestas.<\/p>\n<h2><strong>CUERPO DOCENTE:<\/strong><\/h2>\n<p><strong>MARISA AIZENBERG:<\/strong> Abogada. Especialista en Derecho Civil, egresada de la Universidad de\u00a0Salamanca, Espa\u00f1a. Docente de grado y posgrado de la Facultad de Derecho UBA. Directora\u00a0del Observatorio de Salud de la Facultad de Derecho de la UBA, investigadora de la UBA.<\/p>\n<p><strong>ANA IN\u00c9S DIAS:<\/strong> Abogada, Mediadora. Especialista en Salud P\u00fablica y Gesti\u00f3n de Servicios de\u00a0Salud. Diplomada en Pol\u00edticas de Salud Mental y Derechos Humanos. Doctoranda de la\u00a0Facultad de Derecho de la UNMDP. Actualmente se desempe\u00f1a como Directora del Instituto<br \/>\nde Derecho de la Salud del Colegio de Abogados del Departamento Judicial de Mar del Plata.<\/p>\n<p><strong>PABLO EDUARDO JIMENEZ:<\/strong> Abogado. Doctor en Derecho de la UNMDP. Docente de Grado y\u00a0Posgrado de la Facultad de Derecho de la UNMDP. Actualmente es Juez de la C\u00e1mara Federal\u00a0de la ciudad de Mar del Plata.<\/p>\n<p><strong>WALTER PELLE:<\/strong> Abogado. Doctor en Derecho de la UNMDP, Especialista en Bio\u00e9tica, Master\u00a0en Derecho Ambiental, Especialista en Docencia Universitaria, Docente de Grado y Posgrado\u00a0de la Facultad de Derecho de la UNMDP. Investigador categorizado de la UNMDP. Actualmente\u00a0se desempe\u00f1a como Secretario de la C\u00e1mara Federal del Mar del Plata.<\/p>\n<p>Para consultar por costos y recibir m\u00e1s informaci\u00f3n comunicarse v\u00eda mail a posgrado.der@gmail.com.<\/p>\n","protected":false},"excerpt":{"rendered":"<p>FINALIZADO. Curso de Posgrado. Cuatro encuentros viernes\u00a020 de septiembre, 4 y 18 de octubre y 1 de noviembre de 17 hs a\u00a020 hs en el Aula de Posgrado de la Facultad.<\/p>\n","protected":false},"author":1,"featured_media":617,"comment_status":"open","ping_status":"open","sticky":false,"template":"","format":"standard","meta":[],"categories":[3,2],"tags":[],"_links":{"self":[{"href":"https:\/\/derecho.mdp.edu.ar\/index.php\/wp-json\/wp\/v2\/posts\/616"}],"collection":[{"href":"https:\/\/derecho.mdp.edu.ar\/index.php\/wp-json\/wp\/v2\/posts"}],"about":[{"href":"https:\/\/derecho.mdp.edu.ar\/index.php\/wp-json\/wp\/v2\/types\/post"}],"author":[{"embeddable":true,"href":"https:\/\/derecho.mdp.edu.ar\/index.php\/wp-json\/wp\/v2\/users\/1"}],"replies":[{"embeddable":true,"href":"https:\/\/derecho.mdp.edu.ar\/index.php\/wp-json\/wp\/v2\/comments?post=616"}],"version-history":[{"count":8,"href":"https:\/\/derecho.mdp.edu.ar\/index.php\/wp-json\/wp\/v2\/posts\/616\/revisions"}],"predecessor-version":[{"id":747,"href":"https:\/\/derecho.mdp.edu.ar\/index.php\/wp-json\/wp\/v2\/posts\/616\/revisions\/747"}],"wp:featuredmedia":[{"embeddable":true,"href":"https:\/\/derecho.mdp.edu.ar\/index.php\/wp-json\/wp\/v2\/media\/617"}],"wp:attachment":[{"href":"https:\/\/derecho.mdp.edu.ar\/index.php\/wp-json\/wp\/v2\/media?parent=616"}],"wp:term":[{"taxonomy":"category","embeddable":true,"href":"https:\/\/derecho.mdp.edu.ar\/index.php\/wp-json\/wp\/v2\/categories?post=616"},{"taxonomy":"post_tag","embeddable":true,"href":"https:\/\/derecho.mdp.edu.ar\/index.php\/wp-json\/wp\/v2\/tags?post=616"}],"curies":[{"name":"wp","href":"https:\/\/api.w.org\/{rel}","templated":true}]}}