{"id":600,"date":"2019-07-30T17:15:04","date_gmt":"2019-07-30T20:15:04","guid":{"rendered":"http:\/\/www.mdp.edu.ar\/derecho\/derecho2019\/?p=600"},"modified":"2019-07-30T17:16:20","modified_gmt":"2019-07-30T20:16:20","slug":"capacitaciones-para-autoridades-de-mesa","status":"publish","type":"post","link":"https:\/\/derecho.mdp.edu.ar\/index.php\/2019\/07\/30\/capacitaciones-para-autoridades-de-mesa\/","title":{"rendered":"Capacitaciones para autoridades de mesa"},"content":{"rendered":"<h1>CAPACITACI\u00d3N PARA AUTORIDADES DE MESA<\/h1>\n<p>Los ciudadanos convocados por la Justicia Electoral podr\u00e1n acercarse durante esta semana a las capacitaciones organizadas por el Programa de Formaci\u00f3n Ciudadana de la Facultad de Derecho de la Universidad Nacional de Mar del Plata.<\/p>\n<p>Los encuentros tendr\u00e1n lugar desde el lunes 29 de agosto hasta el viernes 2 de agosto a las 17 hs y el s\u00e1bado 3 de agosto a las 10 hs en el Piso 7 de la Facultad de Derecho de la UNMdP.<\/p>\n<p>Las autoridades de mesa seleccionadas deber\u00e1n asistir a la capacitaci\u00f3n por \u00fanica vez y deber\u00e1n acercarse con copia del DNI y del telegrama de designaci\u00f3n, datos de correo electr\u00f3nico y tel\u00e9fono. Los datos brindados acreditar\u00e1n la asistencia a la capacitaci\u00f3n y brindar\u00e1n al momento del pago el plus previsto por la ley.<\/p>\n<p>Formaci\u00f3n Ciudadana es un programa del \u00c1rea de Extensi\u00f3n de la Facultad desempe\u00f1ado mediante un convenio de car\u00e1cter permanente y de trabajo continuo con la C\u00e1mara Nacional Electoral.<\/p>\n<p><img loading=\"lazy\" class=\"alignnone size-full wp-image-604\" src=\"http:\/\/www.mdp.edu.ar\/derecho\/derecho2019\/wp-content\/uploads\/bbfac1dc-3911-42e0-88d8-eadf9a9edf18-1.jpg\" alt=\"\" width=\"1280\" height=\"720\" srcset=\"https:\/\/derecho.mdp.edu.ar\/wp-content\/uploads\/bbfac1dc-3911-42e0-88d8-eadf9a9edf18-1.jpg 1280w, https:\/\/derecho.mdp.edu.ar\/wp-content\/uploads\/bbfac1dc-3911-42e0-88d8-eadf9a9edf18-1-350x197.jpg 350w, https:\/\/derecho.mdp.edu.ar\/wp-content\/uploads\/bbfac1dc-3911-42e0-88d8-eadf9a9edf18-1-300x169.jpg 300w, https:\/\/derecho.mdp.edu.ar\/wp-content\/uploads\/bbfac1dc-3911-42e0-88d8-eadf9a9edf18-1-768x432.jpg 768w, https:\/\/derecho.mdp.edu.ar\/wp-content\/uploads\/bbfac1dc-3911-42e0-88d8-eadf9a9edf18-1-1024x576.jpg 1024w\" sizes=\"(max-width: 706px) 89vw, (max-width: 767px) 82vw, 740px\" \/> <img loading=\"lazy\" class=\"alignnone size-full wp-image-605\" src=\"http:\/\/www.mdp.edu.ar\/derecho\/derecho2019\/wp-content\/uploads\/ba00410e-7de6-4905-82e6-77ff65b31e06-1.jpg\" alt=\"\" width=\"1280\" height=\"720\" srcset=\"https:\/\/derecho.mdp.edu.ar\/wp-content\/uploads\/ba00410e-7de6-4905-82e6-77ff65b31e06-1.jpg 1280w, https:\/\/derecho.mdp.edu.ar\/wp-content\/uploads\/ba00410e-7de6-4905-82e6-77ff65b31e06-1-350x197.jpg 350w, https:\/\/derecho.mdp.edu.ar\/wp-content\/uploads\/ba00410e-7de6-4905-82e6-77ff65b31e06-1-300x169.jpg 300w, https:\/\/derecho.mdp.edu.ar\/wp-content\/uploads\/ba00410e-7de6-4905-82e6-77ff65b31e06-1-768x432.jpg 768w, https:\/\/derecho.mdp.edu.ar\/wp-content\/uploads\/ba00410e-7de6-4905-82e6-77ff65b31e06-1-1024x576.jpg 1024w\" sizes=\"(max-width: 706px) 89vw, (max-width: 767px) 82vw, 740px\" \/> <img loading=\"lazy\" class=\"alignnone size-full wp-image-606\" src=\"http:\/\/www.mdp.edu.ar\/derecho\/derecho2019\/wp-content\/uploads\/b619cb97-0d46-40ee-a004-2f65e14540fc-1.jpg\" alt=\"\" width=\"1280\" height=\"720\" srcset=\"https:\/\/derecho.mdp.edu.ar\/wp-content\/uploads\/b619cb97-0d46-40ee-a004-2f65e14540fc-1.jpg 1280w, https:\/\/derecho.mdp.edu.ar\/wp-content\/uploads\/b619cb97-0d46-40ee-a004-2f65e14540fc-1-350x197.jpg 350w, https:\/\/derecho.mdp.edu.ar\/wp-content\/uploads\/b619cb97-0d46-40ee-a004-2f65e14540fc-1-300x169.jpg 300w, https:\/\/derecho.mdp.edu.ar\/wp-content\/uploads\/b619cb97-0d46-40ee-a004-2f65e14540fc-1-768x432.jpg 768w, https:\/\/derecho.mdp.edu.ar\/wp-content\/uploads\/b619cb97-0d46-40ee-a004-2f65e14540fc-1-1024x576.jpg 1024w\" sizes=\"(max-width: 706px) 89vw, (max-width: 767px) 82vw, 740px\" \/> <img loading=\"lazy\" class=\"alignnone size-full wp-image-607\" src=\"http:\/\/www.mdp.edu.ar\/derecho\/derecho2019\/wp-content\/uploads\/feeec00d-1c11-48a8-a75b-393751d7442c-1.jpg\" alt=\"\" width=\"1280\" height=\"720\" srcset=\"https:\/\/derecho.mdp.edu.ar\/wp-content\/uploads\/feeec00d-1c11-48a8-a75b-393751d7442c-1.jpg 1280w, https:\/\/derecho.mdp.edu.ar\/wp-content\/uploads\/feeec00d-1c11-48a8-a75b-393751d7442c-1-350x197.jpg 350w, https:\/\/derecho.mdp.edu.ar\/wp-content\/uploads\/feeec00d-1c11-48a8-a75b-393751d7442c-1-300x169.jpg 300w, https:\/\/derecho.mdp.edu.ar\/wp-content\/uploads\/feeec00d-1c11-48a8-a75b-393751d7442c-1-768x432.jpg 768w, https:\/\/derecho.mdp.edu.ar\/wp-content\/uploads\/feeec00d-1c11-48a8-a75b-393751d7442c-1-1024x576.jpg 1024w\" sizes=\"(max-width: 706px) 89vw, (max-width: 767px) 82vw, 740px\" \/> <img loading=\"lazy\" class=\"alignnone size-full wp-image-608\" src=\"http:\/\/www.mdp.edu.ar\/derecho\/derecho2019\/wp-content\/uploads\/13b206cc-7f38-4624-aecd-8a691d6e78c0-1.jpg\" alt=\"\" width=\"1280\" height=\"720\" srcset=\"https:\/\/derecho.mdp.edu.ar\/wp-content\/uploads\/13b206cc-7f38-4624-aecd-8a691d6e78c0-1.jpg 1280w, https:\/\/derecho.mdp.edu.ar\/wp-content\/uploads\/13b206cc-7f38-4624-aecd-8a691d6e78c0-1-350x197.jpg 350w, https:\/\/derecho.mdp.edu.ar\/wp-content\/uploads\/13b206cc-7f38-4624-aecd-8a691d6e78c0-1-300x169.jpg 300w, https:\/\/derecho.mdp.edu.ar\/wp-content\/uploads\/13b206cc-7f38-4624-aecd-8a691d6e78c0-1-768x432.jpg 768w, https:\/\/derecho.mdp.edu.ar\/wp-content\/uploads\/13b206cc-7f38-4624-aecd-8a691d6e78c0-1-1024x576.jpg 1024w\" sizes=\"(max-width: 706px) 89vw, (max-width: 767px) 82vw, 740px\" \/> <img loading=\"lazy\" class=\"alignnone size-full wp-image-609\" src=\"http:\/\/www.mdp.edu.ar\/derecho\/derecho2019\/wp-content\/uploads\/612be9f9-accc-4f20-91c2-50d955ce90e7-1.jpg\" alt=\"\" width=\"1280\" height=\"720\" srcset=\"https:\/\/derecho.mdp.edu.ar\/wp-content\/uploads\/612be9f9-accc-4f20-91c2-50d955ce90e7-1.jpg 1280w, https:\/\/derecho.mdp.edu.ar\/wp-content\/uploads\/612be9f9-accc-4f20-91c2-50d955ce90e7-1-350x197.jpg 350w, https:\/\/derecho.mdp.edu.ar\/wp-content\/uploads\/612be9f9-accc-4f20-91c2-50d955ce90e7-1-300x169.jpg 300w, https:\/\/derecho.mdp.edu.ar\/wp-content\/uploads\/612be9f9-accc-4f20-91c2-50d955ce90e7-1-768x432.jpg 768w, https:\/\/derecho.mdp.edu.ar\/wp-content\/uploads\/612be9f9-accc-4f20-91c2-50d955ce90e7-1-1024x576.jpg 1024w\" sizes=\"(max-width: 706px) 89vw, (max-width: 767px) 82vw, 740px\" \/><\/p>\n","protected":false},"excerpt":{"rendered":"<p>Los ciudadanos convocados por la Justicia Electoral podr\u00e1n acercarse durante esta semana a las capacitaciones organizadas por el Programa de Formaci\u00f3n Ciudadana de la Facultad de Derecho de la Universidad Nacional de Mar del Plata.<\/p>\n","protected":false},"author":1,"featured_media":601,"comment_status":"open","ping_status":"open","sticky":false,"template":"","format":"standard","meta":[],"categories":[2],"tags":[],"_links":{"self":[{"href":"https:\/\/derecho.mdp.edu.ar\/index.php\/wp-json\/wp\/v2\/posts\/600"}],"collection":[{"href":"https:\/\/derecho.mdp.edu.ar\/index.php\/wp-json\/wp\/v2\/posts"}],"about":[{"href":"https:\/\/derecho.mdp.edu.ar\/index.php\/wp-json\/wp\/v2\/types\/post"}],"author":[{"embeddable":true,"href":"https:\/\/derecho.mdp.edu.ar\/index.php\/wp-json\/wp\/v2\/users\/1"}],"replies":[{"embeddable":true,"href":"https:\/\/derecho.mdp.edu.ar\/index.php\/wp-json\/wp\/v2\/comments?post=600"}],"version-history":[{"count":3,"href":"https:\/\/derecho.mdp.edu.ar\/index.php\/wp-json\/wp\/v2\/posts\/600\/revisions"}],"predecessor-version":[{"id":610,"href":"https:\/\/derecho.mdp.edu.ar\/index.php\/wp-json\/wp\/v2\/posts\/600\/revisions\/610"}],"wp:featuredmedia":[{"embeddable":true,"href":"https:\/\/derecho.mdp.edu.ar\/index.php\/wp-json\/wp\/v2\/media\/601"}],"wp:attachment":[{"href":"https:\/\/derecho.mdp.edu.ar\/index.php\/wp-json\/wp\/v2\/media?parent=600"}],"wp:term":[{"taxonomy":"category","embeddable":true,"href":"https:\/\/derecho.mdp.edu.ar\/index.php\/wp-json\/wp\/v2\/categories?post=600"},{"taxonomy":"post_tag","embeddable":true,"href":"https:\/\/derecho.mdp.edu.ar\/index.php\/wp-json\/wp\/v2\/tags?post=600"}],"curies":[{"name":"wp","href":"https:\/\/api.w.org\/{rel}","templated":true}]}}