{"id":580,"date":"2019-07-17T13:37:02","date_gmt":"2019-07-17T16:37:02","guid":{"rendered":"http:\/\/www.mdp.edu.ar\/derecho\/derecho2019\/?p=580"},"modified":"2019-07-30T17:06:08","modified_gmt":"2019-07-30T20:06:08","slug":"jornada-reforma-judicial-avances-y-desafios","status":"publish","type":"post","link":"https:\/\/derecho.mdp.edu.ar\/index.php\/2019\/07\/17\/jornada-reforma-judicial-avances-y-desafios\/","title":{"rendered":"Jornada &#8220;Reforma Judicial: Avances y Desaf\u00edos&#8221;"},"content":{"rendered":"<h1>Jornada &#8220;Reforma Judicial: Avances y Desaf\u00edos&#8221;<\/h1>\n<p>Germ\u00e1n Garavano: &#8220;Estoy muy convencido de que si todos ayudamos en este proceso, especialmente el \u00e1mbito universitario, vamos a poder lograr un sistema jur\u00eddico que permita vivir en una sociedad m\u00e1s desarrollada&#8221;.<\/p>\n<p>Ayer por la tarde recibimos la visita del Ministro de Justicia de la Naci\u00f3n German Garavano en el Aula de Posgrado de nuestra facultad, quien disert\u00f3 sobre \u201cReforma Judicial: Avances y Desaf\u00edos\u201d. La apertura estuvo a cargo de la docente y vicepresidente del Consejo de la Magistratura de la Naci\u00f3n Marina Sanchez Herrero y la moderaci\u00f3n a cargo de la abogada coordinadora del foro Acceso a Justicia Paula Soul\u00e9.<\/p>\n<p>En un encuentro repleto de docentes, estudiantes de grado y posgrado, graduados y graduadas de esta casa, los presentes escucharon expectantes las palabras del ministro y tuvieron la oportunidad de contribuir con valiosos aportes desde el punto de vista judicial y desde el ejercicio de la profesi\u00f3n.<\/p>\n<p>Durante la jornada, Garavano profundiz\u00f3 en la relevancia de las actualizaciones que se est\u00e1n llevando a cabo en el sistema judicial argentino y los logros y desaf\u00edos que ello implica. Germ\u00e1n Garavano concluy\u00f3 invitando a los presentes a acompa\u00f1ar el gran desaf\u00edo de forjar nuevos paradigmas y construir una nueva cultura desde el \u00e1mbito de la universidad.<\/p>\n<div style=\"width: 525px;\" class=\"wp-video\"><!--[if lt IE 9]><script>document.createElement('video');<\/script><![endif]-->\n<video class=\"wp-video-shortcode\" id=\"video-580-1\" width=\"525\" height=\"295\" preload=\"metadata\" controls=\"controls\"><source type=\"video\/mp4\" src=\"http:\/\/www.mdp.edu.ar\/derecho\/derecho2019\/wp-content\/uploads\/67632985_353738118626619_6620405081628924222_n.mp4?_=1\" \/><a href=\"http:\/\/www.mdp.edu.ar\/derecho\/derecho2019\/wp-content\/uploads\/67632985_353738118626619_6620405081628924222_n.mp4\">http:\/\/www.mdp.edu.ar\/derecho\/derecho2019\/wp-content\/uploads\/67632985_353738118626619_6620405081628924222_n.mp4<\/a><\/video><\/div>\n<p>&nbsp;<\/p>\n","protected":false},"excerpt":{"rendered":"<p>Ayer por la tarde recibimos la visita del Ministro de Justicia de la Naci\u00f3n German Garavano en el Aula de Posgrado de nuestra facultad, quien disert\u00f3 sobre \u201cReforma Judicial: Avances y Desaf\u00edos\u201d.<\/p>\n","protected":false},"author":1,"featured_media":593,"comment_status":"open","ping_status":"open","sticky":false,"template":"","format":"standard","meta":[],"categories":[2,1],"tags":[],"_links":{"self":[{"href":"https:\/\/derecho.mdp.edu.ar\/index.php\/wp-json\/wp\/v2\/posts\/580"}],"collection":[{"href":"https:\/\/derecho.mdp.edu.ar\/index.php\/wp-json\/wp\/v2\/posts"}],"about":[{"href":"https:\/\/derecho.mdp.edu.ar\/index.php\/wp-json\/wp\/v2\/types\/post"}],"author":[{"embeddable":true,"href":"https:\/\/derecho.mdp.edu.ar\/index.php\/wp-json\/wp\/v2\/users\/1"}],"replies":[{"embeddable":true,"href":"https:\/\/derecho.mdp.edu.ar\/index.php\/wp-json\/wp\/v2\/comments?post=580"}],"version-history":[{"count":5,"href":"https:\/\/derecho.mdp.edu.ar\/index.php\/wp-json\/wp\/v2\/posts\/580\/revisions"}],"predecessor-version":[{"id":598,"href":"https:\/\/derecho.mdp.edu.ar\/index.php\/wp-json\/wp\/v2\/posts\/580\/revisions\/598"}],"wp:featuredmedia":[{"embeddable":true,"href":"https:\/\/derecho.mdp.edu.ar\/index.php\/wp-json\/wp\/v2\/media\/593"}],"wp:attachment":[{"href":"https:\/\/derecho.mdp.edu.ar\/index.php\/wp-json\/wp\/v2\/media?parent=580"}],"wp:term":[{"taxonomy":"category","embeddable":true,"href":"https:\/\/derecho.mdp.edu.ar\/index.php\/wp-json\/wp\/v2\/categories?post=580"},{"taxonomy":"post_tag","embeddable":true,"href":"https:\/\/derecho.mdp.edu.ar\/index.php\/wp-json\/wp\/v2\/tags?post=580"}],"curies":[{"name":"wp","href":"https:\/\/api.w.org\/{rel}","templated":true}]}}