{"id":567,"date":"2019-07-05T11:40:22","date_gmt":"2019-07-05T14:40:22","guid":{"rendered":"http:\/\/www.mdp.edu.ar\/derecho\/derecho2019\/?p=567"},"modified":"2019-07-05T11:40:56","modified_gmt":"2019-07-05T14:40:56","slug":"5th-summer-course-on-international-economic-relations-and-human-rights","status":"publish","type":"post","link":"https:\/\/derecho.mdp.edu.ar\/index.php\/2019\/07\/05\/5th-summer-course-on-international-economic-relations-and-human-rights\/","title":{"rendered":"5th Summer Course on International Economic Relations and Human Rights"},"content":{"rendered":"<h1>5th Summer Course on International Economic Relations and Human Rights<\/h1>\n<p>En el marco de la carta de intenci\u00f3n firmada entre nuestra facultad y la Fundaci\u00f3n Kalliopi Koufa de Tesal\u00f3nica, estudiantes de abogac\u00eda participan del Programa Viaje Cultural y de Estudios, dirigido por el docente\u00a0Favio Farinella\u00a0y coordinados por el docente\u00a0Nicolas Medel\u00a0y la graduada\u00a0Julieta Gonz\u00e1lez Rojas.<\/p>\n<p>Cleopatra Torres, Macarena Darriba, Micaela Darriba, Lucas Nesteruk, Rosario Celestino, Magdalena Vaquero y Estrella Meh<span class=\"text_exposed_show\">ana conforman el grupo de estudiantes que se encuentra realizando el Curso sobre Economics and Human Rights en la Universidad Arist\u00f3teles de Tesal\u00f3nica. El mismo\u00a0abarca los meses de junio y julio del 2019.<\/span><\/p>\n<div class=\"text_exposed_show\">\n<p>En esta oportunidad visitaron el Colegio de Abogados de Tesal\u00f3nica.<\/p>\n<p><img loading=\"lazy\" class=\"alignnone size-full wp-image-568\" src=\"http:\/\/www.mdp.edu.ar\/derecho\/derecho2019\/wp-content\/uploads\/PHOTO-2019-07-01-12-27-57-3.jpg\" alt=\"\" width=\"1024\" height=\"768\" srcset=\"https:\/\/derecho.mdp.edu.ar\/wp-content\/uploads\/PHOTO-2019-07-01-12-27-57-3.jpg 1024w, https:\/\/derecho.mdp.edu.ar\/wp-content\/uploads\/PHOTO-2019-07-01-12-27-57-3-350x263.jpg 350w, https:\/\/derecho.mdp.edu.ar\/wp-content\/uploads\/PHOTO-2019-07-01-12-27-57-3-300x225.jpg 300w, https:\/\/derecho.mdp.edu.ar\/wp-content\/uploads\/PHOTO-2019-07-01-12-27-57-3-768x576.jpg 768w\" sizes=\"(max-width: 706px) 89vw, (max-width: 767px) 82vw, 740px\" \/> <img loading=\"lazy\" class=\"alignnone size-full wp-image-569\" src=\"http:\/\/www.mdp.edu.ar\/derecho\/derecho2019\/wp-content\/uploads\/PHOTO-2019-07-01-12-27-57-2.jpg\" alt=\"\" width=\"1024\" height=\"768\" srcset=\"https:\/\/derecho.mdp.edu.ar\/wp-content\/uploads\/PHOTO-2019-07-01-12-27-57-2.jpg 1024w, https:\/\/derecho.mdp.edu.ar\/wp-content\/uploads\/PHOTO-2019-07-01-12-27-57-2-350x263.jpg 350w, https:\/\/derecho.mdp.edu.ar\/wp-content\/uploads\/PHOTO-2019-07-01-12-27-57-2-300x225.jpg 300w, https:\/\/derecho.mdp.edu.ar\/wp-content\/uploads\/PHOTO-2019-07-01-12-27-57-2-768x576.jpg 768w\" sizes=\"(max-width: 706px) 89vw, (max-width: 767px) 82vw, 740px\" \/> <img loading=\"lazy\" class=\"alignnone size-full wp-image-570\" src=\"http:\/\/www.mdp.edu.ar\/derecho\/derecho2019\/wp-content\/uploads\/PHOTO-2019-07-01-12-27-57-1.jpg\" alt=\"\" width=\"1024\" height=\"768\" srcset=\"https:\/\/derecho.mdp.edu.ar\/wp-content\/uploads\/PHOTO-2019-07-01-12-27-57-1.jpg 1024w, https:\/\/derecho.mdp.edu.ar\/wp-content\/uploads\/PHOTO-2019-07-01-12-27-57-1-350x263.jpg 350w, https:\/\/derecho.mdp.edu.ar\/wp-content\/uploads\/PHOTO-2019-07-01-12-27-57-1-300x225.jpg 300w, https:\/\/derecho.mdp.edu.ar\/wp-content\/uploads\/PHOTO-2019-07-01-12-27-57-1-768x576.jpg 768w\" sizes=\"(max-width: 706px) 89vw, (max-width: 767px) 82vw, 740px\" \/> <img loading=\"lazy\" class=\"alignnone size-full wp-image-571\" src=\"http:\/\/www.mdp.edu.ar\/derecho\/derecho2019\/wp-content\/uploads\/PHOTO-2019-07-01-12-27-57-4.jpg\" alt=\"\" width=\"1024\" height=\"768\" srcset=\"https:\/\/derecho.mdp.edu.ar\/wp-content\/uploads\/PHOTO-2019-07-01-12-27-57-4.jpg 1024w, https:\/\/derecho.mdp.edu.ar\/wp-content\/uploads\/PHOTO-2019-07-01-12-27-57-4-350x263.jpg 350w, https:\/\/derecho.mdp.edu.ar\/wp-content\/uploads\/PHOTO-2019-07-01-12-27-57-4-300x225.jpg 300w, https:\/\/derecho.mdp.edu.ar\/wp-content\/uploads\/PHOTO-2019-07-01-12-27-57-4-768x576.jpg 768w\" sizes=\"(max-width: 706px) 89vw, (max-width: 767px) 82vw, 740px\" \/><\/p>\n<p>&nbsp;<\/p>\n<\/div>\n","protected":false},"excerpt":{"rendered":"<p>Estudiantes de abogac\u00eda participan del Programa Viaje Cultural y de Estudios, dirigido por el docente\u00a0Favio Farinella\u00a0y coordinados por el docente\u00a0Nicolas Medel\u00a0y la graduada\u00a0Julieta Gonz\u00e1lez Rojas.<\/p>\n","protected":false},"author":1,"featured_media":572,"comment_status":"open","ping_status":"open","sticky":false,"template":"","format":"standard","meta":[],"categories":[2,10],"tags":[],"_links":{"self":[{"href":"https:\/\/derecho.mdp.edu.ar\/index.php\/wp-json\/wp\/v2\/posts\/567"}],"collection":[{"href":"https:\/\/derecho.mdp.edu.ar\/index.php\/wp-json\/wp\/v2\/posts"}],"about":[{"href":"https:\/\/derecho.mdp.edu.ar\/index.php\/wp-json\/wp\/v2\/types\/post"}],"author":[{"embeddable":true,"href":"https:\/\/derecho.mdp.edu.ar\/index.php\/wp-json\/wp\/v2\/users\/1"}],"replies":[{"embeddable":true,"href":"https:\/\/derecho.mdp.edu.ar\/index.php\/wp-json\/wp\/v2\/comments?post=567"}],"version-history":[{"count":2,"href":"https:\/\/derecho.mdp.edu.ar\/index.php\/wp-json\/wp\/v2\/posts\/567\/revisions"}],"predecessor-version":[{"id":574,"href":"https:\/\/derecho.mdp.edu.ar\/index.php\/wp-json\/wp\/v2\/posts\/567\/revisions\/574"}],"wp:featuredmedia":[{"embeddable":true,"href":"https:\/\/derecho.mdp.edu.ar\/index.php\/wp-json\/wp\/v2\/media\/572"}],"wp:attachment":[{"href":"https:\/\/derecho.mdp.edu.ar\/index.php\/wp-json\/wp\/v2\/media?parent=567"}],"wp:term":[{"taxonomy":"category","embeddable":true,"href":"https:\/\/derecho.mdp.edu.ar\/index.php\/wp-json\/wp\/v2\/categories?post=567"},{"taxonomy":"post_tag","embeddable":true,"href":"https:\/\/derecho.mdp.edu.ar\/index.php\/wp-json\/wp\/v2\/tags?post=567"}],"curies":[{"name":"wp","href":"https:\/\/api.w.org\/{rel}","templated":true}]}}