{"id":505,"date":"2019-06-13T15:02:18","date_gmt":"2019-06-13T18:02:18","guid":{"rendered":"http:\/\/www.mdp.edu.ar\/derecho\/derecho2019\/?p=505"},"modified":"2019-06-13T16:11:12","modified_gmt":"2019-06-13T19:11:12","slug":"taller-que-ensena-y-evalua-un-profesor-universitario-del-siglo-xxi","status":"publish","type":"post","link":"https:\/\/derecho.mdp.edu.ar\/index.php\/2019\/06\/13\/taller-que-ensena-y-evalua-un-profesor-universitario-del-siglo-xxi\/","title":{"rendered":"Taller &#8220;\u00bfQu\u00e9 ense\u00f1a y eval\u00faa un profesor universitario del siglo XXI?"},"content":{"rendered":"<h1>Taller &#8220;\u00bfQu\u00e9 ense\u00f1a y eval\u00faa un profesor universitario del siglo XXI?<\/h1>\n<p>Hoy en d\u00eda evaluar en la universidad no es una tarea sencilla. El siguiente taller tiene por objetivos resignificar el sentido del proceso evaluativo a partir de la reflexi\u00f3n, compartir y transparentar criterios en la construcci\u00f3n de ex\u00e1menes, y mejorar la pr\u00e1ctica docente en las propuestas de evaluaci\u00f3n.<\/p>\n<p>Un taller destinado a los y las docentes que integran las \u00e1reas curriculares de la carrera; en el que se abordar\u00e1n contenidos como: &#8220;ense\u00f1ar, aprender y evaluar: tres procesos inseparables&#8221;, &#8220;evaluaci\u00f3n did\u00e1ctica&#8221;, &#8220;revisi\u00f3n de evaluaciones mediante instrumentos de evaluaci\u00f3n&#8221;, entre otros.<\/p>\n<p>Recientemente, los docentes que integran el \u00c1rea Curricular de Derecho Penal inauguraron el comienzo de la capacitaci\u00f3n, que continuar\u00e1 su curso\u00a0 con las \u00e1reas curriculares restantes,\u00a0<span style=\"font-size: 1rem;\">los s\u00e1bados en la facultad<\/span><span style=\"font-size: 1rem;\">.\u00a0<\/span><\/p>\n<p><img loading=\"lazy\" class=\"alignnone wp-image-516 size-medium\" src=\"http:\/\/www.mdp.edu.ar\/derecho\/derecho2019\/wp-content\/uploads\/PHOTO-2019-06-08-15-31-18-2-300x178.jpg\" alt=\"\" width=\"300\" height=\"178\" srcset=\"https:\/\/derecho.mdp.edu.ar\/wp-content\/uploads\/PHOTO-2019-06-08-15-31-18-2-300x178.jpg 300w, https:\/\/derecho.mdp.edu.ar\/wp-content\/uploads\/PHOTO-2019-06-08-15-31-18-2-350x208.jpg 350w, https:\/\/derecho.mdp.edu.ar\/wp-content\/uploads\/PHOTO-2019-06-08-15-31-18-2-768x455.jpg 768w, https:\/\/derecho.mdp.edu.ar\/wp-content\/uploads\/PHOTO-2019-06-08-15-31-18-2.jpg 823w\" sizes=\"(max-width: 300px) 100vw, 300px\" \/> <img loading=\"lazy\" class=\"alignnone wp-image-517 size-medium\" src=\"http:\/\/www.mdp.edu.ar\/derecho\/derecho2019\/wp-content\/uploads\/PHOTO-2019-06-08-15-31-18-1-300x164.jpg\" alt=\"\" width=\"300\" height=\"164\" srcset=\"https:\/\/derecho.mdp.edu.ar\/wp-content\/uploads\/PHOTO-2019-06-08-15-31-18-1-300x164.jpg 300w, https:\/\/derecho.mdp.edu.ar\/wp-content\/uploads\/PHOTO-2019-06-08-15-31-18-1-350x192.jpg 350w, https:\/\/derecho.mdp.edu.ar\/wp-content\/uploads\/PHOTO-2019-06-08-15-31-18-1-768x421.jpg 768w, https:\/\/derecho.mdp.edu.ar\/wp-content\/uploads\/PHOTO-2019-06-08-15-31-18-1.jpg 900w\" sizes=\"(max-width: 300px) 100vw, 300px\" \/><\/p>\n<p>&nbsp;<\/p>\n","protected":false},"excerpt":{"rendered":"<p>Hoy en d\u00eda evaluar en la universidad no es una tarea sencilla. El siguiente taller tiene por objetivos resignificar el sentido del proceso evaluativo a partir de la reflexi\u00f3n, compartir y transparentar criterios en la construcci\u00f3n de ex\u00e1menes, y mejorar la pr\u00e1ctica docente en las propuestas de evaluaci\u00f3n.<\/p>\n","protected":false},"author":1,"featured_media":513,"comment_status":"open","ping_status":"open","sticky":false,"template":"","format":"standard","meta":[],"categories":[8,2],"tags":[],"_links":{"self":[{"href":"https:\/\/derecho.mdp.edu.ar\/index.php\/wp-json\/wp\/v2\/posts\/505"}],"collection":[{"href":"https:\/\/derecho.mdp.edu.ar\/index.php\/wp-json\/wp\/v2\/posts"}],"about":[{"href":"https:\/\/derecho.mdp.edu.ar\/index.php\/wp-json\/wp\/v2\/types\/post"}],"author":[{"embeddable":true,"href":"https:\/\/derecho.mdp.edu.ar\/index.php\/wp-json\/wp\/v2\/users\/1"}],"replies":[{"embeddable":true,"href":"https:\/\/derecho.mdp.edu.ar\/index.php\/wp-json\/wp\/v2\/comments?post=505"}],"version-history":[{"count":4,"href":"https:\/\/derecho.mdp.edu.ar\/index.php\/wp-json\/wp\/v2\/posts\/505\/revisions"}],"predecessor-version":[{"id":519,"href":"https:\/\/derecho.mdp.edu.ar\/index.php\/wp-json\/wp\/v2\/posts\/505\/revisions\/519"}],"wp:featuredmedia":[{"embeddable":true,"href":"https:\/\/derecho.mdp.edu.ar\/index.php\/wp-json\/wp\/v2\/media\/513"}],"wp:attachment":[{"href":"https:\/\/derecho.mdp.edu.ar\/index.php\/wp-json\/wp\/v2\/media?parent=505"}],"wp:term":[{"taxonomy":"category","embeddable":true,"href":"https:\/\/derecho.mdp.edu.ar\/index.php\/wp-json\/wp\/v2\/categories?post=505"},{"taxonomy":"post_tag","embeddable":true,"href":"https:\/\/derecho.mdp.edu.ar\/index.php\/wp-json\/wp\/v2\/tags?post=505"}],"curies":[{"name":"wp","href":"https:\/\/api.w.org\/{rel}","templated":true}]}}