{"id":479,"date":"2018-12-03T02:06:59","date_gmt":"2018-12-03T05:06:59","guid":{"rendered":"http:\/\/www.mdp.edu.ar\/derecho\/derecho2019\/?p=479"},"modified":"2019-06-13T02:10:09","modified_gmt":"2019-06-13T05:10:09","slug":"xviii-jornadas-nacionales-de-filosofia-y-ciencia-politica","status":"publish","type":"post","link":"https:\/\/derecho.mdp.edu.ar\/index.php\/2018\/12\/03\/xviii-jornadas-nacionales-de-filosofia-y-ciencia-politica\/","title":{"rendered":"XVIII Jornadas Nacionales de Filosof\u00eda y Ciencia Pol\u00edtica"},"content":{"rendered":"<h1>XVIII Jornadas Nacionales de Filosof\u00eda y Ciencia Pol\u00edtica<\/h1>\n<p>Los d\u00edas 14, 15, 16 y 17 se realizaron en la Facultad de Derecho de la Universidad Nacional de Mar del Plata las XVIII Jornadas Nacionales de Filosof\u00eda y Ciencia Pol\u00edtica con m\u00fatiples paneles y disertantes del pa\u00eds y del exterior.<\/p>\n<p>Durante las jornadas, los\/as participantes trabajaron en comisiones, se realizaron charlas de debate y se expusieron las siguientes cuestiones:<\/p>\n<p><strong>&#8220;El derecho a decidir y la dignidad del riesgo. Los apoyos en clave de ciudadan\u00eda&#8221;\u00a0<\/strong>Expositores\/as: Mag. Rubens Mendez (UNMDP) Lic. Carola Ianantuony (UNMDP) Lic. Victoria Martinucci (UNMDP) Lic. Maria Laura Tej\u00f3n (UNMDP) Mag. Marina Mendez (UNICEN) Modera: Romina Manzilla (UNMdP).<\/p>\n<p><strong>&#8220;El derecho a la toma de decisiones con apoyos. La necesaria deconstrucci\u00f3n de la capacidad jur\u00eddica a la luz de los derechos humanos&#8221;<\/strong>. Expositores\/as: Dra. Agustina Palacios (CONICET-UNMDP), Esp. Silvia Fernandez (UNMDP), Mag. Maria \u00c1ngeles Porxas Roig (Universidad de Girona, Espa\u00f1a.<\/p>\n<p><strong>&#8220;A 100 a\u00f1os de la Reforma Universitaria: Un debate a la luz de la situaci\u00f3n actual de la Universidad Argentina&#8221;. <\/strong>Expositores\/as:\u00a0Esp. Alfredo Lazzeretti (Rector UNMDP), Mag. Alfonsina Guardia (UNMDP), Esp. Juan Jos\u00e9 Escujuri (UNMDP) Mag. Jos\u00e9 L. Zerillo (UNMDP).<\/p>\n<p><strong>&#8220;Filosof\u00eda Pol\u00edtica Cl\u00e1sica&#8221;<\/strong>, Expositores\/as: Dr. Roberto Carro Paz (UNMDP) Prof. Rebeca Canclini (UNS) Mag. Emilio Alderete \u00c1valos (UBA) Mag. Ana Mar\u00eda Raggio (UNR) Modera: Ab. Graciela Testa (CONICET-UNMDP).<\/p>\n<p><strong>&#8220;Nuevos paradigmas relativos a la ni\u00f1ez y adolescencia: La figura del abogado del ni\u00f1o&#8221;<\/strong>. Expositores\/as: Ab. Mariana Villar &#8211; Ab. Tom\u00e1s Romano Ab. Bettina Berra &#8211; Ab. Laura Seltzer (Instituto de Familia y Sucesiones del Colegio de Abogados de Mar del Plata).<\/p>\n<p><strong>&#8220;Econom\u00eda Pol\u00edtica Nacional&#8221;<\/strong>.\u00a0Expositores: Dr. Hugo Calello (UBA) y Prof. Daniel Lanza (UNMDP).<\/p>\n<p><strong>El Derecho a la Ciudad: Teor\u00eda y Praxis&#8221;<\/strong> Expositoras: Dra. Lila Garc\u00eda (CONICET-UNMDP) Dr. Pablo Slavin (UNMDP) Ab. Almendra Aladro (CONICET-UNMDP) Ab. Luc\u00eda Mart\u00ednez (UNMdP).<\/p>\n<p><strong>&#8220;Pol\u00edtica Criminal: participaci\u00f3n popular y democracia&#8221;.<\/strong>\u00a0 Expositores\/a:\u00a0Mag. Gabriel Bombini (UNMDP), Mag. Leonardo Palacios (UNMDP), Mag. Daniel Boccoli (UNR) Lic. Marisol Palacios (FIBESJ \u2013 Colombia).<\/p>\n<p><strong>&#8220;Desaf\u00edos Nacionales pendientes: un Debate abierto&#8221;<\/strong> Expositores\/as:\u00a0Dr. Oscar Blando (UNR) Prof. Carolina Corfield (UNMP) Dra. Julieta Nicolao (CICPBA, CEIPIL-UNICEN).<\/p>\n<p><strong>&#8220;Am\u00e9rica Latina despu\u00e9s del periodo electoral. Apuntes desde una perspectiva hist\u00f3rica&#8221;. <\/strong>Expositores\/as:\u00a0\u00a0Dr. Antonio Manna (UNMDP-UNTREF) Dra. Adriana Pons (UNR) Dr. Gustavo Guevara (UNR\/UBA) Mg. Alejandro Busto (UNMdP).<\/p>\n<p><strong>&#8220;Investigaci\u00f3n-Acci\u00f3n: El compromiso social Universitario&#8221;<\/strong> Expositores\/as: Dr. Luis Aguirrezabal (Sec. Ciencia y Tecnolog\u00eda de la UNMDP) Ab. Gerardo Cerabona (Sec. Extensi\u00f3n y Transferencia, Fac. Derecho, UNICEN) Guillermo Bianchi (Secretario Gral. SECZA) Dra. Juliana Tumini (UNMDP) Dr. Pablo Slavin (UNMDP).<\/p>\n<p><strong>&#8220;Pol\u00edtica Internacional&#8221;<\/strong>\u00a0Expositores\/as: Ricardo Romero (UBA) Dr. Christian Cao (UBA) Lic. Carla Debenedetti (UNMDP) Lic. Julio Mac\u00edas (UNMDP) Dr. Maximiliano Zuccarino (CEIPIL) Mag. Bruno Pereira de Lima Aranha (USP-Brasil).<\/p>\n<p>El viernes 16 de noviembre de 2018 las jornadas concluyeron con la conferencia <strong>&#8220;Investigaci\u00f3n-acci\u00f3n: el compromiso social universitario&#8221;<\/strong>\u00a0con la coordinaci\u00f3n de la\u00a0Bec. Almendra Aladro (UNMdP &#8211; CONICET). <strong>CONFERENCISTAS<\/strong>: Dr. Luis Aguirrezabal (Sec. Ciencia y Tecnolog\u00eda &#8211; UNMdP) Ab. Gerardo Cerabona (Sec. Extensi\u00f3n y Transferencia &#8211; FD &#8211; UNICEN) Guillermo Bianchi (Secretariao General SECZA) Dra. Juliana Tumini (FD &#8211; UNMdP) Dr. Pablo Slavin (FD &#8211; UNMdP).<\/p>\n<div id=\"meta\" class=\"style-scope ytd-watch-flexy\">\n<div id=\"offer-module\" class=\"style-scope ytd-watch-flexy\"><\/div>\n<\/div>\n<div id=\"ticket-shelf\" class=\"style-scope ytd-watch-flexy\">\n<p><iframe loading=\"lazy\" width=\"525\" height=\"295\" src=\"https:\/\/www.youtube.com\/embed\/6RUVao54RhY?feature=oembed\" frameborder=\"0\" allow=\"accelerometer; autoplay; encrypted-media; gyroscope; picture-in-picture\" allowfullscreen><\/iframe><\/p>\n<\/div>\n<div id=\"merch-shelf\" class=\"style-scope ytd-watch-flexy\"><\/div>\n<div id=\"header\" class=\"style-scope ytd-item-section-renderer\">\n<div id=\"title\" class=\"style-scope ytd-comments-header-renderer\"><\/div>\n<\/div>\n","protected":false},"excerpt":{"rendered":"<p>Los d\u00edas 14, 15, 16 y 17 se realizaron en la Facultad de Derecho de la Universidad Nacional de Mar del Plata las XVIII Jornadas Nacionales de Filosof\u00eda y Ciencia Pol\u00edtica con m\u00fatiples paneles y disertantes del pa\u00eds y del exterior.<\/p>\n","protected":false},"author":1,"featured_media":481,"comment_status":"open","ping_status":"open","sticky":false,"template":"","format":"standard","meta":[],"categories":[2,12],"tags":[],"_links":{"self":[{"href":"https:\/\/derecho.mdp.edu.ar\/index.php\/wp-json\/wp\/v2\/posts\/479"}],"collection":[{"href":"https:\/\/derecho.mdp.edu.ar\/index.php\/wp-json\/wp\/v2\/posts"}],"about":[{"href":"https:\/\/derecho.mdp.edu.ar\/index.php\/wp-json\/wp\/v2\/types\/post"}],"author":[{"embeddable":true,"href":"https:\/\/derecho.mdp.edu.ar\/index.php\/wp-json\/wp\/v2\/users\/1"}],"replies":[{"embeddable":true,"href":"https:\/\/derecho.mdp.edu.ar\/index.php\/wp-json\/wp\/v2\/comments?post=479"}],"version-history":[{"count":1,"href":"https:\/\/derecho.mdp.edu.ar\/index.php\/wp-json\/wp\/v2\/posts\/479\/revisions"}],"predecessor-version":[{"id":482,"href":"https:\/\/derecho.mdp.edu.ar\/index.php\/wp-json\/wp\/v2\/posts\/479\/revisions\/482"}],"wp:featuredmedia":[{"embeddable":true,"href":"https:\/\/derecho.mdp.edu.ar\/index.php\/wp-json\/wp\/v2\/media\/481"}],"wp:attachment":[{"href":"https:\/\/derecho.mdp.edu.ar\/index.php\/wp-json\/wp\/v2\/media?parent=479"}],"wp:term":[{"taxonomy":"category","embeddable":true,"href":"https:\/\/derecho.mdp.edu.ar\/index.php\/wp-json\/wp\/v2\/categories?post=479"},{"taxonomy":"post_tag","embeddable":true,"href":"https:\/\/derecho.mdp.edu.ar\/index.php\/wp-json\/wp\/v2\/tags?post=479"}],"curies":[{"name":"wp","href":"https:\/\/api.w.org\/{rel}","templated":true}]}}