{"id":475,"date":"2018-11-13T02:05:28","date_gmt":"2018-11-13T05:05:28","guid":{"rendered":"http:\/\/www.mdp.edu.ar\/derecho\/derecho2019\/?p=475"},"modified":"2019-06-13T02:07:40","modified_gmt":"2019-06-13T05:07:40","slug":"jornada-de-difusion-cannabis-medicinal","status":"publish","type":"post","link":"https:\/\/derecho.mdp.edu.ar\/index.php\/2018\/11\/13\/jornada-de-difusion-cannabis-medicinal\/","title":{"rendered":"Jornada de Difusi\u00f3n &#8220;Cannabis Medicinal&#8221;"},"content":{"rendered":"<h1>Jornada de Difusi\u00f3n &#8220;Cannabis Medicinal&#8221;<\/h1>\n<p>El viernes 28 de noviembre realizamos junto a la Facultad de Ciencias Exactas y Naturales y la Escuela de Medicina de nuestra universidad la Jornada de Difusi\u00f3n &#8220;Cannabis Medicinal&#8221;. M\u00e1s de setenta personas asistieron al Aula Magna de la Facultad de Derecho a escuchar las exposiciones de disertantes en el \u00e1mbito de las ciencias y el derecho en referencia al uso y aplicaci\u00f3n del &#8220;cannabis medicinal&#8221;.<\/p>\n<p style=\"font-weight: 400;\">Durante el acto de apertura, presentaron la actividad la Mg. Mar\u00eda del Carmen Ortega (Decana de la Facultad de Derecho), el\u00a0Dr. Luis del Rio\u00a0(Decano de la Facultad de Ciencias Exactas y Naturales), el\u00a0Dr. Adri\u00e1n Eduardo Alasino\u00a0(Director de la Escuela de Medicina) y\u00a0el Cdor. Alfredo Lazzaretti (Rector de la UNMDP)<\/p>\n<p style=\"font-weight: 400;\">Durante la jornada, se expusieron cuatro ponencias informativas en las \u00e1reas cient\u00edfica y jur\u00eddica sobre el uso y aplicaci\u00f3n del cannabis medicinal.<\/p>\n<p style=\"font-weight: 400;\"><strong>Panel cient\u00edfico:<\/strong><\/p>\n<p style=\"font-weight: 400;\">&#8220;La planta de Cannabis, historia de su uso, variedades y componentes&#8221;.\u00a0Disertante: Dra. Silvana Colman,Becaria Post Doctoral CONICET. Integrante del Grupo de extensi\u00f3n ConCiencia Cannabis de la FCEyN.<\/p>\n<p>&#8220;Cannabis medicinal: situaci\u00f3n actual,\u00a0 un f\u00e1rmaco controversial&#8221;.\u00a0Disertante:\u00a0Dra. Cristina Ramirez.\u00a0Investigadora Adjunta CONICET y Docente de la FCEYN.<\/p>\n<p>Moderadora: Dra. Mar\u00eda Gabriela Guevara. Investigador Independiente CONICET. Docente FCEyN. Secretaria de Investigaci\u00f3n y Postgrado FCEyN.<\/p>\n<p style=\"font-weight: 400;\"><strong>Panel jur\u00eddico:<\/strong><\/p>\n<p style=\"font-weight: 400;\">\u201cAspectos jur\u00eddicos del tr\u00e1fico de drogas: La prohibici\u00f3n de comerciar cannabis y sus derivados\u201d.\u00a0Disertante:\u00a0Dr. Roberto\u00a0 Atilio Falcone, Juez del Tribunal Oral en lo Criminal Federal de Mar del Plata. Profesor Titular de Derecho Penal.<\/p>\n<p style=\"font-weight: 400;\">&#8220;La jurisprudencia argentina en materia de uso terap\u00e9utico de cannabis y la situaci\u00f3n actual a la luz del fallo Arriola&#8221;.\u00a0\u00a0Disertante: Mag. Abogado Leandro Favaloro, Magister en criminolog\u00eda y sociolog\u00eda jur\u00eddica. Agente fiscal de la fiscal\u00eda especializada en estupefacientes.<\/p>\n<p style=\"font-weight: 400;\">Moderador: Abogado Alejandro Vega,\u00a0Docente Facultad de Derecho y Consejero Superior de la UNMDP<\/p>\n","protected":false},"excerpt":{"rendered":"<p>El viernes 28 de noviembre realizamos junto a la Facultad de Ciencias Exactas y Naturales y la Escuela de Medicina de nuestra universidad la Jornada de Difusi\u00f3n \u201cCannabis Medicinal\u201d. M\u00e1s de setenta personas asistieron al Aula Magna de la Facultad de Derecho.<\/p>\n","protected":false},"author":1,"featured_media":476,"comment_status":"open","ping_status":"open","sticky":false,"template":"","format":"standard","meta":[],"categories":[2,12],"tags":[],"_links":{"self":[{"href":"https:\/\/derecho.mdp.edu.ar\/index.php\/wp-json\/wp\/v2\/posts\/475"}],"collection":[{"href":"https:\/\/derecho.mdp.edu.ar\/index.php\/wp-json\/wp\/v2\/posts"}],"about":[{"href":"https:\/\/derecho.mdp.edu.ar\/index.php\/wp-json\/wp\/v2\/types\/post"}],"author":[{"embeddable":true,"href":"https:\/\/derecho.mdp.edu.ar\/index.php\/wp-json\/wp\/v2\/users\/1"}],"replies":[{"embeddable":true,"href":"https:\/\/derecho.mdp.edu.ar\/index.php\/wp-json\/wp\/v2\/comments?post=475"}],"version-history":[{"count":3,"href":"https:\/\/derecho.mdp.edu.ar\/index.php\/wp-json\/wp\/v2\/posts\/475\/revisions"}],"predecessor-version":[{"id":480,"href":"https:\/\/derecho.mdp.edu.ar\/index.php\/wp-json\/wp\/v2\/posts\/475\/revisions\/480"}],"wp:featuredmedia":[{"embeddable":true,"href":"https:\/\/derecho.mdp.edu.ar\/index.php\/wp-json\/wp\/v2\/media\/476"}],"wp:attachment":[{"href":"https:\/\/derecho.mdp.edu.ar\/index.php\/wp-json\/wp\/v2\/media?parent=475"}],"wp:term":[{"taxonomy":"category","embeddable":true,"href":"https:\/\/derecho.mdp.edu.ar\/index.php\/wp-json\/wp\/v2\/categories?post=475"},{"taxonomy":"post_tag","embeddable":true,"href":"https:\/\/derecho.mdp.edu.ar\/index.php\/wp-json\/wp\/v2\/tags?post=475"}],"curies":[{"name":"wp","href":"https:\/\/api.w.org\/{rel}","templated":true}]}}