{"id":470,"date":"2018-11-28T01:58:14","date_gmt":"2018-11-28T04:58:14","guid":{"rendered":"http:\/\/www.mdp.edu.ar\/derecho\/derecho2019\/?p=470"},"modified":"2019-06-13T02:04:16","modified_gmt":"2019-06-13T05:04:16","slug":"jornadas-de-derecho-internacional-maritimo","status":"publish","type":"post","link":"https:\/\/derecho.mdp.edu.ar\/index.php\/2018\/11\/28\/jornadas-de-derecho-internacional-maritimo\/","title":{"rendered":"Jornadas de Derecho Internacional Mar\u00edtimo"},"content":{"rendered":"<h1>Jornadas de Derecho Internacional Mar\u00edtimo<\/h1>\n<p>El jueves 22 y viernes 23 de noviembre se realizaron las Jornadas de Derecho Internacional Mar\u00edtimo en el piso 6 de nuestra facultad. El encuentro del que participaron m\u00e1s de cincuenta personas fue organizado por la Universidad Nacional de Mar del Plata junto a la Universidad de Buenos Aires.<\/p>\n<p>En el marco de las jornadas, expusieron el Dr. Diego Esteban Chami, Dr. Diego Farinella, Mag. Ana Victoria Villanueva, Abog. Stella Maris Moscuzza, Abog. Gadea E. Rivera y del Abog. Lisandro Belarmi. El programa abord\u00f3 m\u00faltiples ejes como: el derecho internacional aplicado a los intereses mar\u00edtimos, los aspectos laborales a la gente de mar, la Ley de Navegaci\u00f3n y su reciente modificaci\u00f3n, la Convenci\u00f3n de Londres y Protocolo Modificatorio, la responsabilidad del armador y la asistencia y salvamento mar\u00edtimo.<\/p>\n<p>Seg\u00fan explic\u00f3 el Dr. Diego E. Chami, Profesor Titular de Derecho de la Navegaci\u00f3n de la UBA, la Ley de Navegaci\u00f3n que entr\u00f3 en vigencia hace m\u00e1s de cuarenta a\u00f1os se basa en una s\u00f3lida estructura normativa. Sin embargo, la evoluci\u00f3n hist\u00f3rica de la tecnolog\u00eda y el surgimiento de nuevos paradigmas jur\u00eddicos demandan su actualizaci\u00f3n. Nuevas realidades nacientes en la revoluci\u00f3n tecnol\u00f3gica a mediados del siglo pasado trajeron en consecuencia la falta de regulaci\u00f3n p\u00fablica en algunos aspectos de la actividad mar\u00edtima; entre ellas el nacimiento del gran &#8220;buque tanque&#8221;. La circulaci\u00f3n de esta nueva maquinaria provoc\u00f3 importantes contaminaciones que sensibilizaron a la opini\u00f3n p\u00fablica, a la prensa y, en conjunto, repercusiones de naturaleza jur\u00eddica.<\/p>\n<p>&#8220;El sistema de navegaci\u00f3n actual en la Rep\u00fablica Argentina fue estructurado hace m\u00e1s de cien a\u00f1os, cuando muchas de las problem\u00e1ticas actuales no exist\u00edan. Es necesario reestructurarlo porque hay nuevos paradigmas a atender como la protecci\u00f3n al medio ambiente. Esto fue contemplado por el Convenio Internacional sobre Salvamento Mar\u00edtimo de 1989 donde convendr\u00eda que Argentina ratifique. Desde la Asociaci\u00f3n Argentina de Derecho Mar\u00edtimo elevamos una nota a canciller\u00eda con ese fin&#8221;, destac\u00f3 Chami.<\/p>\n<p>&nbsp;<\/p>\n","protected":false},"excerpt":{"rendered":"<p>El jueves 22 y viernes 23 de noviembre se realizaron las Jornadas de Derecho Internacional Mar\u00edtimo en el piso 6 de nuestra facultad.<\/p>\n","protected":false},"author":1,"featured_media":471,"comment_status":"open","ping_status":"open","sticky":false,"template":"","format":"standard","meta":[],"categories":[2,12],"tags":[],"_links":{"self":[{"href":"https:\/\/derecho.mdp.edu.ar\/index.php\/wp-json\/wp\/v2\/posts\/470"}],"collection":[{"href":"https:\/\/derecho.mdp.edu.ar\/index.php\/wp-json\/wp\/v2\/posts"}],"about":[{"href":"https:\/\/derecho.mdp.edu.ar\/index.php\/wp-json\/wp\/v2\/types\/post"}],"author":[{"embeddable":true,"href":"https:\/\/derecho.mdp.edu.ar\/index.php\/wp-json\/wp\/v2\/users\/1"}],"replies":[{"embeddable":true,"href":"https:\/\/derecho.mdp.edu.ar\/index.php\/wp-json\/wp\/v2\/comments?post=470"}],"version-history":[{"count":2,"href":"https:\/\/derecho.mdp.edu.ar\/index.php\/wp-json\/wp\/v2\/posts\/470\/revisions"}],"predecessor-version":[{"id":473,"href":"https:\/\/derecho.mdp.edu.ar\/index.php\/wp-json\/wp\/v2\/posts\/470\/revisions\/473"}],"wp:featuredmedia":[{"embeddable":true,"href":"https:\/\/derecho.mdp.edu.ar\/index.php\/wp-json\/wp\/v2\/media\/471"}],"wp:attachment":[{"href":"https:\/\/derecho.mdp.edu.ar\/index.php\/wp-json\/wp\/v2\/media?parent=470"}],"wp:term":[{"taxonomy":"category","embeddable":true,"href":"https:\/\/derecho.mdp.edu.ar\/index.php\/wp-json\/wp\/v2\/categories?post=470"},{"taxonomy":"post_tag","embeddable":true,"href":"https:\/\/derecho.mdp.edu.ar\/index.php\/wp-json\/wp\/v2\/tags?post=470"}],"curies":[{"name":"wp","href":"https:\/\/api.w.org\/{rel}","templated":true}]}}