{"id":284,"date":"2019-04-05T16:39:38","date_gmt":"2019-04-05T19:39:38","guid":{"rendered":"http:\/\/www.mdp.edu.ar\/derecho\/derecho2019\/?p=284"},"modified":"2019-06-13T02:35:12","modified_gmt":"2019-06-13T05:35:12","slug":"novedades-jornadas-preparatorias-del-xiv-congreso-argentino-de-derecho-societario","status":"publish","type":"post","link":"https:\/\/derecho.mdp.edu.ar\/index.php\/2019\/04\/05\/novedades-jornadas-preparatorias-del-xiv-congreso-argentino-de-derecho-societario\/","title":{"rendered":"Jornadas Preparatorias del XIV Congreso Argentino de Derecho Societario"},"content":{"rendered":"<h1>Jornadas Preparatorias del XIV Congreso Argentino de Derecho Societario<\/h1>\n<p><strong>HORARIO<\/strong><br \/>\nEl encuentro se realizar\u00e1 el 05 de abril de 2019 de 14 hs a 20 hs en el Aula\u00a0de Posgrado de la Facultad de Derecho.<\/p>\n<p><strong>PROGRAMA<\/strong><br \/>\n<strong>14 hs.<\/strong>\u00a0Apertura de la Jornada a cargo de la Decana de la\u00a0 Facultad de\u00a0Derecho de la U.N.M. P.l, Dra. Mar\u00eda\u00a0del Carmen Ortega y del Presidente de\u00a0 Colegio de Abogados del\u00a0Departamento Judicial de Mar del Plata.<br \/>\n<strong>14.10 hs.<\/strong>\u00a0Palabras introductorias del Dr. Pedro S\u00e1nchez Herrero, miembro\u00a0titular de la Comisi\u00f3n\u00a0Organizadora del Congreso Argentino de Derecho Societario y X Congreso<br \/>\nIberoamericano de Derecho Societario y de la Empresa.<\/p>\n<p><strong>PRIMER PANEL<\/strong><br \/>\n<strong>14.25 hs.<\/strong>\u00a0SOCIEDAD POR ACCIONES SIMPLIFICADA.<br \/>\n<strong>14.40 hs.<\/strong>\u00a0Dr. Pedro S\u00e1nchez Herrero. AUTONOM\u00cdA Y EFICIENCIA DE LA\u00a0S.A.S.<br \/>\n<strong>14.55 hs.<\/strong>\u00a0Dr. Federico \u00c1lvarez Larrondo: SAS Y UNIPERSONALIDAD,\u00a0REUNI\u00d3N UN\u00c1NIME,\u00a0CROWDFUNDING Y PROYECCI\u00d3N INTERNACIONAL.<br \/>\n<strong>15.10 hs.<\/strong>\u00a0 CONCEPTO DE SOCIEDAD Y MODO DE RESOLVER\u00a0CONFLICTOS EN LA SAS.\u00a0<strong>Dr. Diego Coste.<\/strong><br \/>\n<strong>Moderador, Dr. Juan Manuel\u00a0Moriondo.<\/strong><br \/>\n<strong>15.25 hs.<\/strong>\u00a0APERTURA DE DEBATE, hasta las 16,10 hs.<br \/>\n<strong>16.10 hs.<\/strong>\u00a0Receso.-<\/p>\n<p><strong>SEGUNDO PANEL<\/strong><br \/>\n<strong>16.30 hs.<\/strong>\u00a0Sociedades de familia.<br \/>\n<strong>16.3O hs.<\/strong>\u00a0Palabras Introductorias a cargo del Dr. Eduardo Favier Dubois.<br \/>\n<strong>16.50 hs.<\/strong>\u00a0Dr. Adalberto Busetto. Breve An\u00e1lisis sobre temas puntuales\u00a0vinculadas a las Sociedades de\u00a0Familia.<br \/>\n<strong>17.20 hs.<\/strong>\u00a0APERTURA DE DEBATE, hasta las 18.05 hs.<br \/>\nModerador, Dr. Christian Taliercio.<br \/>\n<strong>18.05 hs.<\/strong>\u00a0Receso.-<\/p>\n<p><strong>TERCER PANEL<\/strong><br \/>\n<strong>18.25 hs.<\/strong>\u00a0Responsabilidad.\u00a0Palabras Introductorias a cargo del Dr. Ricardo Ludovico\u00a0Gulminelli.<br \/>\n<strong>18.40 hs.<\/strong>\u00a0Breve An\u00e1lisis de la Dra. Mar\u00eda Barrau sobre la funci\u00f3n del capital\u00a0social.<br \/>\n<strong>18.55 hs.<\/strong>\u00a0Breve an\u00e1lisis del Dr. Alfredo Cerrotta sobre Pacto de sindicaci\u00f3n.<br \/>\n<strong>19.10 hs.<\/strong>\u00a0APERTURA DE DEBATE, hasta las 20 hs.<br \/>\n<strong>Moderador, Dr. Mariano Castelucci.<\/strong><\/p>\n<p><strong>CONSULTAS E INSCRIPCI\u00d3N<\/strong><\/p>\n<p><strong>Graduados:<\/strong>\u00a0por mail a posgrado.der@gmail.com<\/p>\n<p><strong>*Estudiantes se inscriben en el Centro de Estudiantes de Derecho y en la\u00a0Secretaria de Extensi\u00f3n y Bienestar Estudiantil.\u00a0<\/strong><\/p>\n","protected":false},"excerpt":{"rendered":"<p>El encuentro se realizar\u00e1 el 05 de abril de 2019 de 14 hs a 20 hs en el Aula\u00a0de Posgrado de la Facultad de Derecho.<\/p>\n","protected":false},"author":1,"featured_media":285,"comment_status":"open","ping_status":"open","sticky":false,"template":"","format":"standard","meta":[],"categories":[2,1],"tags":[],"_links":{"self":[{"href":"https:\/\/derecho.mdp.edu.ar\/index.php\/wp-json\/wp\/v2\/posts\/284"}],"collection":[{"href":"https:\/\/derecho.mdp.edu.ar\/index.php\/wp-json\/wp\/v2\/posts"}],"about":[{"href":"https:\/\/derecho.mdp.edu.ar\/index.php\/wp-json\/wp\/v2\/types\/post"}],"author":[{"embeddable":true,"href":"https:\/\/derecho.mdp.edu.ar\/index.php\/wp-json\/wp\/v2\/users\/1"}],"replies":[{"embeddable":true,"href":"https:\/\/derecho.mdp.edu.ar\/index.php\/wp-json\/wp\/v2\/comments?post=284"}],"version-history":[{"count":2,"href":"https:\/\/derecho.mdp.edu.ar\/index.php\/wp-json\/wp\/v2\/posts\/284\/revisions"}],"predecessor-version":[{"id":495,"href":"https:\/\/derecho.mdp.edu.ar\/index.php\/wp-json\/wp\/v2\/posts\/284\/revisions\/495"}],"wp:featuredmedia":[{"embeddable":true,"href":"https:\/\/derecho.mdp.edu.ar\/index.php\/wp-json\/wp\/v2\/media\/285"}],"wp:attachment":[{"href":"https:\/\/derecho.mdp.edu.ar\/index.php\/wp-json\/wp\/v2\/media?parent=284"}],"wp:term":[{"taxonomy":"category","embeddable":true,"href":"https:\/\/derecho.mdp.edu.ar\/index.php\/wp-json\/wp\/v2\/categories?post=284"},{"taxonomy":"post_tag","embeddable":true,"href":"https:\/\/derecho.mdp.edu.ar\/index.php\/wp-json\/wp\/v2\/tags?post=284"}],"curies":[{"name":"wp","href":"https:\/\/api.w.org\/{rel}","templated":true}]}}