{"id":281,"date":"2019-05-16T16:34:32","date_gmt":"2019-05-16T19:34:32","guid":{"rendered":"http:\/\/www.mdp.edu.ar\/derecho\/derecho2019\/?p=281"},"modified":"2019-06-13T02:33:57","modified_gmt":"2019-06-13T05:33:57","slug":"audiencia-publica-del-consejo-de-la-magistratura-de-la-nacion-en-la-facultad","status":"publish","type":"post","link":"https:\/\/derecho.mdp.edu.ar\/index.php\/2019\/05\/16\/audiencia-publica-del-consejo-de-la-magistratura-de-la-nacion-en-la-facultad\/","title":{"rendered":"Audiencia P\u00fablica del Consejo de la Magistratura de la Naci\u00f3n en la Facultad"},"content":{"rendered":"<h1>Audiencia P\u00fablica del Consejo de la Magistratura de la Naci\u00f3n en la Facultad<\/h1>\n<p>El jueves 16 de mayo la Facultad de Derecho fue sede de la Audiencia P\u00fablica del Consejo de la Magistratura de la Naci\u00f3n.<\/p>\n<p>En la ma\u00f1ana, con el Aula Magna de nuestra facultad colmada, el presidente del Consejo de la Magistratura Ricardo Recondo dio apertura a la Audiencia P\u00fablica Peri\u00f3dica de Informaci\u00f3n 2019. Luego, dieron palabras de bienvenida nuestra decana Mar\u00eda del Carmen Ortega y el presidente de la C\u00e1mara Federal de Apelaciones de Mar del Plata Alejandro Tazza.<\/p>\n<p>El encuentro cont\u00f3 con la presencia de es<span class=\"text_exposed_show\">tudiantes, graduados\/as y docentes de esta casa, estudiantes de escuelas secundarias y p\u00fablico en general. Destacamos la presencia de la vicepresidente del CMN\u00a0<a class=\"profileLink\" href=\"https:\/\/www.facebook.com\/MSanchezHerrero\/?__tn__=K-R&amp;eid=ARCbfIUlx_3owNa-0Cw_LXYg4B7T7vMCzvc04vkRkfRTXYNe2DLIcVutAxe1a-_bohU4zYReu7njuOk3&amp;fref=mentions&amp;__xts__%5B0%5D=68.ARDDjAYwWJKkOcX15nYUwVAPJNpUxJ8vgNNwKFfMDXSv7rdI09pfanpK_Y5mF0BAA98b3R6zDOanRydOPa5mHzYUa4THOzAWtoSkR6rfFkfbDwIOiLh00cvtFlgQnheK9SeaUEwoUTHLkpdbicw01xM1Rarc6fAyuvv1xDpmHJKWrdMvdz9_LkHrlZKZi-ngnMDJf-CgHzwPg68F98_HnxRjJlqU0ozSUQuzsBJGZ6hPNO6tw2bnsCMHqkfLJo-AoKEcGfknHgFq3Uash7YF84okswUFAv_rXzmuvwO5kgi3dKA5Ngo7dpTMOnzfY-20fdAmIAubIO5p_paX2manpQAL4LUs\" data-hovercard=\"\/ajax\/hovercard\/page.php?id=2122689791284186&amp;extragetparams=%7B%22__tn__%22%3A%22%2CdK-R-R%22%2C%22eid%22%3A%22ARCbfIUlx_3owNa-0Cw_LXYg4B7T7vMCzvc04vkRkfRTXYNe2DLIcVutAxe1a-_bohU4zYReu7njuOk3%22%2C%22fref%22%3A%22mentions%22%7D\" data-hovercard-prefer-more-content-show=\"1\">Marina Sanchez Herrero<\/a>, docente de nuestra facultad.<\/span><\/p>\n<div class=\"text_exposed_show\">\n<p>Durante la jornada se desarroll\u00f3 una amplia agenda de actividades:<\/p>\n<p>En la ma\u00f1ana, los consejeros presentaron el Informe Anual de Gesti\u00f3n y respondieron las preguntas formuladas por los participantes inscritos.<\/p>\n<p>Adem\u00e1s, la vicepresidente del consejo inform\u00f3 sobre proyectos en gesti\u00f3n que abordan de diferente manera la tem\u00e1tica de g\u00e9nero y se expusieron las misiones y funciones del CMN mediante la proyecci\u00f3n de un video institucional.<\/p>\n<p>La jornada continu\u00f3 por la tarde con la exposici\u00f3n de destacados panelistas del \u00e1mbito acad\u00e9mico de nuestro pa\u00eds y del extranjero. Disertaron sobre el esp\u00edritu de la Convenci\u00f3n Constituyente, la evaluaci\u00f3n de la gesti\u00f3n del CMN desde la perspectiva acad\u00e9mica y los antecedentes del organismo en la experiencia europea.<\/p>\n<p>Luego de la exposici\u00f3n, la vicepresidente del Consejo de la Magistratura Dra. S\u00e1nchez Herrero estuvo a cargo del cierre de la jornada.<\/p>\n<\/div>\n","protected":false},"excerpt":{"rendered":"<p>El jueves 16 de mayo la Facultad de Derecho fue sede de la Audiencia P\u00fablica del Consejo de la Magistratura de la Naci\u00f3n.<\/p>\n","protected":false},"author":1,"featured_media":282,"comment_status":"open","ping_status":"open","sticky":false,"template":"","format":"standard","meta":[],"categories":[2,1],"tags":[],"_links":{"self":[{"href":"https:\/\/derecho.mdp.edu.ar\/index.php\/wp-json\/wp\/v2\/posts\/281"}],"collection":[{"href":"https:\/\/derecho.mdp.edu.ar\/index.php\/wp-json\/wp\/v2\/posts"}],"about":[{"href":"https:\/\/derecho.mdp.edu.ar\/index.php\/wp-json\/wp\/v2\/types\/post"}],"author":[{"embeddable":true,"href":"https:\/\/derecho.mdp.edu.ar\/index.php\/wp-json\/wp\/v2\/users\/1"}],"replies":[{"embeddable":true,"href":"https:\/\/derecho.mdp.edu.ar\/index.php\/wp-json\/wp\/v2\/comments?post=281"}],"version-history":[{"count":2,"href":"https:\/\/derecho.mdp.edu.ar\/index.php\/wp-json\/wp\/v2\/posts\/281\/revisions"}],"predecessor-version":[{"id":494,"href":"https:\/\/derecho.mdp.edu.ar\/index.php\/wp-json\/wp\/v2\/posts\/281\/revisions\/494"}],"wp:featuredmedia":[{"embeddable":true,"href":"https:\/\/derecho.mdp.edu.ar\/index.php\/wp-json\/wp\/v2\/media\/282"}],"wp:attachment":[{"href":"https:\/\/derecho.mdp.edu.ar\/index.php\/wp-json\/wp\/v2\/media?parent=281"}],"wp:term":[{"taxonomy":"category","embeddable":true,"href":"https:\/\/derecho.mdp.edu.ar\/index.php\/wp-json\/wp\/v2\/categories?post=281"},{"taxonomy":"post_tag","embeddable":true,"href":"https:\/\/derecho.mdp.edu.ar\/index.php\/wp-json\/wp\/v2\/tags?post=281"}],"curies":[{"name":"wp","href":"https:\/\/api.w.org\/{rel}","templated":true}]}}