{"id":202,"date":"2019-05-29T19:11:02","date_gmt":"2019-05-29T22:11:02","guid":{"rendered":"http:\/\/www.mdp.edu.ar\/derecho\/derecho2019\/?p=202"},"modified":"2019-06-13T02:30:57","modified_gmt":"2019-06-13T05:30:57","slug":"extension-actividades-programa-permanente-de-aprendiendo-a-ser-consumidores","status":"publish","type":"post","link":"https:\/\/derecho.mdp.edu.ar\/index.php\/2019\/05\/29\/extension-actividades-programa-permanente-de-aprendiendo-a-ser-consumidores\/","title":{"rendered":"Programa Permanente Aprendiendo a Ser Consumidores"},"content":{"rendered":"<h1>Programa Permanente &#8220;Aprendiendo a Ser Consumidores&#8221;<\/h1>\n<p>El programa surgi\u00f3 en el a\u00f1o 2014, a partir de la necesidad de establecer un v\u00ednculo directo entre la poblaci\u00f3n en general y la universidad. Fruto de ello y del compromiso asumido por las autoridades de la Facultad de Derecho y la U.N.M.D.P. es que comenz\u00f3 a desandarse el camino del mismo.<\/p>\n<p>Entre las actividades que hemos desarrollado se destacan la visita a diversas asociaciones vecinales de fomento municipales, difundiendo los derechos que como consumidor o usuario tenemos, entre otras las asociaciones vecinales de fomento de Villa Primera, Camet Norte, San Carlos, San Mart\u00edn; la presentaci\u00f3n en un micro radial quincenal entre los a\u00f1os 2015\/2016 en Radio Universidad desarrollando diversas tem\u00e1ticas al aire; el desarrollo en v\u00eda p\u00fablica de campa\u00f1as de concientizaci\u00f3n de los derechos de usuarios y consumidores.<\/p>\n<p>La actuaci\u00f3n extensionista se complementa con la labor de investigaci\u00f3n y acad\u00e9mica, a trav\u00e9s de la creaci\u00f3n del Grupo de Investigaci\u00f3n en Derecho del Consumo y mediante la asistencia a charlas y jornadas acad\u00e9micas de especializaci\u00f3n en la materia. Las mismas resultan de gran utilidad al momento de evacuar las dudas o consultas del p\u00fablico que asiste a las jornadas en los distintos barrios.<\/p>\n<p>La visibilizaci\u00f3n de las actividades ha\u00a0 sido uno de nuestros\u00a0 principales objetivos, utilizando las herramientas a disposici\u00f3n, e incluso los distintos medios period\u00edsticos. Ello ha generado un nivel de conocimiento tanto del grupo y sus actividades como asi tambi\u00e9n ha generado r\u00e9dito hacia la Facultad como un lugar de consulta permanente en relaci\u00f3n a la tem\u00e1tica consumeril, situaci\u00f3n que nos permite llegar como instituci\u00f3n a un sector importante de la poblaci\u00f3n y colaborar con el acceso a la informaci\u00f3n, uno de los principales estandartes de la Ley de Defensa del Consumidor.<\/p>\n<p><strong>Inscripci\u00f3n abierta desde el 3 de junio hasta el 14 de junio en Secretar\u00eda de Extensi\u00f3n, de lunes a viernes de 10 a 15 hs. Consultas v\u00eda mail a extndere@mdp.edu.ar<\/strong><\/p>\n","protected":false},"excerpt":{"rendered":"<p>El programa surgi\u00f3 en el a\u00f1o 2014, a partir de la necesidad de establecer un v\u00ednculo directo entre la poblaci\u00f3n en general y la universidad. Fruto de ello y del compromiso asumido por las autoridades de la Facultad de Derecho y la U.N.M.D.P. es que comenz\u00f3 a desandarse el camino del mismo.<\/p>\n","protected":false},"author":1,"featured_media":251,"comment_status":"open","ping_status":"open","sticky":false,"template":"","format":"standard","meta":[],"categories":[13,2],"tags":[],"_links":{"self":[{"href":"https:\/\/derecho.mdp.edu.ar\/index.php\/wp-json\/wp\/v2\/posts\/202"}],"collection":[{"href":"https:\/\/derecho.mdp.edu.ar\/index.php\/wp-json\/wp\/v2\/posts"}],"about":[{"href":"https:\/\/derecho.mdp.edu.ar\/index.php\/wp-json\/wp\/v2\/types\/post"}],"author":[{"embeddable":true,"href":"https:\/\/derecho.mdp.edu.ar\/index.php\/wp-json\/wp\/v2\/users\/1"}],"replies":[{"embeddable":true,"href":"https:\/\/derecho.mdp.edu.ar\/index.php\/wp-json\/wp\/v2\/comments?post=202"}],"version-history":[{"count":4,"href":"https:\/\/derecho.mdp.edu.ar\/index.php\/wp-json\/wp\/v2\/posts\/202\/revisions"}],"predecessor-version":[{"id":491,"href":"https:\/\/derecho.mdp.edu.ar\/index.php\/wp-json\/wp\/v2\/posts\/202\/revisions\/491"}],"wp:featuredmedia":[{"embeddable":true,"href":"https:\/\/derecho.mdp.edu.ar\/index.php\/wp-json\/wp\/v2\/media\/251"}],"wp:attachment":[{"href":"https:\/\/derecho.mdp.edu.ar\/index.php\/wp-json\/wp\/v2\/media?parent=202"}],"wp:term":[{"taxonomy":"category","embeddable":true,"href":"https:\/\/derecho.mdp.edu.ar\/index.php\/wp-json\/wp\/v2\/categories?post=202"},{"taxonomy":"post_tag","embeddable":true,"href":"https:\/\/derecho.mdp.edu.ar\/index.php\/wp-json\/wp\/v2\/tags?post=202"}],"curies":[{"name":"wp","href":"https:\/\/api.w.org\/{rel}","templated":true}]}}