{"id":195,"date":"2019-05-31T15:51:00","date_gmt":"2019-05-31T18:51:00","guid":{"rendered":"http:\/\/www.mdp.edu.ar\/derecho\/derecho2019\/?p=195"},"modified":"2019-06-13T02:29:58","modified_gmt":"2019-06-13T05:29:58","slug":"extension-actividades-programa-permanente-de-formacion-ciudadana","status":"publish","type":"post","link":"https:\/\/derecho.mdp.edu.ar\/index.php\/2019\/05\/31\/extension-actividades-programa-permanente-de-formacion-ciudadana\/","title":{"rendered":"Programa Permanente de Formaci\u00f3n Ciudadana"},"content":{"rendered":"<h1><strong>Programa Permanente de Formaci\u00f3n Ciudadana <\/strong><\/h1>\n<p>La actividad naci\u00f3 en 2010, como un simple curso destinado a contribuir a la formaci\u00f3n de una conciencia ciudadana. A partir de la difusi\u00f3n de los derechos pol\u00edticos de los que las personas son titulares, se ha transformado, en el transcurso de todos estos a\u00f1os, en una destacada actividad de Extensi\u00f3n de Nuestra Facultad y de la Universidad.<\/p>\n<p>Entre las actividades que se desarrollan se destacan: Charlas destinadas a docentes y estudiantes; colaboraci\u00f3n con la conformaci\u00f3n de Centros de Estudiantes Secundarios; Colaboraci\u00f3n con tr\u00e1mites electorales como exhibici\u00f3n de padrones provisorios, incorporaci\u00f3n y\/o modificaci\u00f3n de datos electorales, justificaci\u00f3n de omisi\u00f3n de votos.<\/p>\n<p>El programa es desempe\u00f1ado mediante un Convenio de car\u00e1cter permanente y del trabajo continuo con la C\u00e1mara Nacional Electoral. Se capacitan en nuestra facultad autoridades de mesa, reconociendo dicha instituci\u00f3n la capacitaci\u00f3n brindada al momento del pago del plus previsto por la ley. Esta situaci\u00f3n fue reconocida adem\u00e1s por la Junta Electoral de la Provincia de Buenos Aires, quienes han incluido a la Facultad, en su p\u00e1gina web, en el sitio destinado a informar entidades reconocidas para la capacitaci\u00f3n electoral.<\/p>\n<p>El equipo interdisciplinario que trabaja en la actualidad el programa se compone por una Licenciada en Ciencias Pol\u00edticas, Abogados y estudiantes que activamente desarrollan las actividades programadas para cada a\u00f1o.<\/p>\n<p>Consultas en Secretar\u00eda de Extensi\u00f3n de lunes a viernes de 10 a 15 hs o v\u00eda mail a extndere@mdp.edu.ar.<\/p>\n<p>&nbsp;<\/p>\n","protected":false},"excerpt":{"rendered":"<p>La actividad naci\u00f3 en 2010, como un simple curso destinado a contribuir a la formaci\u00f3n de una conciencia ciudadana. A partir de la difusi\u00f3n de los derechos pol\u00edticos de los que las personas son titulares, se ha transformado, en el transcurso de todos estos a\u00f1os, en una destacada actividad de Extensi\u00f3n de Nuestra Facultad y de la Universidad.<\/p>\n","protected":false},"author":1,"featured_media":257,"comment_status":"open","ping_status":"open","sticky":false,"template":"","format":"standard","meta":[],"categories":[13,2,1],"tags":[],"_links":{"self":[{"href":"https:\/\/derecho.mdp.edu.ar\/index.php\/wp-json\/wp\/v2\/posts\/195"}],"collection":[{"href":"https:\/\/derecho.mdp.edu.ar\/index.php\/wp-json\/wp\/v2\/posts"}],"about":[{"href":"https:\/\/derecho.mdp.edu.ar\/index.php\/wp-json\/wp\/v2\/types\/post"}],"author":[{"embeddable":true,"href":"https:\/\/derecho.mdp.edu.ar\/index.php\/wp-json\/wp\/v2\/users\/1"}],"replies":[{"embeddable":true,"href":"https:\/\/derecho.mdp.edu.ar\/index.php\/wp-json\/wp\/v2\/comments?post=195"}],"version-history":[{"count":5,"href":"https:\/\/derecho.mdp.edu.ar\/index.php\/wp-json\/wp\/v2\/posts\/195\/revisions"}],"predecessor-version":[{"id":489,"href":"https:\/\/derecho.mdp.edu.ar\/index.php\/wp-json\/wp\/v2\/posts\/195\/revisions\/489"}],"wp:featuredmedia":[{"embeddable":true,"href":"https:\/\/derecho.mdp.edu.ar\/index.php\/wp-json\/wp\/v2\/media\/257"}],"wp:attachment":[{"href":"https:\/\/derecho.mdp.edu.ar\/index.php\/wp-json\/wp\/v2\/media?parent=195"}],"wp:term":[{"taxonomy":"category","embeddable":true,"href":"https:\/\/derecho.mdp.edu.ar\/index.php\/wp-json\/wp\/v2\/categories?post=195"},{"taxonomy":"post_tag","embeddable":true,"href":"https:\/\/derecho.mdp.edu.ar\/index.php\/wp-json\/wp\/v2\/tags?post=195"}],"curies":[{"name":"wp","href":"https:\/\/api.w.org\/{rel}","templated":true}]}}