{"id":18,"date":"2019-06-11T19:26:49","date_gmt":"2019-06-11T22:26:49","guid":{"rendered":"http:\/\/www.mdp.edu.ar\/derecho\/derecho2019\/?p=18"},"modified":"2019-06-12T15:25:06","modified_gmt":"2019-06-12T18:25:06","slug":"competencia-de-derecho-internacional-humanitario","status":"publish","type":"post","link":"https:\/\/derecho.mdp.edu.ar\/index.php\/2019\/06\/11\/competencia-de-derecho-internacional-humanitario\/","title":{"rendered":"Competencia de Derecho Internacional Humanitario"},"content":{"rendered":"<p><img loading=\"lazy\" class=\"alignnone size-full wp-image-27\" src=\"http:\/\/www.mdp.edu.ar\/derecho\/derecho2019\/wp-content\/uploads\/Marcador-de-texto-2-1024x819.png\" alt=\"\" width=\"1019\" height=\"573\" srcset=\"https:\/\/derecho.mdp.edu.ar\/wp-content\/uploads\/Marcador-de-texto-2-1024x819.png 1019w, https:\/\/derecho.mdp.edu.ar\/wp-content\/uploads\/Marcador-de-texto-2-1024x819-350x197.png 350w, https:\/\/derecho.mdp.edu.ar\/wp-content\/uploads\/Marcador-de-texto-2-1024x819-300x169.png 300w, https:\/\/derecho.mdp.edu.ar\/wp-content\/uploads\/Marcador-de-texto-2-1024x819-768x432.png 768w\" sizes=\"(max-width: 706px) 89vw, (max-width: 767px) 82vw, 740px\" \/><\/p>\n<p>El Centro de\u00a0<a class=\"profileLink\" href=\"https:\/\/www.facebook.com\/cidiir\/?__tn__=K-R&amp;eid=ARAbwjk39uhtiFs5PbKJcQjZxIOOeRA_7DsYpdby1Z4vaKSkgOOJWDrUfy1TWXnBRs7DdQ_Wtqhxg92B&amp;fref=mentions&amp;__xts__%5B0%5D=68.ARDdA4WSOhq0tbpdOdWZG4IqjvZJQiTuXYFkv1_3FSXHE3BIVTim-hciaToWQwCHlC_-mLVP4IU0Wi5hmeWda97aA3yekA9gM1WRw_eH-b1Dm9d2h0qk5kTTyrgNsQEWy92A6t6Az66NIAMY4Lu0JzXkTSb7S0MOqdScrH4Fni5eSS_luZhJPx7hC4Zub5lc9dEBLxYYNVzThJIdocNN0jPELp926071oh8HEwKcgYihn8xs1Y5s4fFxBwkBbAMmSvuvHV7E_eI7mvum8_jL_ZZZI6CV-Qg06Tr85CwJsa4-uIA5gvH1AM9luFh08ZN2Rw2REH8932UDbFX2NddNB7Esfq8h\" data-hovercard=\"\/ajax\/hovercard\/page.php?id=229744417198480&amp;extragetparams=%7B%22__tn__%22%3A%22%2CdK-R-R%22%2C%22eid%22%3A%22ARAbwjk39uhtiFs5PbKJcQjZxIOOeRA_7DsYpdby1Z4vaKSkgOOJWDrUfy1TWXnBRs7DdQ_Wtqhxg92B%22%2C%22fref%22%3A%22mentions%22%7D\" data-hovercard-prefer-more-content-show=\"1\">Derecho Internacional P\u00fablico UNMdP<\/a>\u00a0trabaja en\u00e9rgicamente con el equipo de estudiantes que representar\u00e1 a nuestra facultad en la Competencia de Derecho Internacional Humanitario.<\/p>\n<p>La misma ser\u00e1 realizada por la\u00a0<a class=\"profileLink\" href=\"https:\/\/www.facebook.com\/ubaonline\/?__tn__=K-R&amp;eid=ARBCP7CuFMCFZW7ntHHmQpJDiGR2Rmw15TazzGibsoqPDZzVhXq2KL9WEknnd4b1TqE_yc3Rdf1jqO8Y&amp;fref=mentions&amp;__xts__%5B0%5D=68.ARDdA4WSOhq0tbpdOdWZG4IqjvZJQiTuXYFkv1_3FSXHE3BIVTim-hciaToWQwCHlC_-mLVP4IU0Wi5hmeWda97aA3yekA9gM1WRw_eH-b1Dm9d2h0qk5kTTyrgNsQEWy92A6t6Az66NIAMY4Lu0JzXkTSb7S0MOqdScrH4Fni5eSS_luZhJPx7hC4Zub5lc9dEBLxYYNVzThJIdocNN0jPELp926071oh8HEwKcgYihn8xs1Y5s4fFxBwkBbAMmSvuvHV7E_eI7mvum8_jL_ZZZI6CV-Qg06Tr85CwJsa4-uIA5gvH1AM9luFh08ZN2Rw2REH8932UDbFX2NddNB7Esfq8h\" data-hovercard=\"\/ajax\/hovercard\/page.php?id=169608523058431&amp;extragetparams=%7B%22__tn__%22%3A%22%2CdK-R-R%22%2C%22eid%22%3A%22ARBCP7CuFMCFZW7ntHHmQpJDiGR2Rmw15TazzGibsoqPDZzVhXq2KL9WEknnd4b1TqE_yc3Rdf1jqO8Y%22%2C%22fref%22%3A%22mentions%22%7D\" data-hovercard-prefer-more-content-show=\"1\">Universidad de Buenos Aires<\/a>\u00a0en noviembre de este a\u00f1o.\u00a0\u00a0La competencia est\u00e1 dirigida a estudiantes de derecho, ciencia pol\u00edtica, relaciones internacionales y otras disciplinas afines, con el objetivo de estimular el debate jur\u00eddico del Derecho Internacional Humanitario y los desaf\u00edos que conlleva su aplicaci\u00f3n en situaciones reales, a trav\u00e9s de pruebas consistentes en juegos de rol ficticios en situaci\u00f3n de conflicto armado.<\/p>\n<p>Nuestros estudiantes se enfrentar\u00e1n al desaf\u00edo de asumir\u00a0diversos roles y aplicar el derecho desde esas perspectivas para comprender las diferentes tareas asumidas por quienes trabajan diariamente en el \u00e1mbito del DIH y explorar las aplicaciones pr\u00e1cticas del Derecho Internacional Humanitario.<\/p>\n","protected":false},"excerpt":{"rendered":"<p>El Centro de\u00a0Derecho Internacional P\u00fablico UNMdP\u00a0trabaja en\u00e9rgicamente con el equipo de estudiantes que representar\u00e1 a nuestra facultad en la Competencia de Derecho Internacional Humanitario.<\/p>\n","protected":false},"author":1,"featured_media":242,"comment_status":"open","ping_status":"open","sticky":false,"template":"","format":"standard","meta":[],"categories":[2],"tags":[],"_links":{"self":[{"href":"https:\/\/derecho.mdp.edu.ar\/index.php\/wp-json\/wp\/v2\/posts\/18"}],"collection":[{"href":"https:\/\/derecho.mdp.edu.ar\/index.php\/wp-json\/wp\/v2\/posts"}],"about":[{"href":"https:\/\/derecho.mdp.edu.ar\/index.php\/wp-json\/wp\/v2\/types\/post"}],"author":[{"embeddable":true,"href":"https:\/\/derecho.mdp.edu.ar\/index.php\/wp-json\/wp\/v2\/users\/1"}],"replies":[{"embeddable":true,"href":"https:\/\/derecho.mdp.edu.ar\/index.php\/wp-json\/wp\/v2\/comments?post=18"}],"version-history":[{"count":4,"href":"https:\/\/derecho.mdp.edu.ar\/index.php\/wp-json\/wp\/v2\/posts\/18\/revisions"}],"predecessor-version":[{"id":493,"href":"https:\/\/derecho.mdp.edu.ar\/index.php\/wp-json\/wp\/v2\/posts\/18\/revisions\/493"}],"wp:featuredmedia":[{"embeddable":true,"href":"https:\/\/derecho.mdp.edu.ar\/index.php\/wp-json\/wp\/v2\/media\/242"}],"wp:attachment":[{"href":"https:\/\/derecho.mdp.edu.ar\/index.php\/wp-json\/wp\/v2\/media?parent=18"}],"wp:term":[{"taxonomy":"category","embeddable":true,"href":"https:\/\/derecho.mdp.edu.ar\/index.php\/wp-json\/wp\/v2\/categories?post=18"},{"taxonomy":"post_tag","embeddable":true,"href":"https:\/\/derecho.mdp.edu.ar\/index.php\/wp-json\/wp\/v2\/tags?post=18"}],"curies":[{"name":"wp","href":"https:\/\/api.w.org\/{rel}","templated":true}]}}