{"id":1788,"date":"2024-12-26T12:14:51","date_gmt":"2024-12-26T15:14:51","guid":{"rendered":"https:\/\/derecho.mdp.edu.ar\/?p=1788"},"modified":"2025-02-12T15:10:40","modified_gmt":"2025-02-12T18:10:40","slug":"nuevo-especializacion-en-derecho-constitucional","status":"publish","type":"post","link":"https:\/\/derecho.mdp.edu.ar\/index.php\/2024\/12\/26\/nuevo-especializacion-en-derecho-constitucional\/","title":{"rendered":"\u00a1Nuevo! Especializaci\u00f3n en Derecho Constitucional"},"content":{"rendered":"<p class=\"s3\"><span class=\"s2\">NUEVA CARRERA DE POSGRADO\u00a0 \u00a0 \u00a0 \u00a0 \u00a0 \u00a0 \u00a0<\/span><\/p>\n<h1 class=\"s3\"><span class=\"s2\">Especializaci\u00f3n en Derecho Constitucional<\/span><\/h1>\n<p class=\"s3\"><span class=\"s2\">Creada por OCS 63\/22 &#8211; Evaluada por CONEAU RESOL IF-2023-511-540-55-APN-CONEAU#ME Resoluci\u00f3n Ministerial RM 2023-2816-APN-ME <\/span><\/p>\n<p class=\"s4\"><span class=\"s2\">\u00a0\u00a0\u00a0\u00a0\u00a0\u00a0\u00a0\u00a0\u00a0\u00a0\u00a0 La carrera se dictar\u00e1 bajo la modalidad presencial mediada por tecnolog\u00eda durante dos a\u00f1os, desde el 04 de abril de 2025 al 04 de diciembre de 2026.-<\/span><\/p>\n<p class=\"s4\"><span class=\"s2\">\u00a0\u00a0\u00a0\u00a0\u00a0\u00a0\u00a0\u00a0\u00a0\u00a0\u00a0 Se cursar\u00e1 los d\u00edas viernes en el horario de <\/span><span class=\"s2\">15.00<\/span> <span class=\"s2\">hs<\/span><span class=\"s2\"> a <\/span><span class=\"s2\">18<\/span><span class=\"s2\">.00 <\/span><span class=\"s2\">hs<\/span><span class=\"s2\"> en esta unidad <\/span><span class=\"s2\">acad\u00e9mica.-<\/span><\/p>\n<p class=\"s6\"><span class=\"s4\"><strong>INICIO DE LA CARRERA<\/strong>\u00a0\u00a0<\/span><span class=\"s5\">Abril 2024\u00a0\u00a0 \u00a0 \u00a0 \u00a0 \u00a0 \u00a0 \u00a0 \u00a0 \u00a0 \u00a0 \u00a0 \u00a0 \u00a0 \u00a0 \u00a0 \u00a0 \u00a0 \u00a0 \u00a0 \u00a0 \u00a0 \u00a0 \u00a0 \u00a0 \u00a0 \u00a0 \u00a0 \u00a0 \u00a0 \u00a0 \u00a0 \u00a0 \u00a0 \u00a0<\/span><\/p>\n<p class=\"s3\"><span class=\"s7\"><strong>Modalidad:<\/strong> <\/span><span class=\"s2\">Presencial mediada por tecnolog\u00eda<\/span><\/p>\n<p class=\"s6\"><span class=\"s5\">El\u00a0<\/span><span class=\"s8\">objetivo<\/span><span class=\"s5\">\u00a0de la carrera<\/span><span class=\"s9\"> es proporcionar a los estudiantes los conocimientos necesarios para profundizar y actualizar su comprensi\u00f3n del Derecho Constitucional, integrando perspectivas multidisciplinarias que aborden tanto la normativa vigente como los valores que fundamentan su origen y evoluci\u00f3n. Se busca fomentar el an\u00e1lisis cr\u00edtico y la reflexi\u00f3n sobre la aplicabilidad de las tesis jur\u00eddicas, promoviendo la revisi\u00f3n, modificaci\u00f3n o ratificaci\u00f3n de conceptos en funci\u00f3n de las realidades sociales y pol\u00edticas. Adem\u00e1s, se pretende desarrollar habilidades interpretativas, anal\u00edticas y pr\u00e1cticas para resolver casos complejos, tanto reales como hipot\u00e9ticos, y para la redacci\u00f3n de documentos y recursos legales. Este enfoque tambi\u00e9n subraya la importancia de adaptar los conocimientos y estrategias a los cambios sociales, pol\u00edticos y jur\u00eddicos, tanto a nivel nacional como internacional, promoviendo una visi\u00f3n integral y flexible del Derecho Constitucional y su proyecci\u00f3n a futuro.<\/span><\/p>\n<p class=\"s6\"><span class=\"s9\">Este enfoque busca proporcionar a los estudiantes una formaci\u00f3n integral y actualizada en Derecho Constitucional, desde una perspectiva multidisciplinaria que permita profundizar en la normativa vigente, su origen y evoluci\u00f3n temporal, as\u00ed como en los valores que la sustentan. Se busca\u00a0 promover un an\u00e1lisis cr\u00edtico, cuestionamiento y comprobaci\u00f3n de tesis, fomentando la reflexi\u00f3n sobre la ratificaci\u00f3n o modificaci\u00f3n de conceptos, y evaluando las valoraciones presentes en la normativa. Adem\u00e1s, se pretende desarrollar habilidades para interpretar y aplicar conceptos en la resoluci\u00f3n de casos complejos, tanto reales como hipot\u00e9ticos, mediante simuladores y la redacci\u00f3n de documentos, informes y recursos judiciales. En este sentido, se pone \u00e9nfasis en la adaptaci\u00f3n de las estrategias jur\u00eddicas a los cambios sociales, pol\u00edticos y jur\u00eddicos, tanto nacionales como internacionales. Los objetivos espec\u00edficos incluyen el an\u00e1lisis de diversas corrientes doctrinarias, lo que desarrollar\u00e1 el esp\u00edritu cr\u00edtico y la capacidad anal\u00edtica de los futuros especialistas, permiti\u00e9ndoles resolver problemas complejos con racionalidad y amplitud de criterio. Se busca tambi\u00e9n un enfoque sist\u00e9mico e integrado de los contenidos de la carrera, abordando aspectos sociol\u00f3gicos, normativos y valorativos, vinculando los tres niveles funcionales del Derecho y de la Constituci\u00f3n en particular. Finalmente, se trabaja en el desarrollo de estrategias te\u00f3rico-pr\u00e1cticas para la resoluci\u00f3n de conflictos y el an\u00e1lisis de casos complejos, con especial \u00e9nfasis en el nuevo constitucionalismo latinoamericano.<\/span><\/p>\n<p class=\"s3\"><span class=\"s2\"><strong>Director:<\/strong> Dr. Eduardo Pablo Jimenez<\/span><\/p>\n<p class=\"s3\"><span class=\"s2\"><strong>Codirector:<\/strong> Mg. Leandro Martinez<\/span><\/p>\n<h2 class=\"s3\"><span class=\"s2\">MATERIAS<\/span><\/h2>\n<p class=\"s3\"><span class=\"s2\">Las materias son: 1) Derecho Constitucional y Evoluci\u00f3n de la Ense\u00f1anza del Derecho Constitucional en Argentina, 2) Elementos Cl\u00e1sicos de una Teor\u00eda Constitucional, 3) Los derechos fundamentales y su actuaci\u00f3n en el sistema jur\u00eddico, 4) Metodolog\u00eda de la Investigaci\u00f3n, 5) El dise\u00f1o de los &#8220;poderes&#8221; y su funcionamiento en el sistema constitucional, 6) Derecho procesal constitucional y su articulaci\u00f3n para el funcionamiento efectivo del sistema constitucional, 7) Las emergencias y sus efectos en el funcionamiento del sistema constitucional, 8) El sistema constitucional y sus nuevas proyecciones de cara al siglo XXI, 9) El lugar de las minor\u00edas y las proyecciones de g\u00e9nero en el sistema constitucional, 10) Pr\u00e1cticas supervisadas.<\/span><\/p>\n<h2 class=\"s3\"><span class=\"s2\">CUERPO DOCENTE<\/span><\/h2>\n<p class=\"s3\"><span class=\"s2\">Dr. Eduardo Pablo Jimenez. Mg. Leandro Martinez, Dra. Mar\u00eda Cecilia Recalde, Dr. Victor Enrique Iba\u00f1ez Rosaz, Dr. Roberto Saggese, Dr. Ignacio Colombo Mur\u00faa, Dra. Adelina Loianno, Dr. Alberto Dalla V\u00eda, Mg. Paula Soul\u00e9, Dr. Marcelo L\u00f3pez Alfons\u00edn, Mg. Gabriela Garcia Minella, Dr. Santiago Jos\u00e9 Mart\u00edn, Ab. Alberto Antonio Spota, Mg. Guadalupe Valcarce Ojeda, Dr. Fabi\u00e1n Luis Riquert, Dr. Maximiliano Toricelli, Esp. Cristian Abritta, Dr. Pablo Hirschmann, Dr. Roberto Gargarella, Dra. Mar\u00eda Gabriela \u00c1balos, Esp. Emilio Rosatti, Dr. Pablo Luis Manilli, Dra. Marcela Basterra, Mg. Mar\u00eda Piqu\u00e9, Dr. Mario A.R. Mid\u00f3n, Ab. Enrique Alonso Regueira, Mg. Diego Dolabji\u00e1n, Dr. Cal\u00f3gero Pizzolo, Esp. Rodolfo Ariza Cl\u00e9rici, Dra. Agustina Palacios, Dra. Sabrina Ragone, Prof. Luis Guilherme Arcaro Conci, Dr. Jos\u00e9 F\u00e9lix Palomino Manchego, Dra. Carolina Machado Cyrillo Da Silva, Esp. Maximiliano Abad, Dr. Walter David Pelle, Dra. Claudina Orunesu, Dr. Jorge Luis Rodriguez, Dra. Martha Althabe, Mg. Andrea Mensa Gonz\u00e1lez, Esp. Miguel Berri, Dr. Lucio Pegoraro, Dr. Antonio Mar\u00eda Hern\u00e1ndez, Dra. Claudia Luj\u00e1n Oviedo, Dr. Alberto C\u00e9sar Moreira, Dra. Ana Maria Vernetti, entre muchos otros.<\/span><\/p>\n<h2 class=\"s11\"><span class=\"s10\">VALOR TOTAL DE LA CARRERA: <\/span><\/h2>\n<p>1.- GRADUADOS OTRAS UNIVERSIDADES:\u00a070 Jus Arancelarios Ley 14.967.-<\/p>\n<p>2.- GRADUADOS FACULTAD DE DERECHO-UNMDP Y COLEGIADOS CAMDP: 62.5 Jus Arancelarios Ley 14.967.-<\/p>\n<p>3.- DOCENTES FACULTAD DE DERECHO-UNMDP\u00a0(acreditado por OCA de designaci\u00f3n): 55.55 Jus Arancelarios Ley 14.967.-<\/p>\n<p>Podr\u00e1 consultar el valor vigente del jus arancelario aqu\u00ed.<\/p>\n<p>PRE-INSCRIPCION: https:\/\/docs.google.com\/forms\/d\/e\/1FAIpQLScbgqT0Yq6Pmz0AAR6nFNxD_wFmUV0tYJFFaYCllwp5wH00Ag\/viewform?usp=sharing<\/p>\n<p>CONSULTAS:<\/p>\n<p>Mail: posgrado.der@gmail.com<\/p>\n<p>Whatsapp: +54 9 2235 26-5880<\/p>\n","protected":false},"excerpt":{"rendered":"<p>Con un cuerpo docente de excelencia, esta especializaci\u00f3n busca proporcionar a los estudiantes una formaci\u00f3n integral y actualizada en Derecho Constitucional. Comienza en Abril 2025.<\/p>\n","protected":false},"author":1,"featured_media":1795,"comment_status":"open","ping_status":"open","sticky":false,"template":"","format":"standard","meta":[],"categories":[4,2],"tags":[],"_links":{"self":[{"href":"https:\/\/derecho.mdp.edu.ar\/index.php\/wp-json\/wp\/v2\/posts\/1788"}],"collection":[{"href":"https:\/\/derecho.mdp.edu.ar\/index.php\/wp-json\/wp\/v2\/posts"}],"about":[{"href":"https:\/\/derecho.mdp.edu.ar\/index.php\/wp-json\/wp\/v2\/types\/post"}],"author":[{"embeddable":true,"href":"https:\/\/derecho.mdp.edu.ar\/index.php\/wp-json\/wp\/v2\/users\/1"}],"replies":[{"embeddable":true,"href":"https:\/\/derecho.mdp.edu.ar\/index.php\/wp-json\/wp\/v2\/comments?post=1788"}],"version-history":[{"count":5,"href":"https:\/\/derecho.mdp.edu.ar\/index.php\/wp-json\/wp\/v2\/posts\/1788\/revisions"}],"predecessor-version":[{"id":1819,"href":"https:\/\/derecho.mdp.edu.ar\/index.php\/wp-json\/wp\/v2\/posts\/1788\/revisions\/1819"}],"wp:featuredmedia":[{"embeddable":true,"href":"https:\/\/derecho.mdp.edu.ar\/index.php\/wp-json\/wp\/v2\/media\/1795"}],"wp:attachment":[{"href":"https:\/\/derecho.mdp.edu.ar\/index.php\/wp-json\/wp\/v2\/media?parent=1788"}],"wp:term":[{"taxonomy":"category","embeddable":true,"href":"https:\/\/derecho.mdp.edu.ar\/index.php\/wp-json\/wp\/v2\/categories?post=1788"},{"taxonomy":"post_tag","embeddable":true,"href":"https:\/\/derecho.mdp.edu.ar\/index.php\/wp-json\/wp\/v2\/tags?post=1788"}],"curies":[{"name":"wp","href":"https:\/\/api.w.org\/{rel}","templated":true}]}}