{"id":1774,"date":"2024-10-24T15:16:34","date_gmt":"2024-10-24T18:16:34","guid":{"rendered":"https:\/\/derecho.mdp.edu.ar\/?p=1774"},"modified":"2024-10-25T09:52:49","modified_gmt":"2024-10-25T12:52:49","slug":"dr-lorenzetti-a-nuestros-estudiantes-persigan-con-pasion-sus-ideales","status":"publish","type":"post","link":"https:\/\/derecho.mdp.edu.ar\/index.php\/2024\/10\/24\/dr-lorenzetti-a-nuestros-estudiantes-persigan-con-pasion-sus-ideales\/","title":{"rendered":"Dr. Lorenzetti a nuestros estudiantes: \u201cPersigan con pasi\u00f3n sus ideales\u201d"},"content":{"rendered":"<h1>Dr. Lorenzetti a nuestros estudiantes: \u201cPersigan con pasi\u00f3n sus ideales\u201d<\/h1>\n<p>Este jueves, la Facultad de Derecho de la Universidad Nacional de Mar del Plata fue escenario de una importante conferencia del Ministro de la Corte Suprema de Justicia de la Naci\u00f3n, Dr. Ricardo Lorenzetti, quien disert\u00f3 sobre &#8220;La crisis, la desilusi\u00f3n y el nuevo idealismo&#8221;.<\/p>\n<p>El encuentro, organizado con especial atenci\u00f3n hacia la comunidad estudiantil, cont\u00f3 con la presentaci\u00f3n de la Vicedecana de la Facultad, Dra. Marina S\u00e1nchez Herrero, quien subray\u00f3 la relevancia de la jornada.<\/p>\n<p><img loading=\"lazy\" class=\"alignnone size-full wp-image-1775\" style=\"font-size: 1rem;\" src=\"https:\/\/derecho.mdp.edu.ar\/wp-content\/uploads\/WhatsApp-Image-2024-10-24-at-14.09.23.jpeg\" alt=\"\" width=\"1280\" height=\"960\" \/><\/p>\n<p>\u201cEs muy importante para nuestros estudiantes de Derecho tener la oportunidad de conocer la mirada actual del Ministro de la Corte Suprema de Justicia de la Naci\u00f3n, no solo respecto de los cambios de paradigmas, sino tambi\u00e9n y por sobre todo a su mirada esperanzadora&#8221;, se\u00f1al\u00f3 S\u00e1nchez Herrero, quien tambi\u00e9n destac\u00f3 que la iniciativa del evento surgi\u00f3 del propio Lorenzetti.<\/p>\n<p>&#8220;Desde la Facultad destacamos el valor de este encuentro que, particularmente, fue un pedido especial del Ministro para hablarle directamente a los estudiantes. Para nosotros, esta experiencia en nuestro \u00e1mbito de estudio, es de enorme valor en un momento de cambio&#8221;, agreg\u00f3 S\u00e1nchez Herrero.<\/p>\n<p>El Aula Magna se colm\u00f3 de m\u00e1s de 450 asistentes, entre estudiantes, docentes y miembros de la comunidad jur\u00eddica. El Dr. Lorenzetti dedic\u00f3 gran parte de su disertaci\u00f3n a los j\u00f3venes, haciendo \u00e9nfasis en la importancia de mantener los ideales en tiempos de incertidumbre. \u201cHoy el mundo est\u00e1 atravesando un cambio global, y debemos entender que no es algo personal. A ustedes, estudiantes, les digo que no bajen los brazos. La ilusi\u00f3n y los ideales son lo que nos impulsa. Pers\u00edganlos con pasi\u00f3n\u201d, anim\u00f3 el Ministro.<\/p>\n<p>La conferencia cont\u00f3 con la presencia de destacadas autoridades, entre ellas el Presidente de la Suprema Corte de Justicia de la Provincia de Buenos Aires, Dr. Daniel Fernando Soria; el Intendente de Mar del Plata, Guillermo Montenegro; el Rector de la Universidad Nacional de Mar del Plata, Alfredo Lazzeretti, el Decano de la Facultad de Derecho, Dr. Guillermo Lorenzo; el Presidente del Colegio de Abogados de Mar del Plata, Leandro Gabas, y numerosos magistrados federales y provinciales.<\/p>\n<p>Esta no es la primera vez que el Dr. Lorenzetti elige la Universidad Nacional de Mar del Plata para dialogar con la comunidad acad\u00e9mica. Su \u00faltima visita fue en 2019, cuando abord\u00f3 las reformas en el C\u00f3digo Civil y Comercial en el marco de los cambios en la responsabilidad civil.<\/p>\n","protected":false},"excerpt":{"rendered":"<p>Este jueves, la Facultad fue escenario de una importante conferencia del Ministro de la CSJN, Dr. Ricardo Lorenzetti, quien disert\u00f3 sobre &#8220;La crisis, la desilusi\u00f3n y el nuevo idealismo&#8221;.<\/p>\n","protected":false},"author":1,"featured_media":1777,"comment_status":"open","ping_status":"open","sticky":false,"template":"","format":"standard","meta":[],"categories":[2],"tags":[],"_links":{"self":[{"href":"https:\/\/derecho.mdp.edu.ar\/index.php\/wp-json\/wp\/v2\/posts\/1774"}],"collection":[{"href":"https:\/\/derecho.mdp.edu.ar\/index.php\/wp-json\/wp\/v2\/posts"}],"about":[{"href":"https:\/\/derecho.mdp.edu.ar\/index.php\/wp-json\/wp\/v2\/types\/post"}],"author":[{"embeddable":true,"href":"https:\/\/derecho.mdp.edu.ar\/index.php\/wp-json\/wp\/v2\/users\/1"}],"replies":[{"embeddable":true,"href":"https:\/\/derecho.mdp.edu.ar\/index.php\/wp-json\/wp\/v2\/comments?post=1774"}],"version-history":[{"count":4,"href":"https:\/\/derecho.mdp.edu.ar\/index.php\/wp-json\/wp\/v2\/posts\/1774\/revisions"}],"predecessor-version":[{"id":1781,"href":"https:\/\/derecho.mdp.edu.ar\/index.php\/wp-json\/wp\/v2\/posts\/1774\/revisions\/1781"}],"wp:featuredmedia":[{"embeddable":true,"href":"https:\/\/derecho.mdp.edu.ar\/index.php\/wp-json\/wp\/v2\/media\/1777"}],"wp:attachment":[{"href":"https:\/\/derecho.mdp.edu.ar\/index.php\/wp-json\/wp\/v2\/media?parent=1774"}],"wp:term":[{"taxonomy":"category","embeddable":true,"href":"https:\/\/derecho.mdp.edu.ar\/index.php\/wp-json\/wp\/v2\/categories?post=1774"},{"taxonomy":"post_tag","embeddable":true,"href":"https:\/\/derecho.mdp.edu.ar\/index.php\/wp-json\/wp\/v2\/tags?post=1774"}],"curies":[{"name":"wp","href":"https:\/\/api.w.org\/{rel}","templated":true}]}}