{"id":1700,"date":"2024-02-20T19:04:58","date_gmt":"2024-02-20T22:04:58","guid":{"rendered":"https:\/\/derecho.mdp.edu.ar\/?p=1700"},"modified":"2024-12-27T11:26:26","modified_gmt":"2024-12-27T14:26:26","slug":"nuevo-especializacion-en-derecho-del-consumo","status":"publish","type":"post","link":"https:\/\/derecho.mdp.edu.ar\/index.php\/2024\/02\/20\/nuevo-especializacion-en-derecho-del-consumo\/","title":{"rendered":"Especializaci\u00f3n en Derecho del Consumo"},"content":{"rendered":"<h1>Carrera de Posgrado<\/h1>\n<h1 class=\"p1\">Especializaci\u00f3n en Derecho del Consumo<\/h1>\n<p class=\"p2\"><i>Aprobada por CONEAU\u00a0<\/i><\/p>\n<p class=\"p2\"><i>EX-2021-38031584-APN-DAC#CONEAU, Acta No 580, RESOL &#8211; 2023 &#8211; 1781 &#8211; APN &#8211; ME.<span class=\"Apple-converted-space\">\u00a0 \u00a0<\/span><\/i><\/p>\n<p class=\"p4\"><b>INICIO DE LA CARRERA<span class=\"Apple-converted-space\">\u00a0 <\/span><\/b>Abril 2024 <span class=\"Apple-converted-space\">\u00a0 \u00a0 \u00a0 \u00a0 \u00a0 \u00a0 \u00a0 \u00a0 \u00a0 \u00a0 \u00a0 \u00a0 \u00a0 \u00a0 \u00a0 \u00a0 \u00a0 \u00a0 \u00a0 \u00a0 \u00a0 \u00a0 \u00a0 \u00a0 \u00a0 \u00a0 \u00a0 \u00a0 \u00a0 \u00a0 \u00a0 \u00a0 \u00a0 \u00a0 <\/span><\/p>\n<p class=\"p4\"><b>Modalidad: 100% ONLINE <span class=\"Apple-converted-space\">\u00a0 \u00a0 \u00a0 \u00a0 \u00a0 \u00a0 \u00a0 \u00a0 \u00a0 \u00a0 \u00a0 \u00a0 \u00a0 \u00a0 \u00a0 \u00a0 \u00a0 \u00a0 \u00a0 \u00a0 \u00a0<\/span><\/b><\/p>\n<p class=\"p6\">El <b><i>objetivo<\/i><\/b> de la carrera es brindar una formaci\u00f3n actualizada y s\u00f3lida que aborde las principales discusiones en la materia, tanto en el \u00e1mbito nacional como internacional y que sirva para que los profesionales puedan ampliar su desempe\u00f1o en el \u00e1mbito privado, p\u00fablico o cient\u00edfico. Se trabajar\u00e1n tanto l\u00edneas de investigaci\u00f3n como pol\u00edticas de implementaci\u00f3n, a la par que se utilizar\u00e1 el m\u00e9todo del caso para el estudio de las problem\u00e1ticas particulares.<\/p>\n<p class=\"p6\">La modalidad de cursada de la carrera es \u00edntegramente a distancia, lo que resulta muy beneficioso ya que se garantiza un proceso de formaci\u00f3n aut\u00f3noma mediada por diversas tecnolog\u00edas y dispositivos pedag\u00f3gicos, con la finalidad de promover el aprendizaje sin limitaciones de ubicaci\u00f3n territorial de los estudiantes y profesores. Durante la cursada habr\u00e1 tanto clases sincr\u00f3nicas como asincr\u00f3nicas brindadas por los destacados docentes que forman parte del plantel de la carrera.<\/p>\n<p class=\"p6\">El consumo es una problem\u00e1tica social que se hace presente en el d\u00eda a d\u00eda de nuestra cotidianeidad y es necesario contar con profesionales lo suficientemente preparados para resolver problemas en este campo de conocimiento.<\/p>\n<p class=\"p6\"><span class=\"s1\">Director<\/span>: <b>Gabriel Stiglitz<\/b><\/p>\n<p class=\"p6\"><span class=\"s1\">Codirector<\/span>: <b>Fernando Mumare<\/b><\/p>\n<p class=\"p6\"><span class=\"s1\">Coordinador<\/span>: <b>Leonardo Molina<\/b><\/p>\n<p class=\"p6\"><b>MATERIAS:<\/b> 1) Derecho del consumidor. Parte general; 2) La defensa del consumidor en el Derecho Comparado; 3) Pr\u00e1cticas comerciales y defensa del consumidor; 4) Defensa del consumidor en la contrataci\u00f3n; 5) Contratos de consumo en particular; 6) Responsabilidad por da\u00f1os al consumidor. Parte general; 7) Da\u00f1os al consumidor. Supuestos especiales; 8) Administraci\u00f3n P\u00fablica y defensa del consumidor; 9) Defensa del consumidor y acciones judiciales; 10) La implementaci\u00f3n de la defensa del consumidor en las provincias y municipios; 11) Seminario de Epistemolog\u00eda y Metodolog\u00eda de la Investigaci\u00f3n; 12) Taller de Pr\u00e1cticas Profesionales.<\/p>\n<p class=\"p6\"><b>CUERPO DOCENTE: <\/b>Gabriel Stiglitz, Noem\u00ed Nidia Nicolau, Jos\u00e9 Sahi\u00e1n, Gonzalo Sozzo, Alejandro Chamatr\u00f3pulos; Federico Ossola, Maria Constanza Garzino, Fulvio Santarelli; Walter Krieger, Sandra Frustagli, Sebastian Barocelli, Carlos Hernandez, Roberto Vazquez Ferreyra, Lidia Garrido, Belen Japaze, Jorge Galdos, Rodolofo Gonz\u00e1lez Zavala, Ram\u00f3n Pizarro.<\/p>\n<h2 class=\"p6\"><span class=\"s1\">Comienzo de la carrera:<\/span> <b>Martes 9 de Abril de 2024<\/b><\/h2>\n<h2 class=\"p6\"><span class=\"s1\">D\u00edas y horario de cursada:<\/span> <b>Martes de 17 a 20 hs, por plataforma Zoom<\/b><\/h2>\n<p class=\"p9\"><span class=\"s1\">Cronograma <b>primer a\u00f1o<\/b> de la carrera:<\/span><\/p>\n<p class=\"p9\"><span class=\"s1\">Primer cuatrimestre 2024:<\/span> 1) Derecho del consumidor. Parte General; 2) Derecho del consumidor en el Derecho Comparado y 3) Pr\u00e1cticas comerciales y defensa del consumidor.<\/p>\n<ul class=\"ul1\">\n<li class=\"li9\">Martes 9 de Abril<\/li>\n<li class=\"li9\">Martes 16 de Abril<\/li>\n<li class=\"li9\">Martes 23 de Abril<\/li>\n<li class=\"li9\">Martes 30 de Abril<\/li>\n<li class=\"li9\">Martes 7 de Mayo<\/li>\n<li class=\"li9\">Martes 14 de Mayo<\/li>\n<li class=\"li9\">Martes 21 de Mayo<\/li>\n<li class=\"li9\">Martes 28 de Mayo<\/li>\n<li class=\"li9\">Martes 6 de Junio<\/li>\n<li class=\"li9\">Martes 11 de Junio<\/li>\n<li class=\"li9\">Martes 18 de Junio<\/li>\n<li class=\"li9\">Martes 25 de Junio<\/li>\n<li class=\"li9\">Martes 2 de Julio<\/li>\n<li class=\"li9\">Lunes 8 de Julio<\/li>\n<\/ul>\n<h2 class=\"p10\"><span class=\"s1\">RECESO<\/span><\/h2>\n<p class=\"p9\"><span class=\"s1\">Segundo cuatrimestre 2024:<\/span> 4) Pr\u00e1cticas comerciales y defensa del consumidor; 5) Defensa del consumidor en la contrataci\u00f3n y 6) Contratos de consumo en particular.<\/p>\n<ul class=\"ul1\">\n<li class=\"li9\">Martes 6 de Agosto<\/li>\n<li class=\"li9\">Martes 13 de Agosto<\/li>\n<li class=\"li9\">Martes 20 de Agosto<\/li>\n<li class=\"li9\">Martes 27 de Agosto<\/li>\n<li class=\"li9\">Martes 3 de Septiembre<\/li>\n<li class=\"li9\">Martes 10 de Septiembre<\/li>\n<li class=\"li9\">Martes 17 de Septiembre<\/li>\n<li class=\"li9\">Martes 24 de Septiembre<\/li>\n<li class=\"li9\">Martes 1 de Octubre<\/li>\n<li class=\"li9\">Martes 8 de Octubre<\/li>\n<li class=\"li9\">Martes 15 de Octubre<\/li>\n<li class=\"li9\">Martes 22 de Octubre<\/li>\n<li class=\"li9\">Martes 29 de Octubre<\/li>\n<li class=\"li9\">Martes 5 de Noviembre<\/li>\n<li class=\"li9\">Martes 12 de Noviembre<\/li>\n<li class=\"li9\">Martes 19 de Noviembre<\/li>\n<\/ul>\n<h2 class=\"p9\"><b>VALOR DE LA CARRERA: <\/b><\/h2>\n<p class=\"p9\"><span class=\"s1\">GRADUADOS OTRAS UNIVERSIDADES<\/span>: 40 Jus arancelarios conforme art. 9 Ley 14.967 vigentes al momento del efectivo pago. Primer a\u00f1o: 20 Jus arancelarios conforme art. 9 Ley 14.967 vigentes al momento del efectivo pago. Segundo a\u00f1o: 20 Jus arancelarios conforme art. 9 Ley 14.967 vigentes al momento del efectivo pago. Consultar plan de financiaci\u00f3n en el Colegio de Abogados departamental.<\/p>\n<p class=\"p9\"><span class=\"s1\">GRADUADOS\/AS DE LA FACULTAD DE DERECHO DE LA UNMDP Y COLEGIADOS DEL CAMDP:<\/span> 36 Jus arancelarios conforme art. 9 Ley 14.967 vigentes al momento del efectivo pago.- Primer a\u00f1o: 18 Jus arancelarios conforme art. 9 Ley 14.967 vigentes al momento del efectivo pago. Segundo a\u00f1o: 18 Jus arancelarios conforme art. 9 Ley 14.967 vigentes al momento del efectivo pago. Consultar plan de financiaci\u00f3n en el Colegio de Abogados departamental.<\/p>\n<p class=\"p9\"><span class=\"s1\">DOCENTES FACULTAD DE DERECHO:<\/span> 32 Jus arancelarios conforme art. 9 Ley 14.967 vigentes al momento del efectivo pago.- Primer a\u00f1o: 16 Jus arancelarios conforme art. 9 Ley 14.967vigentes al momento del efectivo. Segundo a\u00f1o: 16 Jus arancelarios conforme art. 9 Ley 14.967 vigentes al momento del efectivo pago. Consultar plan de financiaci\u00f3n en el Colegio de Abogados departamental.<\/p>\n<h2 class=\"p9\"><b>LUGAR DE PAGO:<\/b> Colegio de Abogados Mar del Plata.<\/h2>\n<h2 class=\"p9\"><b>CONSULTAS E INCRIPCIONES: <\/b>posgrado.der@gmail.com.<\/h2>\n","protected":false},"excerpt":{"rendered":"<p>Modalidad 100% virtual. Comienzo de la carrera: Martes 9 de Abril de 2024<br \/>\nD\u00edas y horario de cursada: Martes de 17 a 20 hs, por plataforma Zoom.<\/p>\n","protected":false},"author":1,"featured_media":1710,"comment_status":"open","ping_status":"open","sticky":false,"template":"","format":"standard","meta":[],"categories":[4,2],"tags":[],"_links":{"self":[{"href":"https:\/\/derecho.mdp.edu.ar\/index.php\/wp-json\/wp\/v2\/posts\/1700"}],"collection":[{"href":"https:\/\/derecho.mdp.edu.ar\/index.php\/wp-json\/wp\/v2\/posts"}],"about":[{"href":"https:\/\/derecho.mdp.edu.ar\/index.php\/wp-json\/wp\/v2\/types\/post"}],"author":[{"embeddable":true,"href":"https:\/\/derecho.mdp.edu.ar\/index.php\/wp-json\/wp\/v2\/users\/1"}],"replies":[{"embeddable":true,"href":"https:\/\/derecho.mdp.edu.ar\/index.php\/wp-json\/wp\/v2\/comments?post=1700"}],"version-history":[{"count":6,"href":"https:\/\/derecho.mdp.edu.ar\/index.php\/wp-json\/wp\/v2\/posts\/1700\/revisions"}],"predecessor-version":[{"id":1797,"href":"https:\/\/derecho.mdp.edu.ar\/index.php\/wp-json\/wp\/v2\/posts\/1700\/revisions\/1797"}],"wp:featuredmedia":[{"embeddable":true,"href":"https:\/\/derecho.mdp.edu.ar\/index.php\/wp-json\/wp\/v2\/media\/1710"}],"wp:attachment":[{"href":"https:\/\/derecho.mdp.edu.ar\/index.php\/wp-json\/wp\/v2\/media?parent=1700"}],"wp:term":[{"taxonomy":"category","embeddable":true,"href":"https:\/\/derecho.mdp.edu.ar\/index.php\/wp-json\/wp\/v2\/categories?post=1700"},{"taxonomy":"post_tag","embeddable":true,"href":"https:\/\/derecho.mdp.edu.ar\/index.php\/wp-json\/wp\/v2\/tags?post=1700"}],"curies":[{"name":"wp","href":"https:\/\/api.w.org\/{rel}","templated":true}]}}