{"id":1696,"date":"2024-12-14T10:18:40","date_gmt":"2024-12-14T13:18:40","guid":{"rendered":"https:\/\/derecho.mdp.edu.ar\/?p=1696"},"modified":"2025-10-03T15:34:12","modified_gmt":"2025-10-03T18:34:12","slug":"prorroga-de-inscripcion-a-las-carreras-de-derecho","status":"publish","type":"post","link":"https:\/\/derecho.mdp.edu.ar\/index.php\/2024\/12\/14\/prorroga-de-inscripcion-a-las-carreras-de-derecho\/","title":{"rendered":"El Doctorado en Derecho UNMDP obtuvo la m\u00e1xima categor\u00eda a nivel nacional"},"content":{"rendered":"<h1>El Doctorado en Derecho UNMDP obtuvo la m\u00e1xima categor\u00eda a nivel nacional<\/h1>\n<p><em>La carrera fue evaluada y acreditada ante la Comisi\u00f3n Nacional de Evaluaci\u00f3n y Acreditaci\u00f3n Universitaria, obteniendo la categor\u00eda A por el plazo m\u00e1ximo de seis a\u00f1os. La Facultad de Derecho tambi\u00e9n posicion\u00f3 su liderazgo nacional en Posgrado con la obtenci\u00f3n de la misma calificaci\u00f3n en la Especializaci\u00f3n en Derecho Penal.<\/em><\/p>\n<p>&#8220;Este reconocimiento posiciona a nuestra instituci\u00f3n a nivel nacional e internacional. Refleja nuestro compromiso constante con la formaci\u00f3n de profesionales altamente capacitados y la convicci\u00f3n de impulsar la investigaci\u00f3n rigurosa y original en el campo del derecho. Continuaremos trabajando incansablemente para ofrecer carreras de posgrado de m\u00e1xima calidad&#8221;, expres\u00f3 el decano Guillermo Lorenzo de la Facultad de Derecho de la Universidad Nacional de Mar del Plata.<\/p>\n<p>La Facultad de Derecho UNMDP obtuvo su lugar entre las m\u00e1s prestigiosas del pa\u00eds con la obtenci\u00f3n de la categor\u00eda A en dos de sus carreras de posgrado m\u00e1s destacadas: el Doctorado en Derecho y la Especializaci\u00f3n en Derecho Penal. El proceso de acreditaci\u00f3n fue realizado ante la Comisi\u00f3n Nacional de Evaluaci\u00f3n y Acreditaci\u00f3n Universitaria (CONEAU).<\/p>\n<p>La acreditaci\u00f3n fue eficientemente trabajada por la secretaria de Posgrado Silvina Lo Cirio junto a la subsecretaria de Evaluaci\u00f3n, Acreditaci\u00f3n y Seguimiento Acad\u00e9mico Mar\u00eda Fernanda Huerta y el personal administrativo no docente de la facultad.<\/p>\n<p>&#8220;Las acreditaciones se evaluaron conforme a los protocolos establecidos por la CONEAU. La Comisi\u00f3n Nacional estableci\u00f3 Comit\u00e9s de Pares, los cuales, en el ejercicio de sus funciones, elaboraron informes basados en la aplicaci\u00f3n de los criterios, est\u00e1ndares y procedimientos actuales.&#8221;, explic\u00f3 la subsecretaria de Evaluaci\u00f3n, Acreditaci\u00f3n y Seguimiento Acad\u00e9mico, Fernanda Huerta.<\/p>\n<p>Las inscripciones a ambas carreras se encuentran abiertas, como tambi\u00e9n a una amplia oferta acad\u00e9mica en diversas ramas del derecho.<\/p>\n","protected":false},"excerpt":{"rendered":"<p>La carrera fue evaluada y acreditada ante la Comisi\u00f3n Nacional de Evaluaci\u00f3n y Acreditaci\u00f3n Universitaria, obteniendo la categor\u00eda A por el plazo m\u00e1ximo de seis a\u00f1os<\/p>\n","protected":false},"author":1,"featured_media":1618,"comment_status":"open","ping_status":"open","sticky":false,"template":"","format":"standard","meta":[],"categories":[2],"tags":[],"_links":{"self":[{"href":"https:\/\/derecho.mdp.edu.ar\/index.php\/wp-json\/wp\/v2\/posts\/1696"}],"collection":[{"href":"https:\/\/derecho.mdp.edu.ar\/index.php\/wp-json\/wp\/v2\/posts"}],"about":[{"href":"https:\/\/derecho.mdp.edu.ar\/index.php\/wp-json\/wp\/v2\/types\/post"}],"author":[{"embeddable":true,"href":"https:\/\/derecho.mdp.edu.ar\/index.php\/wp-json\/wp\/v2\/users\/1"}],"replies":[{"embeddable":true,"href":"https:\/\/derecho.mdp.edu.ar\/index.php\/wp-json\/wp\/v2\/comments?post=1696"}],"version-history":[{"count":7,"href":"https:\/\/derecho.mdp.edu.ar\/index.php\/wp-json\/wp\/v2\/posts\/1696\/revisions"}],"predecessor-version":[{"id":1721,"href":"https:\/\/derecho.mdp.edu.ar\/index.php\/wp-json\/wp\/v2\/posts\/1696\/revisions\/1721"}],"wp:featuredmedia":[{"embeddable":true,"href":"https:\/\/derecho.mdp.edu.ar\/index.php\/wp-json\/wp\/v2\/media\/1618"}],"wp:attachment":[{"href":"https:\/\/derecho.mdp.edu.ar\/index.php\/wp-json\/wp\/v2\/media?parent=1696"}],"wp:term":[{"taxonomy":"category","embeddable":true,"href":"https:\/\/derecho.mdp.edu.ar\/index.php\/wp-json\/wp\/v2\/categories?post=1696"},{"taxonomy":"post_tag","embeddable":true,"href":"https:\/\/derecho.mdp.edu.ar\/index.php\/wp-json\/wp\/v2\/tags?post=1696"}],"curies":[{"name":"wp","href":"https:\/\/api.w.org\/{rel}","templated":true}]}}