{"id":1672,"date":"2023-12-18T10:24:51","date_gmt":"2023-12-18T13:24:51","guid":{"rendered":"https:\/\/derecho.mdp.edu.ar\/?p=1672"},"modified":"2024-07-05T10:44:57","modified_gmt":"2024-07-05T13:44:57","slug":"proximamente-nuevo-curso-continuo-en-perspectiva-de-genero","status":"publish","type":"post","link":"https:\/\/derecho.mdp.edu.ar\/index.php\/2023\/12\/18\/proximamente-nuevo-curso-continuo-en-perspectiva-de-genero\/","title":{"rendered":"Curso continuo en perspectiva de g\u00e9nero."},"content":{"rendered":"<h1>Nuevo curso continuo en perspectiva de g\u00e9nero.<\/h1>\n<div class=\"_a9zs\">\n<p class=\"_ap3a _aaco _aacu _aacx _aad7 _aade\" dir=\"auto\">Una nueva capacitaci\u00f3n continua en materia de g\u00e9nero est\u00e1 disponible para la comunidad de Derecho. Se dar\u00e1 en 6 oportunidades al a\u00f1o, de manera <strong>Actividad en curso<\/strong><em style=\"font-size: 1rem;\"><strong>: CUPO COMPLETO. <\/strong><\/em><strong style=\"font-size: 1rem;\">PR\u00d3XIMAMENTE NUEVOS LLAMADOS.<\/strong><\/p>\n<p>El programa fue creado por el Observatorio de G\u00e9nero y Diversidad de la facultad, a cargo de la directora Paula Muniagurr\u00eda.<\/p>\n<p>Involucrarnos es fundamental para identificar, prevenir y erradicar la discriminaci\u00f3n y las violencias de g\u00e9nero, tanto en el \u00e1mbito social como universitario.<\/p>\n<p><iframe loading=\"lazy\" style=\"border: none; overflow: hidden;\" src=\"https:\/\/www.facebook.com\/plugins\/video.php?height=476&amp;href=https%3A%2F%2Fwww.facebook.com%2F100063470563335%2Fvideos%2F230060323444613%2F&amp;show_text=false&amp;width=267&amp;t=0\" width=\"267\" height=\"476\" frameborder=\"0\" scrolling=\"no\" allowfullscreen=\"allowfullscreen\"><\/iframe><\/p>\n<\/div>\n","protected":false},"excerpt":{"rendered":"<p>Una nueva capacitaci\u00f3n continua en materia de g\u00e9nero est\u00e1 disponible para toda la comunidad de Derecho. Se dicta en 6 oportunidades al a\u00f1o, de manera asincr\u00f3nica y 100% virtual.<\/p>\n","protected":false},"author":1,"featured_media":1501,"comment_status":"open","ping_status":"open","sticky":false,"template":"","format":"standard","meta":[],"categories":[2],"tags":[],"_links":{"self":[{"href":"https:\/\/derecho.mdp.edu.ar\/index.php\/wp-json\/wp\/v2\/posts\/1672"}],"collection":[{"href":"https:\/\/derecho.mdp.edu.ar\/index.php\/wp-json\/wp\/v2\/posts"}],"about":[{"href":"https:\/\/derecho.mdp.edu.ar\/index.php\/wp-json\/wp\/v2\/types\/post"}],"author":[{"embeddable":true,"href":"https:\/\/derecho.mdp.edu.ar\/index.php\/wp-json\/wp\/v2\/users\/1"}],"replies":[{"embeddable":true,"href":"https:\/\/derecho.mdp.edu.ar\/index.php\/wp-json\/wp\/v2\/comments?post=1672"}],"version-history":[{"count":5,"href":"https:\/\/derecho.mdp.edu.ar\/index.php\/wp-json\/wp\/v2\/posts\/1672\/revisions"}],"predecessor-version":[{"id":1738,"href":"https:\/\/derecho.mdp.edu.ar\/index.php\/wp-json\/wp\/v2\/posts\/1672\/revisions\/1738"}],"wp:featuredmedia":[{"embeddable":true,"href":"https:\/\/derecho.mdp.edu.ar\/index.php\/wp-json\/wp\/v2\/media\/1501"}],"wp:attachment":[{"href":"https:\/\/derecho.mdp.edu.ar\/index.php\/wp-json\/wp\/v2\/media?parent=1672"}],"wp:term":[{"taxonomy":"category","embeddable":true,"href":"https:\/\/derecho.mdp.edu.ar\/index.php\/wp-json\/wp\/v2\/categories?post=1672"},{"taxonomy":"post_tag","embeddable":true,"href":"https:\/\/derecho.mdp.edu.ar\/index.php\/wp-json\/wp\/v2\/tags?post=1672"}],"curies":[{"name":"wp","href":"https:\/\/api.w.org\/{rel}","templated":true}]}}