{"id":1665,"date":"2023-12-18T10:09:45","date_gmt":"2023-12-18T13:09:45","guid":{"rendered":"https:\/\/derecho.mdp.edu.ar\/?p=1665"},"modified":"2024-02-20T19:11:39","modified_gmt":"2024-02-20T22:11:39","slug":"a-traves-del-arte-la-facultad-de-derecho-unmdp-rindio-homenaje-a-la-democracia","status":"publish","type":"post","link":"https:\/\/derecho.mdp.edu.ar\/index.php\/2023\/12\/18\/a-traves-del-arte-la-facultad-de-derecho-unmdp-rindio-homenaje-a-la-democracia\/","title":{"rendered":"A trav\u00e9s del Arte: La Facultad rindi\u00f3 homenaje a la Democracia"},"content":{"rendered":"<h1>A trav\u00e9s del Arte: La Facultad de Derecho UNMDP rindi\u00f3 homenaje a la Democracia<\/h1>\n<p>La instituci\u00f3n acad\u00e9mica sum\u00f3 un valioso testimonio visual, honrando cuatro d\u00e9cadas de democracia ininterrumpida en Argentina. La intervenci\u00f3n art\u00edstica puede ser apreciada en la fachada del edificio.<\/p>\n<p><img loading=\"lazy\" class=\"alignnone size-full wp-image-1666\" src=\"https:\/\/derecho.mdp.edu.ar\/wp-content\/uploads\/WhatsApp-Image-2023-12-11-at-16.12.04-1.jpeg\" alt=\"\" width=\"1024\" height=\"768\" \/><\/p>\n<p>El pasado lunes, la Facultad de Derecho de la Universidad Nacional de Mar del Plata celebr\u00f3 el 40\u00b0 aniversario del retorno de la democracia en Argentina. El evento reuni\u00f3 a estudiantes, docentes, autoridades y p\u00fablico en general, para celebrar el momento hist\u00f3rico y reflexionar sobre el papel fundamental de las instituciones acad\u00e9micas en la construcci\u00f3n de una sociedad justa y democr\u00e1tica.<\/p>\n<p>\u201cEstamos muy contentos de convocar a nuestra querida comunidad a revelar esta obra que reafirma nuestro compromiso con la memoria hist\u00f3rica y los valores de la democracia. Desde hace varios a\u00f1os encontramos en el arte una agradable manera de rendir homenaje y memorar los grandes hitos de nuestra historia\u201d, expres\u00f3 el decano Guillermo Lorenzo.<\/p>\n<p>El mosaico hace referencia a la ciudadan\u00eda reunida frente al Congreso de la Naci\u00f3n, cuando la Argentina recuper\u00f3 el Estado de Derecho con la asunci\u00f3n del Presidente Ra\u00fal Alfonsin, luego de siete a\u00f1os de dictadura c\u00edvico-militar.<\/p>\n<p>El mural descubierto se une a una cadena de representaciones simb\u00f3licas que adornan el edificio y recuerdan visualmente eventos cruciales de la historia argentina.<\/p>\n","protected":false},"excerpt":{"rendered":"<p>La instituci\u00f3n acad\u00e9mica sum\u00f3 un valioso testimonio visual, honrando cuatro d\u00e9cadas de democracia ininterrumpida en Argentina. La intervenci\u00f3n art\u00edstica puede ser apreciada en la fachada del edificio.<\/p>\n","protected":false},"author":1,"featured_media":1667,"comment_status":"open","ping_status":"open","sticky":false,"template":"","format":"standard","meta":[],"categories":[2],"tags":[],"_links":{"self":[{"href":"https:\/\/derecho.mdp.edu.ar\/index.php\/wp-json\/wp\/v2\/posts\/1665"}],"collection":[{"href":"https:\/\/derecho.mdp.edu.ar\/index.php\/wp-json\/wp\/v2\/posts"}],"about":[{"href":"https:\/\/derecho.mdp.edu.ar\/index.php\/wp-json\/wp\/v2\/types\/post"}],"author":[{"embeddable":true,"href":"https:\/\/derecho.mdp.edu.ar\/index.php\/wp-json\/wp\/v2\/users\/1"}],"replies":[{"embeddable":true,"href":"https:\/\/derecho.mdp.edu.ar\/index.php\/wp-json\/wp\/v2\/comments?post=1665"}],"version-history":[{"count":2,"href":"https:\/\/derecho.mdp.edu.ar\/index.php\/wp-json\/wp\/v2\/posts\/1665\/revisions"}],"predecessor-version":[{"id":1708,"href":"https:\/\/derecho.mdp.edu.ar\/index.php\/wp-json\/wp\/v2\/posts\/1665\/revisions\/1708"}],"wp:featuredmedia":[{"embeddable":true,"href":"https:\/\/derecho.mdp.edu.ar\/index.php\/wp-json\/wp\/v2\/media\/1667"}],"wp:attachment":[{"href":"https:\/\/derecho.mdp.edu.ar\/index.php\/wp-json\/wp\/v2\/media?parent=1665"}],"wp:term":[{"taxonomy":"category","embeddable":true,"href":"https:\/\/derecho.mdp.edu.ar\/index.php\/wp-json\/wp\/v2\/categories?post=1665"},{"taxonomy":"post_tag","embeddable":true,"href":"https:\/\/derecho.mdp.edu.ar\/index.php\/wp-json\/wp\/v2\/tags?post=1665"}],"curies":[{"name":"wp","href":"https:\/\/api.w.org\/{rel}","templated":true}]}}