{"id":1659,"date":"2022-11-28T15:47:02","date_gmt":"2022-11-28T18:47:02","guid":{"rendered":"https:\/\/derecho.mdp.edu.ar\/?p=1659"},"modified":"2023-12-18T10:10:17","modified_gmt":"2023-12-18T13:10:17","slug":"cronograma-del-acto-protocolar-de-graduacion","status":"publish","type":"post","link":"https:\/\/derecho.mdp.edu.ar\/index.php\/2022\/11\/28\/cronograma-del-acto-protocolar-de-graduacion\/","title":{"rendered":"Cronograma del Acto Protocolar de Graduaci\u00f3n"},"content":{"rendered":"<table>\n<tbody>\n<tr>\n<td colspan=\"3\"><b>Cronograma del Acto Protocolar de Graduaci\u00f3n, que se efectuar\u00e1 el d\u00eda 6 de\u00a0 diciembre del 2023 a las 16:00 hs. en el \u201cCentro Cultural Estaci\u00f3n Terminal Sur &#8211;\u00a0 Paseo Aldrey\u201d, Calle Sarmiento 2601 Mar del Plata. Participar\u00e1n las Graduadas y\u00a0 los Graduados de las Facultades de: DERECHO, CIENCIAS DE LA SALUD Y TRABAJO SOCIAL, INGENIER\u00cdA y ARQUITECTURA URBANISMO Y DISE\u00d1O. (se les recuerda a\u00a0 las graduadas y los graduados, que deber\u00e1n estar 30 minutos antes con DNI, para la correspondiente acreditaci\u00f3n).<\/b><\/td>\n<\/tr>\n<tr>\n<td colspan=\"3\"><b>FACULTAD DE DERECHO<\/b><\/td>\n<\/tr>\n<tr>\n<td colspan=\"3\"><b>Doctor\/a en Derecho<\/b><\/td>\n<\/tr>\n<tr>\n<td><\/td>\n<td><\/td>\n<td><span style=\"font-weight: 400;\">809971 DA SILVA SANTOS, VALDOIR<\/span><\/td>\n<\/tr>\n<tr>\n<td><\/td>\n<td><\/td>\n<td><span style=\"font-weight: 400;\">36693848 ESCALANTE, LUC\u00cdA SOLEDAD<\/span><\/td>\n<\/tr>\n<tr>\n<td><\/td>\n<td><\/td>\n<td><span style=\"font-weight: 400;\">925064461 GONZALEZ RAMON, ERNESTO XAVIER<\/span><\/td>\n<\/tr>\n<tr>\n<td><\/td>\n<td><\/td>\n<td><span style=\"font-weight: 400;\">1309378873 MUENTES HOLGU\u00cdN, BEATRIZ NARCISA<\/span><\/td>\n<\/tr>\n<tr>\n<td><\/td>\n<td><\/td>\n<td><span style=\"font-weight: 400;\">1496707 SANTOS SOARES, RICARDO HENRIQUE<\/span><\/td>\n<\/tr>\n<tr>\n<td><\/td>\n<td><\/td>\n<td><\/td>\n<\/tr>\n<tr>\n<td colspan=\"3\"><b>Especialista en Derecho Administrativo<\/b><\/td>\n<\/tr>\n<tr>\n<td><\/td>\n<td><\/td>\n<td><span style=\"font-weight: 400;\">16160023 HERRERA, CARLOS ALBERTO<\/span><\/td>\n<\/tr>\n<tr>\n<td><\/td>\n<td><\/td>\n<td><\/td>\n<\/tr>\n<tr>\n<td colspan=\"3\"><b>Especialista en Derecho Penal<\/b><\/td>\n<\/tr>\n<tr>\n<td><\/td>\n<td><\/td>\n<td><span style=\"font-weight: 400;\">37240455 BORTHIRY, STEFANIA<\/span><\/td>\n<\/tr>\n<tr>\n<td><\/td>\n<td><\/td>\n<td><span style=\"font-weight: 400;\">25700201 CAMMARANO, ARIEL EDGARDO<\/span><\/td>\n<\/tr>\n<tr>\n<td><\/td>\n<td><\/td>\n<td><span style=\"font-weight: 400;\">26057038 LEONETTI, SEBASTIAN<\/span><\/td>\n<\/tr>\n<tr>\n<td><\/td>\n<td><\/td>\n<td><span style=\"font-weight: 400;\">27417062 MARTINELLI, MAXIMILIANO<\/span><\/td>\n<\/tr>\n<tr>\n<td><\/td>\n<td><\/td>\n<td><span style=\"font-weight: 400;\">36834718 OBIA\u00d1O, PABLO OVER<\/span><\/td>\n<\/tr>\n<tr>\n<td><\/td>\n<td><\/td>\n<td><\/td>\n<\/tr>\n<tr>\n<td colspan=\"3\"><b>Abogada\/o<\/b><\/td>\n<\/tr>\n<tr>\n<td><\/td>\n<td><\/td>\n<td><span style=\"font-weight: 400;\">40809690 AICEGA, MAR\u00cdA ERNESTINA<\/span><\/td>\n<\/tr>\n<tr>\n<td><\/td>\n<td><\/td>\n<td><span style=\"font-weight: 400;\">38244693 ALARCOS, GONZALO AGUSTIN<\/span><\/td>\n<\/tr>\n<tr>\n<td><\/td>\n<td><\/td>\n<td><span style=\"font-weight: 400;\">39170574 ARRIEN, BIANCA<\/span><\/td>\n<\/tr>\n<tr>\n<td><\/td>\n<td><\/td>\n<td><span style=\"font-weight: 400;\">30587127 BERRO, JORGE RODRIGO<\/span><\/td>\n<\/tr>\n<tr>\n<td><\/td>\n<td><\/td>\n<td><span style=\"font-weight: 400;\">23817838 BLANDI, FABRICIO JAVIER<\/span><\/td>\n<\/tr>\n<tr>\n<td><\/td>\n<td><\/td>\n<td><span style=\"font-weight: 400;\">31018564 BLASCO, MAYRA<\/span><\/td>\n<\/tr>\n<tr>\n<td><\/td>\n<td><\/td>\n<td><span style=\"font-weight: 400;\">41928283 CAPPERI, VALENTINA<\/span><\/td>\n<\/tr>\n<tr>\n<td><\/td>\n<td><\/td>\n<td><span style=\"font-weight: 400;\">24150446 C\u00d3RDOBA, JOS\u00c9 MARCOS<\/span><\/td>\n<\/tr>\n<tr>\n<td><\/td>\n<td><\/td>\n<td><span style=\"font-weight: 400;\">33480864 DE MIGUEL, NATAL\u00cdN GUILLERMINA<\/span><\/td>\n<\/tr>\n<tr>\n<td><\/td>\n<td><\/td>\n<td><span style=\"font-weight: 400;\">31018977 DOMINGUEZ LINARES, B\u00c1RBARA<\/span><\/td>\n<\/tr>\n<\/tbody>\n<\/table>\n<p>&nbsp;<\/p>\n<table>\n<tbody>\n<tr>\n<td><\/td>\n<td><\/td>\n<td><span style=\"font-weight: 400;\">40377519 EGUZQUIZA, MARTIN<\/span><\/td>\n<\/tr>\n<tr>\n<td><\/td>\n<td><\/td>\n<td><span style=\"font-weight: 400;\">33106386 FERNANDEZ, MARISOL<\/span><\/td>\n<\/tr>\n<tr>\n<td><\/td>\n<td><\/td>\n<td><span style=\"font-weight: 400;\">24413296 FERZOCO, CRISTIAN ADRIAN<\/span><\/td>\n<\/tr>\n<tr>\n<td><\/td>\n<td><\/td>\n<td><span style=\"font-weight: 400;\">41669115 FIEGO, ROC\u00cdO BEL\u00c9N<\/span><\/td>\n<\/tr>\n<tr>\n<td><\/td>\n<td><\/td>\n<td><span style=\"font-weight: 400;\">29359282 GIMENEZ, MARIA NAZARETH<\/span><\/td>\n<\/tr>\n<tr>\n<td><\/td>\n<td><\/td>\n<td><span style=\"font-weight: 400;\">42631029 GOMEZ, AGUSTINA GUADALUPE<\/span><\/td>\n<\/tr>\n<tr>\n<td><\/td>\n<td><\/td>\n<td><span style=\"font-weight: 400;\">41854468 GONZALEZ, MANUEL HORACIO<\/span><\/td>\n<\/tr>\n<tr>\n<td><\/td>\n<td><\/td>\n<td><span style=\"font-weight: 400;\">40455065 GUERRA, JAZMIN MILAGROS<\/span><\/td>\n<\/tr>\n<tr>\n<td><\/td>\n<td><\/td>\n<td><span style=\"font-weight: 400;\">35410799 IZA, CARLOS NICOL\u00c1S<\/span><\/td>\n<\/tr>\n<tr>\n<td><\/td>\n<td><\/td>\n<td><span style=\"font-weight: 400;\">35410747 LARRIEU, MANUEL<\/span><\/td>\n<\/tr>\n<tr>\n<td><\/td>\n<td><\/td>\n<td><span style=\"font-weight: 400;\">42231322 LAVARELLO, NICANOR<\/span><\/td>\n<\/tr>\n<tr>\n<td><\/td>\n<td><\/td>\n<td><span style=\"font-weight: 400;\">37008927 MANFREDI, NICOL\u00c1S RICARDO<\/span><\/td>\n<\/tr>\n<tr>\n<td><\/td>\n<td><\/td>\n<td><span style=\"font-weight: 400;\">26056632 MARTIN, NATALIA ISABEL<\/span><\/td>\n<\/tr>\n<tr>\n<td><\/td>\n<td><\/td>\n<td><span style=\"font-weight: 400;\">35140752 MATTIELLO, LUCAS<\/span><\/td>\n<\/tr>\n<tr>\n<td><\/td>\n<td><\/td>\n<td><span style=\"font-weight: 400;\">30799521 MEGA, CINTIA ELISABETH<\/span><\/td>\n<\/tr>\n<tr>\n<td><\/td>\n<td><\/td>\n<td><span style=\"font-weight: 400;\">35868122 MENDIZABAL, CAROLINA ANDREA<\/span><\/td>\n<\/tr>\n<tr>\n<td><\/td>\n<td><\/td>\n<td><span style=\"font-weight: 400;\">25334814 MONTENEGRO, RA\u00daL ALBERTO<\/span><\/td>\n<\/tr>\n<tr>\n<td><\/td>\n<td><\/td>\n<td><span style=\"font-weight: 400;\">37275913 MORINI, ANA LAURA<\/span><\/td>\n<\/tr>\n<tr>\n<td><\/td>\n<td><span style=\"font-weight: 400;\">40668824\u00a0<\/span><\/td>\n<td><span style=\"font-weight: 400;\">ODDO, MICAELA GISELE<\/span><\/td>\n<\/tr>\n<tr>\n<td><\/td>\n<td><\/td>\n<td><span style=\"font-weight: 400;\">39762929 RUIDIAZ, FAUSTO<\/span><\/td>\n<\/tr>\n<tr>\n<td><\/td>\n<td><\/td>\n<td><span style=\"font-weight: 400;\">40580063 SANCHEZ, CAMILA PATRICIA<\/span><\/td>\n<\/tr>\n<tr>\n<td><\/td>\n<td><\/td>\n<td><span style=\"font-weight: 400;\">47033876 SAVIOLI, JIMENA MARIA<\/span><\/td>\n<\/tr>\n<tr>\n<td><\/td>\n<td><span style=\"font-weight: 400;\">39966409\u00a0<\/span><\/td>\n<td><span style=\"font-weight: 400;\">VAZQUEZ COLOMBO, MANUELA<\/span><\/td>\n<\/tr>\n<tr>\n<td><\/td>\n<td><\/td>\n<td><\/td>\n<\/tr>\n<tr>\n<td colspan=\"3\"><b>Martillera\/o, Corredor P\u00fablico y Tasador &#8211; MD<\/b><\/td>\n<\/tr>\n<tr>\n<td><\/td>\n<td><\/td>\n<td><span style=\"font-weight: 400;\">33412436 BERTOLA, LAURA EMILCE<\/span><\/td>\n<\/tr>\n<tr>\n<td><\/td>\n<td><\/td>\n<td><span style=\"font-weight: 400;\">38704347 CARAM, FRANCISCO<\/span><\/td>\n<\/tr>\n<tr>\n<td><\/td>\n<td><\/td>\n<td><span style=\"font-weight: 400;\">24371204 CASTRO, SEBASTIAN<\/span><\/td>\n<\/tr>\n<tr>\n<td><\/td>\n<td><\/td>\n<td><span style=\"font-weight: 400;\">24734184 KISIC, MARIA GUILLERMINA<\/span><\/td>\n<\/tr>\n<tr>\n<td><\/td>\n<td><\/td>\n<td><span style=\"font-weight: 400;\">37011193 TALOTTA, CARLA DANIELA<\/span><\/td>\n<\/tr>\n<tr>\n<td><\/td>\n<td><\/td>\n<td><span style=\"font-weight: 400;\">41098597 VILLALONGA, CAMILA ANAH\u00cd<\/span><\/td>\n<\/tr>\n<\/tbody>\n<\/table>\n","protected":false},"excerpt":{"rendered":"<p>Se realizar\u00e1 el 6 de diciembre del 2023 a las 16:00 hs. en el \u201cCentro Cultural Estaci\u00f3n Terminal Sur &#8211;\u00a0 Paseo Aldrey\u201d, Calle Sarmiento 2601 Mar del Plata.<\/p>\n","protected":false},"author":1,"featured_media":1613,"comment_status":"open","ping_status":"open","sticky":false,"template":"","format":"standard","meta":[],"categories":[2],"tags":[],"_links":{"self":[{"href":"https:\/\/derecho.mdp.edu.ar\/index.php\/wp-json\/wp\/v2\/posts\/1659"}],"collection":[{"href":"https:\/\/derecho.mdp.edu.ar\/index.php\/wp-json\/wp\/v2\/posts"}],"about":[{"href":"https:\/\/derecho.mdp.edu.ar\/index.php\/wp-json\/wp\/v2\/types\/post"}],"author":[{"embeddable":true,"href":"https:\/\/derecho.mdp.edu.ar\/index.php\/wp-json\/wp\/v2\/users\/1"}],"replies":[{"embeddable":true,"href":"https:\/\/derecho.mdp.edu.ar\/index.php\/wp-json\/wp\/v2\/comments?post=1659"}],"version-history":[{"count":2,"href":"https:\/\/derecho.mdp.edu.ar\/index.php\/wp-json\/wp\/v2\/posts\/1659\/revisions"}],"predecessor-version":[{"id":1661,"href":"https:\/\/derecho.mdp.edu.ar\/index.php\/wp-json\/wp\/v2\/posts\/1659\/revisions\/1661"}],"wp:featuredmedia":[{"embeddable":true,"href":"https:\/\/derecho.mdp.edu.ar\/index.php\/wp-json\/wp\/v2\/media\/1613"}],"wp:attachment":[{"href":"https:\/\/derecho.mdp.edu.ar\/index.php\/wp-json\/wp\/v2\/media?parent=1659"}],"wp:term":[{"taxonomy":"category","embeddable":true,"href":"https:\/\/derecho.mdp.edu.ar\/index.php\/wp-json\/wp\/v2\/categories?post=1659"},{"taxonomy":"post_tag","embeddable":true,"href":"https:\/\/derecho.mdp.edu.ar\/index.php\/wp-json\/wp\/v2\/tags?post=1659"}],"curies":[{"name":"wp","href":"https:\/\/api.w.org\/{rel}","templated":true}]}}