{"id":1654,"date":"2023-11-28T11:16:35","date_gmt":"2023-11-28T14:16:35","guid":{"rendered":"https:\/\/derecho.mdp.edu.ar\/?p=1654"},"modified":"2023-11-28T15:48:29","modified_gmt":"2023-11-28T18:48:29","slug":"la-facultad-firmo-un-acuerdo-de-afiliacion-y-cooperacion-con-la-asociacion-de-abogados-de-la-corte-penal-internacional","status":"publish","type":"post","link":"https:\/\/derecho.mdp.edu.ar\/index.php\/2023\/11\/28\/la-facultad-firmo-un-acuerdo-de-afiliacion-y-cooperacion-con-la-asociacion-de-abogados-de-la-corte-penal-internacional\/","title":{"rendered":"La Facultad firm\u00f3 un acuerdo de Afiliaci\u00f3n y cooperaci\u00f3n con la Asoc. de Abogados de la CPI"},"content":{"rendered":"<p>La Facultad de Derecho (Universidad Nacional de Mar del Plata, Argentina) firm\u00f3 un Acuerdo de Afiliaci\u00f3n y cooperaci\u00f3n acad\u00e9mica y profesional con la Asociaci\u00f3n de Abogados de la Corte Penal Internacional (La Haya, Netherlands).<\/p>\n<p>El mismo tiene por objeto promover las actividades y el funcionamiento de la Corte Penal Internacional, el conocimiento, la competencia y la divulgaci\u00f3n sobre los derechos de las v\u00edctimas, los acusados, los testigos y los abogados y su personal de apoyo ante la CPI, y la promoci\u00f3n y protecci\u00f3n de estos derechos y de la independencia de los abogados ante la CPI.<\/p>\n<p>En raz\u00f3n del Convenio, la Facultad brindar\u00e1 apoyo y asesoramiento sobre las actividades del ICCBA; asesorar\u00e1 sobre cuestiones de inter\u00e9s com\u00fan, en todos los pa\u00edses, sean Estados Partes del Estatuto de Roma o no, y ante todas las organizaciones regionales relevantes; participar\u00e1 de los principales eventos, seminarios, capacitaciones y reuniones de asamblea general del ICCBA a fin de mantener y mejorar los v\u00ednculos mutuos, e incentivar\u00e1 a los Abogados miembros de Colegios de Abogados a registrarse en la Lista de Abogados ante la Corte Penal Internacional.<\/p>\n<p>Son representantes para la ejecuci\u00f3n del Convenio, el decano de Derecho Guillermo Lorenzo y Marie-H\u00e9l\u00e8ne Proulx (presidente de ICCBA).<\/p>\n<p><img loading=\"lazy\" class=\"alignnone size-full wp-image-1655\" src=\"https:\/\/derecho.mdp.edu.ar\/wp-content\/uploads\/WhatsApp-Image-2023-11-28-at-09.56.26.jpeg\" alt=\"\" width=\"1080\" height=\"1115\" \/><\/p>\n","protected":false},"excerpt":{"rendered":"<p>El convenio tiene por objeto promover en conjunto las actividades y el funcionamiento de la Corte Penal Internacional.<\/p>\n","protected":false},"author":1,"featured_media":1656,"comment_status":"open","ping_status":"open","sticky":false,"template":"","format":"standard","meta":[],"categories":[2,12],"tags":[],"_links":{"self":[{"href":"https:\/\/derecho.mdp.edu.ar\/index.php\/wp-json\/wp\/v2\/posts\/1654"}],"collection":[{"href":"https:\/\/derecho.mdp.edu.ar\/index.php\/wp-json\/wp\/v2\/posts"}],"about":[{"href":"https:\/\/derecho.mdp.edu.ar\/index.php\/wp-json\/wp\/v2\/types\/post"}],"author":[{"embeddable":true,"href":"https:\/\/derecho.mdp.edu.ar\/index.php\/wp-json\/wp\/v2\/users\/1"}],"replies":[{"embeddable":true,"href":"https:\/\/derecho.mdp.edu.ar\/index.php\/wp-json\/wp\/v2\/comments?post=1654"}],"version-history":[{"count":3,"href":"https:\/\/derecho.mdp.edu.ar\/index.php\/wp-json\/wp\/v2\/posts\/1654\/revisions"}],"predecessor-version":[{"id":1662,"href":"https:\/\/derecho.mdp.edu.ar\/index.php\/wp-json\/wp\/v2\/posts\/1654\/revisions\/1662"}],"wp:featuredmedia":[{"embeddable":true,"href":"https:\/\/derecho.mdp.edu.ar\/index.php\/wp-json\/wp\/v2\/media\/1656"}],"wp:attachment":[{"href":"https:\/\/derecho.mdp.edu.ar\/index.php\/wp-json\/wp\/v2\/media?parent=1654"}],"wp:term":[{"taxonomy":"category","embeddable":true,"href":"https:\/\/derecho.mdp.edu.ar\/index.php\/wp-json\/wp\/v2\/categories?post=1654"},{"taxonomy":"post_tag","embeddable":true,"href":"https:\/\/derecho.mdp.edu.ar\/index.php\/wp-json\/wp\/v2\/tags?post=1654"}],"curies":[{"name":"wp","href":"https:\/\/api.w.org\/{rel}","templated":true}]}}