{"id":1640,"date":"2023-10-18T09:45:05","date_gmt":"2023-10-18T12:45:05","guid":{"rendered":"https:\/\/derecho.mdp.edu.ar\/?p=1640"},"modified":"2023-10-19T09:48:13","modified_gmt":"2023-10-19T12:48:13","slug":"sustanciacion-de-concursos-publicos","status":"publish","type":"post","link":"https:\/\/derecho.mdp.edu.ar\/index.php\/2023\/10\/18\/sustanciacion-de-concursos-publicos\/","title":{"rendered":"Fechas de Concursos P\u00fablicos"},"content":{"rendered":"<h1 style=\"font-weight: 400;\">CONCURSO P\u00daBLICO DE ANTECEDENTES Y OPOSICI\u00d3N<\/h1>\n<p style=\"font-weight: 400;\">Las pruebas de oposici\u00f3n y los coloquios ser\u00e1n p\u00fablicos, salvo para el resto de los\/as inscriptos al llamado a concurso, quienes no podr\u00e1n presenciar las exposiciones de los dem\u00e1s postulantes.<\/p>\n<p style=\"font-weight: 400;\">Aquellos\/as que ingresen s\u00f3lo podr\u00e1n participar en car\u00e1cter de oyentes, no pudiendo intervenir, ni retirarse hasta finalizada la exposici\u00f3n y deber\u00e1n retirarse al momento de la deliberaci\u00f3n de la Comisi\u00f3n Asesora.<\/p>\n<p style=\"font-weight: 400;\"><strong>\u00c1REA CURRICULAR DERECHO CIVIL<\/strong><\/p>\n<p style=\"font-weight: 400;\"><strong>ASIGNATURA: DERECHO INTERNACIONAL PRIVADO<\/strong><\/p>\n<p style=\"font-weight: 400;\">UN (1) cargo de Profesor\/a TITULAR con dedicaci\u00f3n simple<\/p>\n<p style=\"font-weight: 400;\"><strong>Sustanciaci\u00f3n de concurso el 3 de noviembre 15:30<\/strong><\/p>\n<p>&nbsp;<\/p>\n<p style=\"font-weight: 400;\"><strong>\u00c1REA CURRICULAR DERECHO P\u00daBLICO<\/strong><\/p>\n<p style=\"font-weight: 400;\"><strong>ASIGNATURA: DERECHO INTERNACIONAL P\u00daBLICO Y DE LA INTEGRACI\u00d3N<\/strong><\/p>\n<p style=\"font-weight: 400;\">UN (1) cargo de Profesor\/a TITULAR con dedicaci\u00f3n simple \/\/<\/p>\n<p style=\"font-weight: 400;\"><strong>Sustanciaci\u00f3n de concurso el 31 de octubre 9 hs.<\/strong><\/p>\n<p style=\"font-weight: 400;\">UN (1) cargo de Profesor\/a ADJUNTO\/A con dedicaci\u00f3n simple<\/p>\n<p><strong>Sustanciaci\u00f3n de concurso el 31 de octubre 14 hs.<\/strong><\/p>\n<p>&nbsp;<\/p>\n<p><strong>\u00c1REA CURRICULAR CIENCIAS POL\u00cdTICAS Y SOCIALES<\/strong><\/p>\n<p><strong>ASIGNATURA: FILOSOF\u00cdA DEL DERECHO &#8220;B&#8221;<\/strong><\/p>\n<p>UN (1) cargo de Profesor\/a TITULAR con dedicaci\u00f3n simple<\/p>\n<p><strong>Sustanciaci\u00f3n del concurso el 7 de noviembre a las 15 hs.<\/strong><\/p>\n","protected":false},"excerpt":{"rendered":"<p>Fechas disponibles. Las pruebas de oposici\u00f3n y los coloquios ser\u00e1n p\u00fablicos, salvo para el resto de los\/as inscriptos al llamado a concurso.<br \/>\nAquellos\/as que ingresen s\u00f3lo podr\u00e1n participar en car\u00e1cter de oyentes.<\/p>\n","protected":false},"author":1,"featured_media":1314,"comment_status":"open","ping_status":"open","sticky":false,"template":"","format":"standard","meta":[],"categories":[2],"tags":[],"_links":{"self":[{"href":"https:\/\/derecho.mdp.edu.ar\/index.php\/wp-json\/wp\/v2\/posts\/1640"}],"collection":[{"href":"https:\/\/derecho.mdp.edu.ar\/index.php\/wp-json\/wp\/v2\/posts"}],"about":[{"href":"https:\/\/derecho.mdp.edu.ar\/index.php\/wp-json\/wp\/v2\/types\/post"}],"author":[{"embeddable":true,"href":"https:\/\/derecho.mdp.edu.ar\/index.php\/wp-json\/wp\/v2\/users\/1"}],"replies":[{"embeddable":true,"href":"https:\/\/derecho.mdp.edu.ar\/index.php\/wp-json\/wp\/v2\/comments?post=1640"}],"version-history":[{"count":3,"href":"https:\/\/derecho.mdp.edu.ar\/index.php\/wp-json\/wp\/v2\/posts\/1640\/revisions"}],"predecessor-version":[{"id":1643,"href":"https:\/\/derecho.mdp.edu.ar\/index.php\/wp-json\/wp\/v2\/posts\/1640\/revisions\/1643"}],"wp:featuredmedia":[{"embeddable":true,"href":"https:\/\/derecho.mdp.edu.ar\/index.php\/wp-json\/wp\/v2\/media\/1314"}],"wp:attachment":[{"href":"https:\/\/derecho.mdp.edu.ar\/index.php\/wp-json\/wp\/v2\/media?parent=1640"}],"wp:term":[{"taxonomy":"category","embeddable":true,"href":"https:\/\/derecho.mdp.edu.ar\/index.php\/wp-json\/wp\/v2\/categories?post=1640"},{"taxonomy":"post_tag","embeddable":true,"href":"https:\/\/derecho.mdp.edu.ar\/index.php\/wp-json\/wp\/v2\/tags?post=1640"}],"curies":[{"name":"wp","href":"https:\/\/api.w.org\/{rel}","templated":true}]}}