{"id":1631,"date":"2023-09-18T15:39:03","date_gmt":"2023-09-18T18:39:03","guid":{"rendered":"https:\/\/derecho.mdp.edu.ar\/?p=1631"},"modified":"2023-09-18T15:39:03","modified_gmt":"2023-09-18T18:39:03","slug":"el-equipo-de-arbitraje-de-la-facultad-se-lucio-en-el-pre-moot-2023","status":"publish","type":"post","link":"https:\/\/derecho.mdp.edu.ar\/index.php\/2023\/09\/18\/el-equipo-de-arbitraje-de-la-facultad-se-lucio-en-el-pre-moot-2023\/","title":{"rendered":"El equipo de arbitraje de la facultad se luci\u00f3 en el Pre Moot 2023"},"content":{"rendered":"<h1>El equipo de arbitraje de la facultad se luci\u00f3 en el Pre Moot 2023<\/h1>\n<p class=\"p1\">El equipo de arbitraje de la Facultad de Derecho UNMdP lleg\u00f3 hasta la instancia de semifinales en el Pre moot, organizado por Arbitraje Alumni. As\u00ed, nuestra facultad se ubic\u00f3 entre las cuatro mejores del encuentro regional en el que participaron Facultades de Derecho de Argentina, Bolivia y Paraguay.<\/p>\n<p class=\"p1\">La competencia se realiz\u00f3 como una instancia previa a la XVI Competencia Internacional de Arbitraje Comercial, de la que participar\u00e1n pr\u00f3ximamente nuestros estudiantes en Colombia. Esta experiencia fue fundamental para consolidar estrategias y preparar los \u00faltimos detalles en miras a la competencia principal.<\/p>\n<p class=\"p1\">Especialmente, remarcamos la loable labor de los estudiantes que se encuentran representando a nuestra facultad: Noeli Garcia Damiani, Zoe Jazmin Panebianco Casariego y Ulises Vila Sanchez y de sus entrenadores\/as, graduados todos\/as de nuestra casa de estudios.<\/p>\n<p class=\"p1\">\n","protected":false},"excerpt":{"rendered":"<p>As\u00ed, nuestra facultad se ubic\u00f3 entre las cuatro mejores del encuentro regional en el que participaron Facultades de Derecho de Argentina, Bolivia y Paraguay.<\/p>\n","protected":false},"author":1,"featured_media":1632,"comment_status":"open","ping_status":"open","sticky":false,"template":"","format":"standard","meta":[],"categories":[2],"tags":[],"_links":{"self":[{"href":"https:\/\/derecho.mdp.edu.ar\/index.php\/wp-json\/wp\/v2\/posts\/1631"}],"collection":[{"href":"https:\/\/derecho.mdp.edu.ar\/index.php\/wp-json\/wp\/v2\/posts"}],"about":[{"href":"https:\/\/derecho.mdp.edu.ar\/index.php\/wp-json\/wp\/v2\/types\/post"}],"author":[{"embeddable":true,"href":"https:\/\/derecho.mdp.edu.ar\/index.php\/wp-json\/wp\/v2\/users\/1"}],"replies":[{"embeddable":true,"href":"https:\/\/derecho.mdp.edu.ar\/index.php\/wp-json\/wp\/v2\/comments?post=1631"}],"version-history":[{"count":1,"href":"https:\/\/derecho.mdp.edu.ar\/index.php\/wp-json\/wp\/v2\/posts\/1631\/revisions"}],"predecessor-version":[{"id":1633,"href":"https:\/\/derecho.mdp.edu.ar\/index.php\/wp-json\/wp\/v2\/posts\/1631\/revisions\/1633"}],"wp:featuredmedia":[{"embeddable":true,"href":"https:\/\/derecho.mdp.edu.ar\/index.php\/wp-json\/wp\/v2\/media\/1632"}],"wp:attachment":[{"href":"https:\/\/derecho.mdp.edu.ar\/index.php\/wp-json\/wp\/v2\/media?parent=1631"}],"wp:term":[{"taxonomy":"category","embeddable":true,"href":"https:\/\/derecho.mdp.edu.ar\/index.php\/wp-json\/wp\/v2\/categories?post=1631"},{"taxonomy":"post_tag","embeddable":true,"href":"https:\/\/derecho.mdp.edu.ar\/index.php\/wp-json\/wp\/v2\/tags?post=1631"}],"curies":[{"name":"wp","href":"https:\/\/api.w.org\/{rel}","templated":true}]}}