{"id":1622,"date":"2023-09-07T17:18:07","date_gmt":"2023-09-07T20:18:07","guid":{"rendered":"https:\/\/derecho.mdp.edu.ar\/?p=1622"},"modified":"2023-09-07T17:18:55","modified_gmt":"2023-09-07T20:18:55","slug":"derecho-investiga-nuevo-grupo-de-investigacion-sobre-las-reformas-procesales","status":"publish","type":"post","link":"https:\/\/derecho.mdp.edu.ar\/index.php\/2023\/09\/07\/derecho-investiga-nuevo-grupo-de-investigacion-sobre-las-reformas-procesales\/","title":{"rendered":"Derecho Investiga: se aprob\u00f3 un proyecto sobre las Reformas Procesales (CyC)"},"content":{"rendered":"<h1>DERECHO INVESTIGA: SE APROB\u00d3 UN NUEVO PROYECTO DE INVESTIGACI\u00d3N SOBRE LAS REFORMAS PROCESALES (CYC)<\/h1>\n<p>Mediante la OCA 135\/23, el Consejo Acad\u00e9mico de la Facultad de Derecho de la UNMDP aprob\u00f3, bajo el sistema \u201cDERECHO INVESTIGA\u201d, el proyecto \u201cGRUPO DE INVESTIGACI\u00d3N SOBRE LAS REFORMAS PROCESALES (PROCESAL CIVIL Y COMERCIAL) INTRODUCIDAS A TRAV\u00c9S DE LAS ACORDADAS, RESOLUCIONES Y PROTOCOLO DE LA SCBA EN LOS \u00daLTIMOS 15 A\u00d1OS\u201d. Dicho proyecto busca individualizar y analizar las reformas introducidas a trav\u00e9s de la Acordadas, Resoluciones y Protocolos de la SCBA que afectan al sistema procesal (en lo civil y comercial y laboral) de la Provincia de Buenos Aires. El plazo de tiempo que se analizar\u00e1 ser\u00e1n los \u00faltimos 15 a\u00f1os incluy\u00e9ndose el periodo de la Pandemia COVID 19. Asimismo, el objetivo es analizar si dichas reformas se condicen con el sistema procesal civil y comercial (y laboral) imperante en el CPCCBA. El Grupo de investigaci\u00f3n \u201cHUGO ALSINA\u201d esta conformado por docentes, graduados y estudiantes de nuestra Casa de Estudios, Siendo sus participantes:<\/p>\n<p>DIRECTOR (y Coordinador general): Carlos Antonio Turina.<\/p>\n<p>COORDINADORES: Marcela Gimenez Bauer, Cristina Kissner, Patricio Groppo, Felix Ferran, Nancy Arrieta, Mariano Viadas.-<\/p>\n<p>Miembros graduados: Juli\u00e1n Almeida, Juan Cruz Caik, Florencia Carrara, Braian Chaparro, Celeste Cuc\u00f3, Ezequiel Gumiero, Gast\u00f3n Hammes, Mariana Ledesma, Daniela Ledesma, Federico Mart\u00ednez Bordaisco, Cleopatra Torres, Mart\u00edn Ugalde, Alejandro Giuliani, Camila Eyras.<\/p>\n<p>Miembros estudiantes: Francesca Esposito Ressia, Paloma Gonzalez, Estefania Irulegui, Vanesa Veronica Morales, Juan Pablo Slavin.-<\/p>\n<p>Profesores consultores: Prof. Juan Antonio Costantino, Prof. Jos\u00e9 Manuel del Cerro y Prof. Alfonso Basso.<\/p>\n","protected":false},"excerpt":{"rendered":"<p>El proyecto busca individualizar y analizar las reformas introducidas a trav\u00e9s de la Acordadas, Resoluciones y Protocolos de la SCBA que afectan al sistema procesal (en lo civil y comercial y laboral) de la Provincia de Buenos Aires.<\/p>\n","protected":false},"author":1,"featured_media":1623,"comment_status":"open","ping_status":"open","sticky":false,"template":"","format":"standard","meta":[],"categories":[2,12],"tags":[],"_links":{"self":[{"href":"https:\/\/derecho.mdp.edu.ar\/index.php\/wp-json\/wp\/v2\/posts\/1622"}],"collection":[{"href":"https:\/\/derecho.mdp.edu.ar\/index.php\/wp-json\/wp\/v2\/posts"}],"about":[{"href":"https:\/\/derecho.mdp.edu.ar\/index.php\/wp-json\/wp\/v2\/types\/post"}],"author":[{"embeddable":true,"href":"https:\/\/derecho.mdp.edu.ar\/index.php\/wp-json\/wp\/v2\/users\/1"}],"replies":[{"embeddable":true,"href":"https:\/\/derecho.mdp.edu.ar\/index.php\/wp-json\/wp\/v2\/comments?post=1622"}],"version-history":[{"count":3,"href":"https:\/\/derecho.mdp.edu.ar\/index.php\/wp-json\/wp\/v2\/posts\/1622\/revisions"}],"predecessor-version":[{"id":1626,"href":"https:\/\/derecho.mdp.edu.ar\/index.php\/wp-json\/wp\/v2\/posts\/1622\/revisions\/1626"}],"wp:featuredmedia":[{"embeddable":true,"href":"https:\/\/derecho.mdp.edu.ar\/index.php\/wp-json\/wp\/v2\/media\/1623"}],"wp:attachment":[{"href":"https:\/\/derecho.mdp.edu.ar\/index.php\/wp-json\/wp\/v2\/media?parent=1622"}],"wp:term":[{"taxonomy":"category","embeddable":true,"href":"https:\/\/derecho.mdp.edu.ar\/index.php\/wp-json\/wp\/v2\/categories?post=1622"},{"taxonomy":"post_tag","embeddable":true,"href":"https:\/\/derecho.mdp.edu.ar\/index.php\/wp-json\/wp\/v2\/tags?post=1622"}],"curies":[{"name":"wp","href":"https:\/\/api.w.org\/{rel}","templated":true}]}}