{"id":16,"date":"2019-06-11T19:26:42","date_gmt":"2019-06-11T22:26:42","guid":{"rendered":"http:\/\/www.mdp.edu.ar\/derecho\/derecho2019\/?p=16"},"modified":"2019-06-13T01:56:42","modified_gmt":"2019-06-13T04:56:42","slug":"xxiii-jornadas-de-investigadores-y-becarios-en-cs-juridicas-y-sociales","status":"publish","type":"post","link":"https:\/\/derecho.mdp.edu.ar\/index.php\/2019\/06\/11\/xxiii-jornadas-de-investigadores-y-becarios-en-cs-juridicas-y-sociales\/","title":{"rendered":"XXIII Jornadas de Investigadores y Becarios en Cs. Jur\u00eddicas y Sociales"},"content":{"rendered":"<p><img loading=\"lazy\" class=\"alignnone size-full wp-image-25\" src=\"http:\/\/www.mdp.edu.ar\/derecho\/derecho2019\/wp-content\/uploads\/62241057_2331090837216312_3326260774124388352_n.png\" alt=\"\" width=\"678\" height=\"960\" srcset=\"https:\/\/derecho.mdp.edu.ar\/wp-content\/uploads\/62241057_2331090837216312_3326260774124388352_n.png 678w, https:\/\/derecho.mdp.edu.ar\/wp-content\/uploads\/62241057_2331090837216312_3326260774124388352_n-350x496.png 350w, https:\/\/derecho.mdp.edu.ar\/wp-content\/uploads\/62241057_2331090837216312_3326260774124388352_n-212x300.png 212w\" sizes=\"(max-width: 678px) 100vw, 678px\" \/><\/p>\n<p>Desde el 22 hasta el 24 de agosto los esperamos en las XXIII Jornadas de Investigadores\/as y Becarios\/as en Ciencias Jur\u00eddicas y Sociales \u2018Dr. Luis Pablo Slavin\u2019, organizadas por el Instituto de Investigaciones Dr. Carlos Santiago Nino y por el\u00a0<a class=\"profileLink\" href=\"https:\/\/www.facebook.com\/ciddhaliciamoreau\/?__tn__=K-R&amp;eid=ARCsHGoL4yKhrakERUFLbthGP6oTFfPNWIlWOfFOvN6emavDclTn0XKIuNAU36ztUyjKZU7T63aPCAAs&amp;fref=mentions&amp;__xts__%5B0%5D=68.ARB83r6ZuCgAnsK7NSIuvxzG3-A4UOHGbfdggqyFEqt8Z7vXQ46QIv6IrzVClxWjXAjrpeaPDynXSeS9hm92z5k7VnyN8d4qLHT7r-FKhyiM0eqikQQcWczFZRuV1KeeV0odxCh7rJzAri-wN8njz4rOoVMiBxx6bkaFnlsGgJ4YiwPdjqRQHgGOI6VdxdQrmk_Vm3NiQplKpN8WbQcdNq5epaZ2BDgPLOS9InAgIYUyzsIMxN-dKeO8uuG1CbIbBAgCX8RYe2vLHvSRQiwHXAWBdDViZZovwT9CHbOQybTwEwFzdR-fRTmuqJlGNn4t__55S4E\" data-hovercard=\"\/ajax\/hovercard\/page.php?id=342652002506719&amp;extragetparams=%7B%22__tn__%22%3A%22%2CdK-R-R%22%2C%22eid%22%3A%22ARCsHGoL4yKhrakERUFLbthGP6oTFfPNWIlWOfFOvN6emavDclTn0XKIuNAU36ztUyjKZU7T63aPCAAs%22%2C%22fref%22%3A%22mentions%22%7D\" data-hovercard-prefer-more-content-show=\"1\">CIDDH Alicia Moreau. Centro de Investigaci\u00f3n y Docencia en Derechos Humanos<\/a>\u00a0<span class=\"_5mfr\"><span class=\"_6qdm\">&#x1f50d;<\/span><\/span><\/p>\n<p>\u00a1Los interesados tendr\u00e1n tiempo para presentar ponencias y p\u00f3sters hasta el 12 de agosto! Conoc\u00e9 el Reglamento\u00a0<a href=\"http:\/\/www.mdp.edu.ar\/derecho\/public_html\/docs\/reglamentojornadas.doc\">aqu\u00ed.<\/a><\/p>\n","protected":false},"excerpt":{"rendered":"<p>Organizadas por el Instituto de Investigaciones Dr. Carlos Santiago Nino y por el\u00a0CIDDH Alicia Moreau. Centro de Investigaci\u00f3n y Docencia en Derechos Humanos<\/p>\n","protected":false},"author":1,"featured_media":243,"comment_status":"open","ping_status":"open","sticky":false,"template":"","format":"standard","meta":[],"categories":[2,12],"tags":[],"_links":{"self":[{"href":"https:\/\/derecho.mdp.edu.ar\/index.php\/wp-json\/wp\/v2\/posts\/16"}],"collection":[{"href":"https:\/\/derecho.mdp.edu.ar\/index.php\/wp-json\/wp\/v2\/posts"}],"about":[{"href":"https:\/\/derecho.mdp.edu.ar\/index.php\/wp-json\/wp\/v2\/types\/post"}],"author":[{"embeddable":true,"href":"https:\/\/derecho.mdp.edu.ar\/index.php\/wp-json\/wp\/v2\/users\/1"}],"replies":[{"embeddable":true,"href":"https:\/\/derecho.mdp.edu.ar\/index.php\/wp-json\/wp\/v2\/comments?post=16"}],"version-history":[{"count":4,"href":"https:\/\/derecho.mdp.edu.ar\/index.php\/wp-json\/wp\/v2\/posts\/16\/revisions"}],"predecessor-version":[{"id":244,"href":"https:\/\/derecho.mdp.edu.ar\/index.php\/wp-json\/wp\/v2\/posts\/16\/revisions\/244"}],"wp:featuredmedia":[{"embeddable":true,"href":"https:\/\/derecho.mdp.edu.ar\/index.php\/wp-json\/wp\/v2\/media\/243"}],"wp:attachment":[{"href":"https:\/\/derecho.mdp.edu.ar\/index.php\/wp-json\/wp\/v2\/media?parent=16"}],"wp:term":[{"taxonomy":"category","embeddable":true,"href":"https:\/\/derecho.mdp.edu.ar\/index.php\/wp-json\/wp\/v2\/categories?post=16"},{"taxonomy":"post_tag","embeddable":true,"href":"https:\/\/derecho.mdp.edu.ar\/index.php\/wp-json\/wp\/v2\/tags?post=16"}],"curies":[{"name":"wp","href":"https:\/\/api.w.org\/{rel}","templated":true}]}}