{"id":1558,"date":"2023-07-25T11:48:23","date_gmt":"2023-07-25T14:48:23","guid":{"rendered":"https:\/\/derecho.mdp.edu.ar\/?p=1558"},"modified":"2023-08-01T22:43:09","modified_gmt":"2023-08-02T01:43:09","slug":"capacitaciones-para-autoridades-de-mesa-2","status":"publish","type":"post","link":"https:\/\/derecho.mdp.edu.ar\/index.php\/2023\/07\/25\/capacitaciones-para-autoridades-de-mesa-2\/","title":{"rendered":"Capacitaciones para autoridades de mesa."},"content":{"rendered":"<h1>Capacitaciones para autoridades de mesa:<\/h1>\n<p>.<\/p>\n<h2>Mar del Plata<\/h2>\n<p>\u2705Martes 1 de agosto<br \/>\n\u2705Mi\u00e9rcoles 2 de agosto<br \/>\n\u2705Jueves 3 de agosto<\/p>\n<p>Facultad de derecho, 7mo piso: 25 de Mayo 2855.<br \/>\n\u23f0 18 horas<\/p>\n<h2>Miramar<\/h2>\n<p>\u2705 Viernes 4 de agosto<\/p>\n<p>Instituto Superior de Formaci\u00f3n Docente y T\u00e9cnica N\u00b081. Parque Leloir 780 Miramar<br \/>\n\u23f0 11 30 hs<\/p>\n<h2>Balcarce<\/h2>\n<p>\u2705 Viernes 4 de agosto<\/p>\n<p>Centro Cultural Salamone, Avenida Eva Per\u00f3n 3949 Balcarce<br \/>\n\u23f0 17 30 hs<\/p>\n<h2>Villa Gesell<\/h2>\n<p>\u2705 S\u00e1bado 5 de agosto<\/p>\n<p>Biblioteca Popular Rafael Obligado. Avenida 6 entre Paseos 105 y 106 Villa Gesell<br \/>\n\u23f0 10 30 hs<\/p>\n<h2>Mar del Plata<\/h2>\n<p>\u2705Lunes 7 de agosto<br \/>\n\u2705Martes 8 de agosto<br \/>\n\u2705Mi\u00e9rcoles 9 de agosto<br \/>\n\u2705Jueves 10 de agosto<br \/>\n\u2705Viernes 11 de agosto<\/p>\n<div class=\"page\" title=\"Page 1\">\n<div class=\"section\">\n<div class=\"layoutArea\">\n<div class=\"column\">\n<p>Se encuentra disponible para la inscripcio\u0301n formulario electro\u0301nico en <a href=\"https:\/\/forms.gle\/MZdEFAP9YAWLrW1n6\">https:\/\/forms.gle\/MZdEFAP9YAWLrW1n6<\/a> (Sede Mar del Plata) o <a href=\"https:\/\/forms.gle\/psbc1CVwRXH8PmUHA\">https:\/\/forms.gle\/psbc1CVwRXH8PmUHA<\/a> (Sedes Miramar, Balcarce y Villa Gesell).<\/p>\n<\/div>\n<\/div>\n<\/div>\n<\/div>\n<p>Facultad de derecho, 7mo piso: 25 de Mayo 2855.<br \/>\n\u23f0 18 horas<\/p>\n<p><strong>IMPORTANTE \u203c\ufe0f\u203c\ufe0f\u203c\ufe0f<\/strong><br \/>\n<strong>Acercarse con fotocopia del telegrama y del DNI<\/strong><\/p>\n","protected":false},"excerpt":{"rendered":"<p>La Facultad de Derecho, a trav\u00e9s del Programa de Formaci\u00f3n Ciudadana, brindar\u00e1 capacitaciones para las autoridades de mesa de las elecciones de este a\u00f1o. Consult\u00e1 d\u00edas, horarios y lugares aqu\u00ed.<\/p>\n","protected":false},"author":1,"featured_media":1258,"comment_status":"open","ping_status":"open","sticky":false,"template":"","format":"standard","meta":[],"categories":[2],"tags":[],"_links":{"self":[{"href":"https:\/\/derecho.mdp.edu.ar\/index.php\/wp-json\/wp\/v2\/posts\/1558"}],"collection":[{"href":"https:\/\/derecho.mdp.edu.ar\/index.php\/wp-json\/wp\/v2\/posts"}],"about":[{"href":"https:\/\/derecho.mdp.edu.ar\/index.php\/wp-json\/wp\/v2\/types\/post"}],"author":[{"embeddable":true,"href":"https:\/\/derecho.mdp.edu.ar\/index.php\/wp-json\/wp\/v2\/users\/1"}],"replies":[{"embeddable":true,"href":"https:\/\/derecho.mdp.edu.ar\/index.php\/wp-json\/wp\/v2\/comments?post=1558"}],"version-history":[{"count":9,"href":"https:\/\/derecho.mdp.edu.ar\/index.php\/wp-json\/wp\/v2\/posts\/1558\/revisions"}],"predecessor-version":[{"id":1599,"href":"https:\/\/derecho.mdp.edu.ar\/index.php\/wp-json\/wp\/v2\/posts\/1558\/revisions\/1599"}],"wp:featuredmedia":[{"embeddable":true,"href":"https:\/\/derecho.mdp.edu.ar\/index.php\/wp-json\/wp\/v2\/media\/1258"}],"wp:attachment":[{"href":"https:\/\/derecho.mdp.edu.ar\/index.php\/wp-json\/wp\/v2\/media?parent=1558"}],"wp:term":[{"taxonomy":"category","embeddable":true,"href":"https:\/\/derecho.mdp.edu.ar\/index.php\/wp-json\/wp\/v2\/categories?post=1558"},{"taxonomy":"post_tag","embeddable":true,"href":"https:\/\/derecho.mdp.edu.ar\/index.php\/wp-json\/wp\/v2\/tags?post=1558"}],"curies":[{"name":"wp","href":"https:\/\/api.w.org\/{rel}","templated":true}]}}