{"id":1536,"date":"2023-07-02T15:34:40","date_gmt":"2023-07-02T18:34:40","guid":{"rendered":"https:\/\/derecho.mdp.edu.ar\/?p=1536"},"modified":"2023-07-02T15:34:40","modified_gmt":"2023-07-02T18:34:40","slug":"abierta-la-inscripcion-a-martillero-y-corredor-publico","status":"publish","type":"post","link":"https:\/\/derecho.mdp.edu.ar\/index.php\/2023\/07\/02\/abierta-la-inscripcion-a-martillero-y-corredor-publico\/","title":{"rendered":"Abierta la inscripci\u00f3n a Martillero y Corredor P\u00fablico"},"content":{"rendered":"<h1>Reabri\u00f3 la carrera de Martillero y Corredor P\u00fablico.<\/h1>\n<p>Del 3 al 10 de julio estar\u00e1 disponible un per\u00edodo extraordinario de inscripci\u00f3n para dar inicio en el segundo cuatrimestre del 2023.<\/p>\n<p>\u201cSin dudas reabrir esta carrera para estudiantes de todo el pa\u00eds nos llena de orgullo y alegr\u00eda. Recibiremos con mucho entusiasmo a todos aquellos interesados que quieran formar parte de nuestra comunidad acad\u00e9mica\u201d, se\u00f1al\u00f3 el secretario acad\u00e9mico Alfonso Basso.<\/p>\n<p>Se trata de una curr\u00edcula de tres a\u00f1os, con modalidad a distancia, que ofrece una formaci\u00f3n actualizada y de calidad, con un perfil orientado a las m\u00faltiples injerencias e inserciones que van abri\u00e9ndose para los profesionales del campo.<\/p>\n<p>El tr\u00e1mite es por medio de la p\u00e1gina <a href=\"https:\/\/portalsiu.mdp.edu.ar\/preinscripcion\/\">https:\/\/portalsiu.mdp.edu.ar\/preinscripcion\/<\/a>. Para m\u00e1s informaci\u00f3n, los interesados podr\u00e1n consultar v\u00eda correo electr\u00f3nico a la casilla ingresoderecho2023@gmail.com o acercarse a la oficina de ingreso en el piso 5 de la Facultad (25 de Mayo N\u00b02855), de 10 a 12 y de 14 a 16.<\/p>\n","protected":false},"excerpt":{"rendered":"<p>Del 3 al 10 de julio estar\u00e1 disponible un periodo extraordinario para inscribirse a la carrera y comenzar las clases en el segundo cuatrimestre del 2023. <\/p>\n","protected":false},"author":1,"featured_media":1314,"comment_status":"open","ping_status":"open","sticky":false,"template":"","format":"standard","meta":[],"categories":[2],"tags":[],"_links":{"self":[{"href":"https:\/\/derecho.mdp.edu.ar\/index.php\/wp-json\/wp\/v2\/posts\/1536"}],"collection":[{"href":"https:\/\/derecho.mdp.edu.ar\/index.php\/wp-json\/wp\/v2\/posts"}],"about":[{"href":"https:\/\/derecho.mdp.edu.ar\/index.php\/wp-json\/wp\/v2\/types\/post"}],"author":[{"embeddable":true,"href":"https:\/\/derecho.mdp.edu.ar\/index.php\/wp-json\/wp\/v2\/users\/1"}],"replies":[{"embeddable":true,"href":"https:\/\/derecho.mdp.edu.ar\/index.php\/wp-json\/wp\/v2\/comments?post=1536"}],"version-history":[{"count":1,"href":"https:\/\/derecho.mdp.edu.ar\/index.php\/wp-json\/wp\/v2\/posts\/1536\/revisions"}],"predecessor-version":[{"id":1537,"href":"https:\/\/derecho.mdp.edu.ar\/index.php\/wp-json\/wp\/v2\/posts\/1536\/revisions\/1537"}],"wp:featuredmedia":[{"embeddable":true,"href":"https:\/\/derecho.mdp.edu.ar\/index.php\/wp-json\/wp\/v2\/media\/1314"}],"wp:attachment":[{"href":"https:\/\/derecho.mdp.edu.ar\/index.php\/wp-json\/wp\/v2\/media?parent=1536"}],"wp:term":[{"taxonomy":"category","embeddable":true,"href":"https:\/\/derecho.mdp.edu.ar\/index.php\/wp-json\/wp\/v2\/categories?post=1536"},{"taxonomy":"post_tag","embeddable":true,"href":"https:\/\/derecho.mdp.edu.ar\/index.php\/wp-json\/wp\/v2\/tags?post=1536"}],"curies":[{"name":"wp","href":"https:\/\/api.w.org\/{rel}","templated":true}]}}