{"id":151,"date":"2019-05-20T19:22:58","date_gmt":"2019-05-20T22:22:58","guid":{"rendered":"http:\/\/www.mdp.edu.ar\/derecho\/derecho2019\/?p=151"},"modified":"2019-06-27T12:57:58","modified_gmt":"2019-06-27T15:57:58","slug":"internacionales-novedades-fiesa-2020","status":"publish","type":"post","link":"https:\/\/derecho.mdp.edu.ar\/index.php\/2019\/05\/20\/internacionales-novedades-fiesa-2020\/","title":{"rendered":"FIESA 2020"},"content":{"rendered":"<p>Referentes de Relaciones Internacionales de la Facultad participaron de la mesa estrat\u00e9gica para la organizaci\u00f3n de la Feria Internacional de Educaci\u00f3n Superior Argentina (FIESA 2020) y, posteriormente, del Seminario y Acto de Lanzamiento de la feria, que se llevar\u00e1 a cabo en el mes de marzo del a\u00f1o pr\u00f3ximo en el Gran Hotel Provincial de Mar del Plata.<\/p>\n<p>El evento reunir\u00e1 a referentes de las Instituciones de la Educaci\u00f3n Superior de todo el mundo para llevar adelante talleres, capacitaciones y seminarios en un ambiente propicio para el networking y el desarrollo de v\u00ednculos estrat\u00e9gicos para la cooperaci\u00f3n internacional.<\/p>\n<div style=\"width: 525px;\" class=\"wp-video\"><!--[if lt IE 9]><script>document.createElement('video');<\/script><![endif]-->\n<video class=\"wp-video-shortcode\" id=\"video-151-1\" width=\"525\" height=\"295\" preload=\"metadata\" controls=\"controls\"><source type=\"video\/mp4\" src=\"http:\/\/www.mdp.edu.ar\/derecho\/derecho2019\/wp-content\/uploads\/FIESA-2020-Universidad-Nacional-de-Mar-del-Plata-sub-ingl\u00e9s.mp4?_=1\" \/><a href=\"http:\/\/www.mdp.edu.ar\/derecho\/derecho2019\/wp-content\/uploads\/FIESA-2020-Universidad-Nacional-de-Mar-del-Plata-sub-ingl\u00e9s.mp4\">http:\/\/www.mdp.edu.ar\/derecho\/derecho2019\/wp-content\/uploads\/FIESA-2020-Universidad-Nacional-de-Mar-del-Plata-sub-ingl\u00e9s.mp4<\/a><\/video><\/div>\n","protected":false},"excerpt":{"rendered":"<p>Referentes de Relaciones Internacionales de la Facultad participaron de la mesa estrat\u00e9gica para la organizaci\u00f3n de la Feria Internacional de Educaci\u00f3n Superior Argentina (FIESA 2020). <\/p>\n","protected":false},"author":1,"featured_media":556,"comment_status":"open","ping_status":"open","sticky":false,"template":"","format":"standard","meta":[],"categories":[2,10],"tags":[],"_links":{"self":[{"href":"https:\/\/derecho.mdp.edu.ar\/index.php\/wp-json\/wp\/v2\/posts\/151"}],"collection":[{"href":"https:\/\/derecho.mdp.edu.ar\/index.php\/wp-json\/wp\/v2\/posts"}],"about":[{"href":"https:\/\/derecho.mdp.edu.ar\/index.php\/wp-json\/wp\/v2\/types\/post"}],"author":[{"embeddable":true,"href":"https:\/\/derecho.mdp.edu.ar\/index.php\/wp-json\/wp\/v2\/users\/1"}],"replies":[{"embeddable":true,"href":"https:\/\/derecho.mdp.edu.ar\/index.php\/wp-json\/wp\/v2\/comments?post=151"}],"version-history":[{"count":4,"href":"https:\/\/derecho.mdp.edu.ar\/index.php\/wp-json\/wp\/v2\/posts\/151\/revisions"}],"predecessor-version":[{"id":430,"href":"https:\/\/derecho.mdp.edu.ar\/index.php\/wp-json\/wp\/v2\/posts\/151\/revisions\/430"}],"wp:featuredmedia":[{"embeddable":true,"href":"https:\/\/derecho.mdp.edu.ar\/index.php\/wp-json\/wp\/v2\/media\/556"}],"wp:attachment":[{"href":"https:\/\/derecho.mdp.edu.ar\/index.php\/wp-json\/wp\/v2\/media?parent=151"}],"wp:term":[{"taxonomy":"category","embeddable":true,"href":"https:\/\/derecho.mdp.edu.ar\/index.php\/wp-json\/wp\/v2\/categories?post=151"},{"taxonomy":"post_tag","embeddable":true,"href":"https:\/\/derecho.mdp.edu.ar\/index.php\/wp-json\/wp\/v2\/tags?post=151"}],"curies":[{"name":"wp","href":"https:\/\/api.w.org\/{rel}","templated":true}]}}