{"id":1495,"date":"2023-03-05T13:53:42","date_gmt":"2023-03-05T16:53:42","guid":{"rendered":"https:\/\/www.mdp.edu.ar\/derecho\/derecho2019\/?p=1495"},"modified":"2023-03-05T13:55:47","modified_gmt":"2023-03-05T16:55:47","slug":"especializacion-en-derecho-de-familias","status":"publish","type":"post","link":"https:\/\/derecho.mdp.edu.ar\/index.php\/2023\/03\/05\/especializacion-en-derecho-de-familias\/","title":{"rendered":"Especializaci\u00f3n en Derecho de Familias"},"content":{"rendered":"<h2 class=\"p1\">CARRERA DE POSGRADO<\/h2>\n<h1 class=\"p1\"><span class=\"s1\"><b>ESPECIALIZACI\u00d3N EN DERECHO PROCESAL DE FAMILIAS<\/b><\/span><\/h1>\n<p class=\"p2\"><b>Acreditada por C.O.N.E.A.U. Res. IF-2022-75585442-APN-CONEAU#ME.-<\/b><\/p>\n<p class=\"p1\"><strong>Inicio:<\/strong> Abril 2023.<\/p>\n<p class=\"p1\"><strong>Carga horaria:<\/strong> 480 horas te\u00f3ricas\/pr\u00e1cticas y 120 horas trabajo final integrador.<\/p>\n<p class=\"p1\"><strong>Duraci\u00f3n de la cursada:<\/strong> 2 a\u00f1os y medio.<\/p>\n<p class=\"p1\"><strong>D\u00eda y horario:<\/strong> Viernes de 15 hs. A 19.30 HS.<\/p>\n<p class=\"p1\"><strong>Modalidad:<\/strong> H\u00edbrida, con una cursada presencial por materia.<\/p>\n<p class=\"p1\"><strong>T\u00edtulo que otorga:<\/strong> Especialista en Derecho Procesal de Familias<span class=\"s1\">.<\/span><\/p>\n<h2 class=\"p1\">EQUIPO DIRECTIVO<b><span class=\"Apple-converted-space\">\u00a0 \u00a0 \u00a0 \u00a0 \u00a0 \u00a0 \u00a0 \u00a0 \u00a0<\/span><\/b><\/h2>\n<p class=\"p3\"><strong>Dra. Silvana BALLAR\u00cdN. <\/strong><span class=\"Apple-converted-space\"><strong>\u00a0 \u00a0 \u00a0 \u00a0 \u00a0 \u00a0 \u00a0<\/strong> \u00a0 \u00a0 \u00a0 \u00a0 \u00a0 \u00a0 \u00a0 \u00a0<\/span><\/p>\n<p class=\"p4\"><strong>DIRECTORA<\/strong><\/p>\n<p class=\"p6\"><strong>Esp. Adriana ROTONDA.<\/strong><\/p>\n<p class=\"p6\"><b>CODIRECTORA<\/b><\/p>\n<p class=\"p6\"><strong>Dra. Silvia Eugenia FERNANDEZ.<\/strong><\/p>\n<p class=\"p6\"><strong>COMIT\u00c9 ACAD\u00c9MICO <\/strong><\/p>\n<p class=\"p6\"><strong>Esp. Ramiro ROSALES CUELLO.<\/strong><\/p>\n<p class=\"p6\"><strong>COMIT\u00c9 ACAD\u00c9MICO <\/strong><\/p>\n<p class=\"p6\"><strong>Dra. Claudia Luj\u00e1n OVIEDO.<\/strong><\/p>\n<p class=\"p6\"><b>COMIT\u00c9 ACAD\u00c9MICO <\/b><\/p>\n<h2 class=\"p6\">\u00bfPOR QU\u00c9 HACER LA ESPECIALIZACI\u00d3N?<\/h2>\n<p class=\"p7\">La Carrera de Especializaci\u00f3n en Derecho Procesal de Familias nace como respuesta a una demanda sostenida en el tiempo de posgrados en el \u00e1rea del Derecho de las Familias que tuvieran en cuenta, en particular, la actuaci\u00f3n profesional en dicho Fuero.<\/p>\n<p class=\"p7\">Tiene como objeto brindarle al estudiante una formaci\u00f3n especializada en los procesos de Familias, proporcionando herramientas para la actuaci\u00f3n que involucra la defensa de la persona de ni\u00f1as, ni\u00f1os y adolescentes en procesos civiles y comerciales, estimulando el esp\u00edritu cr\u00edtico en el an\u00e1lisis legal y jurisprudencial que viabilice una destreza propia de la investigaci\u00f3n cient\u00edfica. Asimismo, se busca incorporar al estudio del proceso las perspectivas de G\u00e9neros, Ni\u00f1eces, Ancianidad y Fraternidad que transversalizar\u00e1n las reflexiones y lecturas en clave de derechos humanos.<\/p>\n<h2 class=\"p7\">DESTINATARIOS:<\/h2>\n<p class=\"p7\">Perfil del estudiante<\/p>\n<p class=\"p7\">Quienes egresen de la Especializaci\u00f3n, lograr\u00e1n adquirir 3 caracter\u00edsticas claves para enfrentarse a un mundo cada vez m\u00e1s competitivo:<\/p>\n<p class=\"p7\">1. Desempe\u00f1o en la funci\u00f3n p\u00fablica (jurisdiccional o en la confecci\u00f3n de proyectos de<\/p>\n<p class=\"p7\">legislaci\u00f3n) o privada (instituciones privadas y ejercicio libre de la profesi\u00f3n).<\/p>\n<p class=\"p7\">2. Investigaci\u00f3n jur\u00eddica cient\u00edfica, a trav\u00e9s de la participaci\u00f3n en Grupos de<\/p>\n<p class=\"p7\">Investigaci\u00f3n actualmente en funcionamiento en la Universidad Nacional de Mar del Plata, como en otros centros de Investigaci\u00f3n.<\/p>\n<p class=\"p7\">3. Desarrollo de destreza profesional en la resoluci\u00f3n extrajudicial y judicial de los conflictos familiares, a partir de una visi\u00f3n del proceso con perspectiva convencional y constitucional.<\/p>\n<h2 class=\"p7\">PLAN DE ESTUDIOS<\/h2>\n<p class=\"p7\">Derecho Procesal de Familias y sus principios en el C\u00f3digo Civil y Comercial de la Naci\u00f3n.<\/p>\n<p class=\"p7\">Interdisciplina I.<\/p>\n<p class=\"p7\">Convivencias de pareja.<\/p>\n<p class=\"p7\">Estructura, sujetos y etapas de los procesos de familias.<\/p>\n<p class=\"p7\">Epistemolog\u00eda y Metodolog\u00eda de la investigaci\u00f3n cient\u00edfica.<\/p>\n<p class=\"p7\">Interdisciplina II.<\/p>\n<p class=\"p7\">Procesos relacionados a la salud mental.<\/p>\n<p class=\"p7\">Proceso de divorcio y acciones conexas.<\/p>\n<p class=\"p7\">Derecho probatorio en el Derecho de Familias.<\/p>\n<p class=\"p7\">Proceso de Adopci\u00f3n y acciones conexas.<\/p>\n<p class=\"p7\">Procesos de alimentos.<\/p>\n<p class=\"p7\">Procesos de filiaci\u00f3n y acciones relacionadas con TRHA.<\/p>\n<p class=\"p7\">Perspectiva de G\u00e9neros en el Proceso de Familia.<\/p>\n<p class=\"p7\">Proceso de violencia familiar y de g\u00e9neros.<\/p>\n<p class=\"p7\">Derecho Internacional de familia.<\/p>\n<p class=\"p7\">Procesos relacionados al r\u00e9gimen patrimonial del matrimonio.<\/p>\n<p class=\"p7\"><span class=\"s3\">Seminarios <\/span><\/p>\n<p class=\"p7\">Actuaci\u00f3n de Ni\u00f1as, Ni\u00f1os y Adolescentes en el proceso.<\/p>\n<p class=\"p7\">Vulnerabilidad y derechos humanos.<\/p>\n<p class=\"p7\">Perspectivas actuales del derecho procesal de familias en el contexto internacional.<\/p>\n<h2 class=\"p4\"><span class=\"s3\">CUERPO<\/span> <span class=\"s3\">DOCENTE<\/span><\/h2>\n<p class=\"p7\">Dra. BALLARIN, SILVANA (UNMDP\/UNLP)<\/p>\n<p class=\"p7\">Esp. BERMEJO, PATRICIA<span class=\"Apple-converted-space\">\u00a0 <\/span>(UNLP)<\/p>\n<p class=\"p7\">Dr. BOTTERI, JOS\u00c9 DAVID (U.AUSTRAL)<\/p>\n<p class=\"p7\">Esp. CARAMELO, GUSTAVO<span class=\"Apple-converted-space\">\u00a0 <\/span>(UBA)<\/p>\n<p class=\"p7\">Dra. CHECHILE, ANA MARIA<span class=\"Apple-converted-space\">\u00a0 <\/span>(UBA)<\/p>\n<p class=\"p7\">Dr. CICERCCIA, RICARDO<span class=\"Apple-converted-space\">\u00a0 <\/span>(U.C)<\/p>\n<p class=\"p7\">Dra. CIPRIANO, LAURA (UNMDP)<\/p>\n<p class=\"p7\">Esp. DE MENDIGUREN, MARINA<span class=\"Apple-converted-space\">\u00a0 <\/span>(UNMDP)<\/p>\n<p class=\"p7\">Dra. DREYZIN, ADRIANA (UNC)<\/p>\n<p class=\"p7\">Dra. FARINA RIVERA, FRANCISCA<span class=\"Apple-converted-space\">\u00a0 <\/span>(U.VIGO)<\/p>\n<p class=\"p7\">Dra. FERN\u00c1NDEZ, SILVIA<span class=\"Apple-converted-space\">\u00a0 <\/span>(UNMDP)<\/p>\n<p class=\"p7\">Dr. GONZALEZ ANDIA, MIGUEL<span class=\"Apple-converted-space\">\u00a0 <\/span>(UNCALP)<\/p>\n<p class=\"p7\">Esp. GUAHNON, SILVIA (UNSAM)<\/p>\n<p class=\"p7\">Dra. HERRERA, MARISA<span class=\"Apple-converted-space\">\u00a0 <\/span>(UBA)<\/p>\n<p class=\"p7\">Esp. IGLESIAS, MAR\u00cdA GRACIELA<span class=\"Apple-converted-space\">\u00a0 <\/span>(UNR)<\/p>\n<p class=\"p7\">Dra. IMBRANO, AMELIA (U.K)<\/p>\n<p class=\"p7\">Dra. KEMELMAJER DE CARLUCCI, AIDA<span class=\"Apple-converted-space\">\u00a0 <\/span>(UM)<\/p>\n<p class=\"p7\">Esp. KREBS, GUILLERMINA (UNR)<\/p>\n<p class=\"p7\">Esp. LAMPUGNANI, SILVIA<span class=\"Apple-converted-space\">\u00a0 <\/span>(UNR)<\/p>\n<p class=\"p7\">Mag. MARROQUIN, ALEX (U. NAC. COSTA RICA)<\/p>\n<p class=\"p7\">Dra. MINICELLI, MERCEDES (UNR)<\/p>\n<p class=\"p7\">Dra. MOLINA, MARIEL<span class=\"Apple-converted-space\">\u00a0 <\/span>(UNCUYO)<\/p>\n<p class=\"p7\">Mag. MONJE SEGURA, ISAAC<span class=\"Apple-converted-space\">\u00a0 <\/span>(U. DE OXACA &#8211; MEXICO)<\/p>\n<p class=\"p7\">Esp. MORENO, GUSTAVO<span class=\"Apple-converted-space\">\u00a0 <\/span>(UBA)<\/p>\n<p class=\"p7\">Dra. MUNIAGURRIA, PAULA SUSANA<span class=\"Apple-converted-space\">\u00a0 <\/span>(UNMDP)<\/p>\n<p class=\"p7\">Abog. OBLIGADO, CLARA ALEJANDRA (UNMDP)<\/p>\n<p class=\"p7\">Dra. OVIEDO, CLAUDIA LUJ\u00c1N<span class=\"Apple-converted-space\">\u00a0 <\/span>(UNMDP)<\/p>\n<p class=\"p7\">Dra. PALACIOS, AGUSTINA (U.CARLOS III &#8211; MADRID)<\/p>\n<p class=\"p7\">Esp. PELLEGRINI, MARIA VICTORIA<span class=\"Apple-converted-space\">\u00a0 <\/span>(UNR)<\/p>\n<p class=\"p7\">Esp. PORTILLO, CLAUDIA (UCA-L.P)<\/p>\n<p class=\"p7\">Dr. QUADRI, HERNAN GABRIEL (UBA)<\/p>\n<p class=\"p7\">Mag. RAGONESE, PAULA<span class=\"Apple-converted-space\">\u00a0 <\/span>(U. OF LONDON QUEEN MARY AND WESTFIELD COLLEGE)<\/p>\n<p class=\"p7\">Dr. RIQUERT, MARCELO ALFREDO<span class=\"Apple-converted-space\">\u00a0 <\/span>(UNMDP)<\/p>\n<p class=\"p7\">Esp. ROSALES CUELLO, RAMIRO<span class=\"Apple-converted-space\">\u00a0 <\/span>(UNMDP\/UBA)<\/p>\n<p class=\"p7\">Esp. ROTONDA, ADRIANA (UNMDP\/UBA)<\/p>\n<p class=\"p7\">Esp. RUBAJA, NIEVE<span class=\"Apple-converted-space\">\u00a0 <\/span>(UBA)<\/p>\n<p class=\"p7\">Esp. SANCISI, MAXIMILIANO MART\u00cdN<span class=\"Apple-converted-space\">\u00a0 <\/span>(U.N.A)<\/p>\n<p class=\"p7\">Dr. SOLARI, NESTOR<span class=\"Apple-converted-space\">\u00a0 <\/span>(U.AUSTRAL)<\/p>\n<p class=\"p7\">Mag. TALIERCIO, CHRISTIAN ANGEL (U.AUSTRAL)<\/p>\n<p class=\"p7\">Dra. VALLE, ANDREA MARCELA<span class=\"Apple-converted-space\">\u00a0 <\/span>(UNMDP)<\/p>\n<p class=\"p7\">Dra. VERNETTI, ANA MARIA (UBA)<\/p>\n<p class=\"p7\">Esp. VILLAR, MARIANA GABRIELA<span class=\"Apple-converted-space\">\u00a0 <\/span>(UBA)<\/p>\n<p>&nbsp;<\/p>\n<p class=\"p1\"><strong>Consultas:<\/strong> posgrado.der@gmail.com &#8211; Secretar\u00eda de Posgrado 1er Piso.<\/p>\n","protected":false},"excerpt":{"rendered":"<p>\u00a1Nueva carrera de posgrado! Inicio: Abril 2023. Duraci\u00f3n: 2 a\u00f1os y medio. Modalidad de cursada: h\u00edbrida.<\/p>\n","protected":false},"author":1,"featured_media":1496,"comment_status":"open","ping_status":"open","sticky":false,"template":"","format":"standard","meta":[],"categories":[4,2],"tags":[],"_links":{"self":[{"href":"https:\/\/derecho.mdp.edu.ar\/index.php\/wp-json\/wp\/v2\/posts\/1495"}],"collection":[{"href":"https:\/\/derecho.mdp.edu.ar\/index.php\/wp-json\/wp\/v2\/posts"}],"about":[{"href":"https:\/\/derecho.mdp.edu.ar\/index.php\/wp-json\/wp\/v2\/types\/post"}],"author":[{"embeddable":true,"href":"https:\/\/derecho.mdp.edu.ar\/index.php\/wp-json\/wp\/v2\/users\/1"}],"replies":[{"embeddable":true,"href":"https:\/\/derecho.mdp.edu.ar\/index.php\/wp-json\/wp\/v2\/comments?post=1495"}],"version-history":[{"count":3,"href":"https:\/\/derecho.mdp.edu.ar\/index.php\/wp-json\/wp\/v2\/posts\/1495\/revisions"}],"predecessor-version":[{"id":1499,"href":"https:\/\/derecho.mdp.edu.ar\/index.php\/wp-json\/wp\/v2\/posts\/1495\/revisions\/1499"}],"wp:featuredmedia":[{"embeddable":true,"href":"https:\/\/derecho.mdp.edu.ar\/index.php\/wp-json\/wp\/v2\/media\/1496"}],"wp:attachment":[{"href":"https:\/\/derecho.mdp.edu.ar\/index.php\/wp-json\/wp\/v2\/media?parent=1495"}],"wp:term":[{"taxonomy":"category","embeddable":true,"href":"https:\/\/derecho.mdp.edu.ar\/index.php\/wp-json\/wp\/v2\/categories?post=1495"},{"taxonomy":"post_tag","embeddable":true,"href":"https:\/\/derecho.mdp.edu.ar\/index.php\/wp-json\/wp\/v2\/tags?post=1495"}],"curies":[{"name":"wp","href":"https:\/\/api.w.org\/{rel}","templated":true}]}}