{"id":1482,"date":"2023-02-18T11:41:43","date_gmt":"2023-02-18T14:41:43","guid":{"rendered":"https:\/\/www.mdp.edu.ar\/derecho\/derecho2019\/?p=1482"},"modified":"2023-02-18T12:12:23","modified_gmt":"2023-02-18T15:12:23","slug":"taller-introductorio-a-la-vida-universitaria","status":"publish","type":"post","link":"https:\/\/derecho.mdp.edu.ar\/index.php\/2023\/02\/18\/taller-introductorio-a-la-vida-universitaria\/","title":{"rendered":"Taller Introductorio a la Vida Universitaria"},"content":{"rendered":"<h1>TALLER INTRODUCTORIO A LA VIDA UNIVERSITARIA<\/h1>\n<p><img loading=\"lazy\" class=\"alignnone size-full wp-image-1485\" src=\"http:\/\/www.mdp.edu.ar\/derecho\/derecho2019\/wp-content\/uploads\/WhatsApp-Image-2023-02-16-at-16.43.07.jpeg\" alt=\"\" width=\"1600\" height=\"1600\" srcset=\"https:\/\/derecho.mdp.edu.ar\/wp-content\/uploads\/WhatsApp-Image-2023-02-16-at-16.43.07.jpeg 1600w, https:\/\/derecho.mdp.edu.ar\/wp-content\/uploads\/WhatsApp-Image-2023-02-16-at-16.43.07-300x300.jpeg 300w, https:\/\/derecho.mdp.edu.ar\/wp-content\/uploads\/WhatsApp-Image-2023-02-16-at-16.43.07-1024x1024.jpeg 1024w, https:\/\/derecho.mdp.edu.ar\/wp-content\/uploads\/WhatsApp-Image-2023-02-16-at-16.43.07-150x150.jpeg 150w, https:\/\/derecho.mdp.edu.ar\/wp-content\/uploads\/WhatsApp-Image-2023-02-16-at-16.43.07-768x768.jpeg 768w, https:\/\/derecho.mdp.edu.ar\/wp-content\/uploads\/WhatsApp-Image-2023-02-16-at-16.43.07-1536x1536.jpeg 1536w, https:\/\/derecho.mdp.edu.ar\/wp-content\/uploads\/WhatsApp-Image-2023-02-16-at-16.43.07-100x100.jpeg 100w, https:\/\/derecho.mdp.edu.ar\/wp-content\/uploads\/WhatsApp-Image-2023-02-16-at-16.43.07-250x250.jpeg 250w, https:\/\/derecho.mdp.edu.ar\/wp-content\/uploads\/WhatsApp-Image-2023-02-16-at-16.43.07-350x350.jpeg 350w, https:\/\/derecho.mdp.edu.ar\/wp-content\/uploads\/WhatsApp-Image-2023-02-16-at-16.43.07-64x64.jpeg 64w\" sizes=\"(max-width: 706px) 89vw, (max-width: 767px) 82vw, 740px\" \/><\/p>\n<p>\u00a1Les damos la bienvenida a todos los estudiantes que est\u00e1n por comenzar su vida universitaria! Tenemos el agrado de anunciar nuestro pr\u00f3ximo taller introductorio a la vida universitaria, dise\u00f1ado espec\u00edficamente para quienes est\u00e1n a punto de dar sus primeros pasos en la carrera de Abogac\u00eda.<\/p>\n<p>El taller se llevar\u00e1 a cabo del 6 al 10 de marzo, y ser\u00e1 conducido por autoridades, docentes y profesoras en pedagog\u00eda, quienes compartir\u00e1n con ustedes una variedad de consejos, tips y estrategias para aprovechar al m\u00e1ximo su experiencia universitaria.<\/p>\n<p>Se desarrollar\u00e1 en tres turnos: 10, 15 y 18 hs, deber\u00e1n elegir uno para toda la cursada.<\/p>\n<p>Durante el taller, tendremos la oportunidad de compartir temas como:<\/p>\n<ul>\n<li>La introducci\u00f3n a la Facultad, detalles de la carrera e informaci\u00f3n \u00fatil;<\/li>\n<li>C\u00f3mo encontrar recursos acad\u00e9micos y t\u00e9cnicas de estudio para mejorar su desempe\u00f1o acad\u00e9mico;<\/li>\n<li>C\u00f3mo abordar los desaf\u00edos de la vida universitaria y mantenerse motivado.<\/li>\n<\/ul>\n<p>Este taller es una oportunidad \u00fanica para conectarse con estudiantes, hacer preguntas y obtener informaci\u00f3n relevante para la carrera.<\/p>\n<p>El taller es de car\u00e1cter obligatorio, destinado a estudiantes que est\u00e9n a punto de comenzar su vida universitaria en el Ciclo Lectivo 2023. Para registrarse, deber\u00e1n completar el formulario de inscripci\u00f3n y elegir su banda horaria: <a href=\"https:\/\/forms.gle\/jRpEzymbM69hmaan7\">https:\/\/forms.gle\/jRpEzymbM69hmaan7<\/a>. \u00a1Nos vemos all\u00ed!<\/p>\n","protected":false},"excerpt":{"rendered":"<p>El taller introductorio a la vida universitaria est\u00e1 dise\u00f1ado para quienes est\u00e1n a punto de dar sus primeros pasos en la carrera de Abogac\u00eda. Del 6 al 10 de marzo. Formulario de inscripci\u00f3n disponible aqu\u00ed.<\/p>\n","protected":false},"author":1,"featured_media":1486,"comment_status":"open","ping_status":"open","sticky":false,"template":"","format":"standard","meta":[],"categories":[2],"tags":[],"_links":{"self":[{"href":"https:\/\/derecho.mdp.edu.ar\/index.php\/wp-json\/wp\/v2\/posts\/1482"}],"collection":[{"href":"https:\/\/derecho.mdp.edu.ar\/index.php\/wp-json\/wp\/v2\/posts"}],"about":[{"href":"https:\/\/derecho.mdp.edu.ar\/index.php\/wp-json\/wp\/v2\/types\/post"}],"author":[{"embeddable":true,"href":"https:\/\/derecho.mdp.edu.ar\/index.php\/wp-json\/wp\/v2\/users\/1"}],"replies":[{"embeddable":true,"href":"https:\/\/derecho.mdp.edu.ar\/index.php\/wp-json\/wp\/v2\/comments?post=1482"}],"version-history":[{"count":6,"href":"https:\/\/derecho.mdp.edu.ar\/index.php\/wp-json\/wp\/v2\/posts\/1482\/revisions"}],"predecessor-version":[{"id":1492,"href":"https:\/\/derecho.mdp.edu.ar\/index.php\/wp-json\/wp\/v2\/posts\/1482\/revisions\/1492"}],"wp:featuredmedia":[{"embeddable":true,"href":"https:\/\/derecho.mdp.edu.ar\/index.php\/wp-json\/wp\/v2\/media\/1486"}],"wp:attachment":[{"href":"https:\/\/derecho.mdp.edu.ar\/index.php\/wp-json\/wp\/v2\/media?parent=1482"}],"wp:term":[{"taxonomy":"category","embeddable":true,"href":"https:\/\/derecho.mdp.edu.ar\/index.php\/wp-json\/wp\/v2\/categories?post=1482"},{"taxonomy":"post_tag","embeddable":true,"href":"https:\/\/derecho.mdp.edu.ar\/index.php\/wp-json\/wp\/v2\/tags?post=1482"}],"curies":[{"name":"wp","href":"https:\/\/api.w.org\/{rel}","templated":true}]}}