{"id":148,"date":"2019-04-15T18:46:06","date_gmt":"2019-04-15T21:46:06","guid":{"rendered":"http:\/\/www.mdp.edu.ar\/derecho\/derecho2019\/?p=148"},"modified":"2019-06-27T12:58:58","modified_gmt":"2019-06-27T15:58:58","slug":"recibimos-a-los-nuevos-estudiantes-de-intercambio","status":"publish","type":"post","link":"https:\/\/derecho.mdp.edu.ar\/index.php\/2019\/04\/15\/recibimos-a-los-nuevos-estudiantes-de-intercambio\/","title":{"rendered":"Recibimos a los nuevos estudiantes de intercambio"},"content":{"rendered":"<p>El d\u00eda 15 de abril\u00a0<u><\/u>la Subsecretaria Acad\u00e9mica<u><\/u>\u00a0de\u00a0<u><\/u>la Facultad\u00a0Adriana Arias, acompa\u00f1ada por Alberto Moreira y Marisol Cendra, algunos de los referentes de los Programas de movilidad internacional, recibi\u00f3 a los estudiantes de intercambio Yamila Paola Portillo Borda, de\u00a0<u><\/u><u><\/u>la Universidad<u><\/u>\u00a0Nacional<u><\/u>\u00a0del Este, Paraguay y Cristian David Arteaga Gonzalez, de\u00a0<u><\/u><u><\/u>la Universidad<u><\/u>\u00a0Santo<u><\/u>\u00a0Tom\u00e1s Villavicencio, Colombia.<\/p>\n<p>Ambos estudiantes se encuentran cursando el primer cuatrimestre del a\u00f1o, en el marco de los Programas de movilidad ESCALA y PILA, respectivamente. En el ameno encuentro los estudiantes extranjeros transmitieron sus primeras impresiones de esta enriquecedora experiencia, destacando el nivel acad\u00e9mico de los docentes de la casa y la excelente recepci\u00f3n de los compa\u00f1eros de\u00a0<u><\/u>la Facultad<u><\/u>\u00a0de Mar del Plata.<\/p>\n<p><img loading=\"lazy\" class=\"alignnone size-full wp-image-149\" src=\"http:\/\/www.mdp.edu.ar\/derecho\/derecho2019\/wp-content\/uploads\/e5db91c7-d59e-4c5f-a48f-beea07684839.jpg\" alt=\"\" width=\"1024\" height=\"594\" srcset=\"https:\/\/derecho.mdp.edu.ar\/wp-content\/uploads\/e5db91c7-d59e-4c5f-a48f-beea07684839.jpg 1024w, https:\/\/derecho.mdp.edu.ar\/wp-content\/uploads\/e5db91c7-d59e-4c5f-a48f-beea07684839-350x203.jpg 350w, https:\/\/derecho.mdp.edu.ar\/wp-content\/uploads\/e5db91c7-d59e-4c5f-a48f-beea07684839-300x174.jpg 300w, https:\/\/derecho.mdp.edu.ar\/wp-content\/uploads\/e5db91c7-d59e-4c5f-a48f-beea07684839-768x446.jpg 768w\" sizes=\"(max-width: 706px) 89vw, (max-width: 767px) 82vw, 740px\" \/><\/p>\n","protected":false},"excerpt":{"rendered":"<p>El d\u00eda 15 de abril\u00a0la Subsecretaria Acad\u00e9mica\u00a0de\u00a0la Facultad, Dra. Adriana Arias, acompa\u00f1ada por Alberto Moreira y Marisol Cendra, algunos de los referentes de los Programas de movilidad internacional, recibi\u00f3 a los estudiantes de intercambio Yamila Paola Portillo Borda y Cristian David Arteaga Gonzalez.<\/p>\n","protected":false},"author":1,"featured_media":149,"comment_status":"open","ping_status":"open","sticky":false,"template":"","format":"standard","meta":[],"categories":[2,10],"tags":[],"_links":{"self":[{"href":"https:\/\/derecho.mdp.edu.ar\/index.php\/wp-json\/wp\/v2\/posts\/148"}],"collection":[{"href":"https:\/\/derecho.mdp.edu.ar\/index.php\/wp-json\/wp\/v2\/posts"}],"about":[{"href":"https:\/\/derecho.mdp.edu.ar\/index.php\/wp-json\/wp\/v2\/types\/post"}],"author":[{"embeddable":true,"href":"https:\/\/derecho.mdp.edu.ar\/index.php\/wp-json\/wp\/v2\/users\/1"}],"replies":[{"embeddable":true,"href":"https:\/\/derecho.mdp.edu.ar\/index.php\/wp-json\/wp\/v2\/comments?post=148"}],"version-history":[{"count":3,"href":"https:\/\/derecho.mdp.edu.ar\/index.php\/wp-json\/wp\/v2\/posts\/148\/revisions"}],"predecessor-version":[{"id":557,"href":"https:\/\/derecho.mdp.edu.ar\/index.php\/wp-json\/wp\/v2\/posts\/148\/revisions\/557"}],"wp:featuredmedia":[{"embeddable":true,"href":"https:\/\/derecho.mdp.edu.ar\/index.php\/wp-json\/wp\/v2\/media\/149"}],"wp:attachment":[{"href":"https:\/\/derecho.mdp.edu.ar\/index.php\/wp-json\/wp\/v2\/media?parent=148"}],"wp:term":[{"taxonomy":"category","embeddable":true,"href":"https:\/\/derecho.mdp.edu.ar\/index.php\/wp-json\/wp\/v2\/categories?post=148"},{"taxonomy":"post_tag","embeddable":true,"href":"https:\/\/derecho.mdp.edu.ar\/index.php\/wp-json\/wp\/v2\/tags?post=148"}],"curies":[{"name":"wp","href":"https:\/\/api.w.org\/{rel}","templated":true}]}}