{"id":1478,"date":"2023-02-18T11:28:33","date_gmt":"2023-02-18T14:28:33","guid":{"rendered":"https:\/\/www.mdp.edu.ar\/derecho\/derecho2019\/?p=1478"},"modified":"2023-02-18T11:39:08","modified_gmt":"2023-02-18T14:39:08","slug":"calendario-academico-abogacia-2023","status":"publish","type":"post","link":"https:\/\/derecho.mdp.edu.ar\/index.php\/2023\/02\/18\/calendario-academico-abogacia-2023\/","title":{"rendered":"Calendario Acad\u00e9mico &#8211; Abogac\u00eda 2023"},"content":{"rendered":"<h1 class=\"p1\"><b>FACULTAD DE DERECHO<\/b><\/h1>\n<h1 class=\"p1\"><b>CALENDARIO ACAD\u00c9MICO<\/b><\/h1>\n<p class=\"p2\"><b>CICLO LECTIVO 2023<\/b><\/p>\n<p class=\"p4\"><span class=\"s1\"><b>PRIMER CUATRIMESTRE<\/b><\/span><\/p>\n<p class=\"p6\"><span class=\"s1\"><b>REINSCRIPCI\u00d3N ANUAL PARA ALUMNOS NO INGRESANTES:<\/b><\/span><\/p>\n<p class=\"p7\">Deber\u00e1 realizarse en el Sistema SIU-Guaran\u00ed, a partir del 14\/02\/23 y previo a la inscripci\u00f3n a cursadas del primer cuatrimestre.<\/p>\n<p><img loading=\"lazy\" class=\"alignnone size-full wp-image-1479\" src=\"http:\/\/www.mdp.edu.ar\/derecho\/derecho2019\/wp-content\/uploads\/WhatsApp-Image-2023-02-17-at-10.05.32.jpeg\" alt=\"\" width=\"1600\" height=\"1600\" srcset=\"https:\/\/derecho.mdp.edu.ar\/wp-content\/uploads\/WhatsApp-Image-2023-02-17-at-10.05.32.jpeg 1600w, https:\/\/derecho.mdp.edu.ar\/wp-content\/uploads\/WhatsApp-Image-2023-02-17-at-10.05.32-300x300.jpeg 300w, https:\/\/derecho.mdp.edu.ar\/wp-content\/uploads\/WhatsApp-Image-2023-02-17-at-10.05.32-1024x1024.jpeg 1024w, https:\/\/derecho.mdp.edu.ar\/wp-content\/uploads\/WhatsApp-Image-2023-02-17-at-10.05.32-150x150.jpeg 150w, https:\/\/derecho.mdp.edu.ar\/wp-content\/uploads\/WhatsApp-Image-2023-02-17-at-10.05.32-768x768.jpeg 768w, https:\/\/derecho.mdp.edu.ar\/wp-content\/uploads\/WhatsApp-Image-2023-02-17-at-10.05.32-1536x1536.jpeg 1536w, https:\/\/derecho.mdp.edu.ar\/wp-content\/uploads\/WhatsApp-Image-2023-02-17-at-10.05.32-100x100.jpeg 100w, https:\/\/derecho.mdp.edu.ar\/wp-content\/uploads\/WhatsApp-Image-2023-02-17-at-10.05.32-250x250.jpeg 250w, https:\/\/derecho.mdp.edu.ar\/wp-content\/uploads\/WhatsApp-Image-2023-02-17-at-10.05.32-350x350.jpeg 350w, https:\/\/derecho.mdp.edu.ar\/wp-content\/uploads\/WhatsApp-Image-2023-02-17-at-10.05.32-64x64.jpeg 64w\" sizes=\"(max-width: 706px) 89vw, (max-width: 767px) 82vw, 740px\" \/><\/p>\n<p class=\"p8\"><span class=\"s1\"><b>SOLICITUDES DE PRIORIDAD EN LA INSCRIPCI\u00d3N A <\/b><\/span><span class=\"s2\"><b>CURSADAS <\/b><\/span><span class=\"s1\"><b>PROMOCIONALES<\/b><\/span><\/p>\n<p class=\"p10\">Previo a la inscripci\u00f3n a las asignaturas, los alumnos que se encuentren en alguna de las situaciones detalladas m\u00e1s abajo ser\u00e1n beneficiarios de un per\u00edodo especial de inscripci\u00f3n a las cursadas. Dichas categor\u00edas son:<\/p>\n<ol class=\"ol1\">\n<li class=\"li11\">Alumnos que trabajen y puedan demostrarlo.<\/li>\n<li class=\"li12\">Alumnos que residan en alguna localidad ubicada a no m\u00e1s de 100 km. de Mar del Plata y se trasladen diariamente para asistir a los cursos.<\/li>\n<li class=\"li12\">Alumnas que tengan hijos en edad escolar.<\/li>\n<\/ol>\n<p class=\"p13\"><b>Aquellos alumnos que se consideren incluidos en alguna de las situaciones antedichas, deber\u00e1n completar (previo al per\u00edodo de inscripci\u00f3n) sus datos personales, domicilio y datos laborales en el sistema SIU-Guaran\u00ed, que verificar\u00e1 y otorgar\u00e1 autom\u00e1ticamente la prioridad de inscripci\u00f3n.<\/b><\/p>\n<p class=\"p15\"><b>Se deja constancia que la Secretar\u00eda Acad\u00e9mica realizar\u00e1 durante el ciclo lectivo auditor\u00edas de las prioridades concedidas, convocando aleatoriamente a los beneficiarios para que presenten las constancias que sustenten las mismas; por ejemplo: recibo de sueldo, certificado de domicilio, fotocopia de partida de nacimiento y constancia de regularidad escolar). En caso de no poder justificar la prioridad se dar\u00e1n de baja las inscripciones irregularmente obtenidas. <\/b><\/p>\n<p class=\"p8\"><b>Dado<span class=\"Apple-converted-space\">\u00a0 <\/span>que, tanto las situaciones personales como<span class=\"Apple-converted-space\">\u00a0 <\/span>laborales pueden cambiar de un cuatrimestre a otro, es responsabilidad de cada alumno actualizar su situaci\u00f3n en caso de tener alg\u00fan cambio que informar.<\/b><\/p>\n<p class=\"p8\"><b>FECHAS DE INSCRIPCI\u00d3N A TODAS LAS CURSADAS PROMOCIONALES<\/b><\/p>\n<p class=\"p18\">Alumnos con prioridad de inscripci\u00f3n: 14 al 15 de marzo de 2023<\/p>\n<p class=\"p18\">Alumnos sin prioridad: 16 al 19 de marzo de 2023<\/p>\n<p class=\"p20\"><b>FECHA DE INICIO DE CLASES PARA TODAS LAS ASIGNATURAS:<\/b><\/p>\n<p class=\"p21\">&#8211; 20 de marzo de 2023<\/p>\n<p class=\"p23\">&#8211;<b>El sistema permitir\u00e1 inscripciones tard\u00edas, cambios de comisi\u00f3n y\/o asignatura y renuncias al cursado:<\/b><\/p>\n<p class=\"p24\"><b>PARA TODAS LAS ASIGNATURAS: <\/b>hasta el 26\/03\/2023<\/p>\n<p class=\"p26\"><b>(Durante el per\u00edodo consignado cada alumno deber\u00e1, por sistema SIU-Guaran\u00ed, cambiarse de comisi\u00f3n y\/o de asignatura o eliminar su inscripci\u00f3n, teni\u00e9ndose en cuenta que no podr\u00e1n presentarse a ex\u00e1menes libres durante el mismo cuatrimestre en que se encuentren anotados para cursar).<\/b><\/p>\n<p class=\"p28\"><b>FINALIZACI\u00d3N<span class=\"Apple-converted-space\">\u00a0 <\/span>DE CLASES:<\/b><\/p>\n<ul class=\"ul1\">\n<li class=\"li12\">08 de julio de 2023 (Se autoriza la toma de recuperatorios hasta el 15\/7\/23).<\/li>\n<\/ul>\n<p class=\"p6\"><b>Fecha tope de carga en el Sistema SIU-Guaran\u00ed de notas finales, de cursadas del primer cuatrimestre:<\/b><\/p>\n<ul class=\"ul1\">\n<li class=\"li12\">30 de julio de 2023<\/li>\n<\/ul>\n<p class=\"p6\"><b>Receso de invierno:<\/b><\/p>\n<ul class=\"ul1\">\n<li class=\"li12\">Del 17 al 28 de julio de 2023.<\/li>\n<\/ul>\n<p class=\"p30\"><span class=\"s1\"><b>SEGUNDO CUATRIMESTRE<\/b><\/span><\/p>\n<p class=\"p6\"><span class=\"s1\"><b>SOLICITUDES DE CAMBIO DE PLAN Y HOMOLOGACI\u00d3N DE ASIGNATURAS:<\/b><\/span><\/p>\n<p class=\"p13\">Los alumnos deber\u00e1n solicitarlo, por nota, en Mesa de Entradas de la Facultad, hasta el d\u00eda 23 de junio de 2023; a fin de poder inscribirse en el segundo cuatrimestre a las asignaturas del Plan nuevo. Las solicitudes posteriores ser\u00e1n consideradas para el primer cuatrimestre del pr\u00f3ximo a\u00f1o.<\/p>\n<p class=\"p8\"><span class=\"s1\"><b>SOLICITUDES DE PRIORIDAD EN LA INSCRIPCI\u00d3N A <\/b><\/span><span class=\"s2\"><b>CURSADAS <\/b><\/span><span class=\"s1\"><b>PROMOCIONALES<\/b><\/span><\/p>\n<p class=\"p10\">Previo a la inscripci\u00f3n a las asignaturas, los alumnos que se encuentren en alguna de las situaciones detalladas m\u00e1s abajo ser\u00e1n beneficiarios de un per\u00edodo especial de inscripci\u00f3n a las cursadas. Dichas categor\u00edas son:<\/p>\n<ol class=\"ol1\">\n<li class=\"li11\">Alumnos que trabajen y puedan demostrarlo.<\/li>\n<li class=\"li12\">Alumnos que residan en alguna localidad ubicada a no m\u00e1s de 100 km. de Mar del Plata y se trasladen diariamente para asistir a los cursos.<\/li>\n<li class=\"li12\">Alumnas que tengan hijos en edad escolar.<\/li>\n<\/ol>\n<p class=\"p13\"><b>Aquellos alumnos que se consideren incluidos en alguna de las situaciones antedichas, deber\u00e1n completar (previo al per\u00edodo de inscripci\u00f3n) sus datos personales, domicilio y datos laborales en el sistema SIU-Guaran\u00ed, que verificar\u00e1 y otorgar\u00e1 autom\u00e1ticamente la prioridad de inscripci\u00f3n.<\/b><\/p>\n<p class=\"p15\"><b>Se deja constancia que la Secretar\u00eda Acad\u00e9mica realizar\u00e1 durante el ciclo lectivo auditor\u00edas de las prioridades concedidas, convocando aleatoriamente a los beneficiarios para que presenten las constancias que sustenten las mismas; por ejemplo: recibo de sueldo, certificado de domicilio, fotocopia de partida de nacimiento y constancia de regularidad escolar). En caso de no poder justificar la prioridad se dar\u00e1n de baja las inscripciones irregularmente obtenidas. <\/b><\/p>\n<p class=\"p8\"><b>Dado<span class=\"Apple-converted-space\">\u00a0 <\/span>que, tanto las situaciones personales como<span class=\"Apple-converted-space\">\u00a0 <\/span>laborales pueden cambiar de un cuatrimestre a otro, es responsabilidad de cada alumno actualizar su situaci\u00f3n en caso de tener alg\u00fan cambio que informar.<\/b><\/p>\n<p class=\"p8\"><b>FECHAS DE INSCRIPCI\u00d3N A TODAS LAS CURSADAS PROMOCIONALES<\/b><\/p>\n<ul class=\"ul1\">\n<li class=\"li26\">Alumnos con prioridad de inscripci\u00f3n: 15 y<span class=\"s3\"> 16 <\/span>de agosto de 2023<\/li>\n<li class=\"li26\">Alumnos sin prioridad:<span class=\"s3\"> 17 <\/span>al 20 de agosto de 2023<\/li>\n<\/ul>\n<p class=\"p6\"><b>FECHA DE INICIO DE CLASES PARATODAS LAS ASIGNATURAS:<\/b><\/p>\n<ul class=\"ul1\">\n<li class=\"li12\">21 de agosto de 2023<\/li>\n<\/ul>\n<p class=\"p23\">&#8211;<b>El sistema permitir\u00e1 inscripciones tard\u00edas, cambios de comisi\u00f3n o asignatura y renuncias al cursado:<\/b><\/p>\n<p class=\"p24\"><b>PARA TODAS LAS ASIGNATURAS: <\/b>hasta el 27\/08\/2023<\/p>\n<p class=\"p26\"><b>(Durante el per\u00edodo consignado cada alumno deber\u00e1, por sistema SIU-Guaran\u00ed, cambiarse de comisi\u00f3n y\/o de asignatura o eliminar su inscripci\u00f3n, teni\u00e9ndose en cuenta que no podr\u00e1n presentarse a ex\u00e1menes libres durante el mismo cuatrimestre en que se encuentren anotados para cursar).<\/b><\/p>\n<p class=\"p6\"><b>Finalizaci\u00f3n de clases:<\/b><\/p>\n<ul class=\"ul1\">\n<li class=\"li12\">09 de diciembre de 2023 (Se autoriza la toma de recuperatorios hasta el 16\/12\/23).<\/li>\n<\/ul>\n<p class=\"p6\"><b>Fecha tope de carga en el Sistema SIU-Guaran\u00ed de notas finales, de cursadas del primer cuatrimestre:<\/b><\/p>\n<ul class=\"ul1\">\n<li class=\"li12\">17 de diciembre de 2023<\/li>\n<\/ul>\n","protected":false},"excerpt":{"rendered":"<p>Encontr\u00e1 aqu\u00ed las fechas m\u00e1s relevantes del Ciclo Lectivo de 2023.<\/p>\n","protected":false},"author":1,"featured_media":1481,"comment_status":"open","ping_status":"open","sticky":false,"template":"","format":"standard","meta":[],"categories":[2],"tags":[],"_links":{"self":[{"href":"https:\/\/derecho.mdp.edu.ar\/index.php\/wp-json\/wp\/v2\/posts\/1478"}],"collection":[{"href":"https:\/\/derecho.mdp.edu.ar\/index.php\/wp-json\/wp\/v2\/posts"}],"about":[{"href":"https:\/\/derecho.mdp.edu.ar\/index.php\/wp-json\/wp\/v2\/types\/post"}],"author":[{"embeddable":true,"href":"https:\/\/derecho.mdp.edu.ar\/index.php\/wp-json\/wp\/v2\/users\/1"}],"replies":[{"embeddable":true,"href":"https:\/\/derecho.mdp.edu.ar\/index.php\/wp-json\/wp\/v2\/comments?post=1478"}],"version-history":[{"count":3,"href":"https:\/\/derecho.mdp.edu.ar\/index.php\/wp-json\/wp\/v2\/posts\/1478\/revisions"}],"predecessor-version":[{"id":1484,"href":"https:\/\/derecho.mdp.edu.ar\/index.php\/wp-json\/wp\/v2\/posts\/1478\/revisions\/1484"}],"wp:featuredmedia":[{"embeddable":true,"href":"https:\/\/derecho.mdp.edu.ar\/index.php\/wp-json\/wp\/v2\/media\/1481"}],"wp:attachment":[{"href":"https:\/\/derecho.mdp.edu.ar\/index.php\/wp-json\/wp\/v2\/media?parent=1478"}],"wp:term":[{"taxonomy":"category","embeddable":true,"href":"https:\/\/derecho.mdp.edu.ar\/index.php\/wp-json\/wp\/v2\/categories?post=1478"},{"taxonomy":"post_tag","embeddable":true,"href":"https:\/\/derecho.mdp.edu.ar\/index.php\/wp-json\/wp\/v2\/tags?post=1478"}],"curies":[{"name":"wp","href":"https:\/\/api.w.org\/{rel}","templated":true}]}}