{"id":1467,"date":"2022-11-04T19:36:39","date_gmt":"2022-11-04T22:36:39","guid":{"rendered":"https:\/\/www.mdp.edu.ar\/derecho\/derecho2019\/?p=1467"},"modified":"2023-02-02T11:51:26","modified_gmt":"2023-02-02T14:51:26","slug":"estudiantes-de-abogacia-realizaron-un-simulacro-de-sesion-en-el-concejo-deliberante","status":"publish","type":"post","link":"https:\/\/derecho.mdp.edu.ar\/index.php\/2022\/11\/04\/estudiantes-de-abogacia-realizaron-un-simulacro-de-sesion-en-el-concejo-deliberante\/","title":{"rendered":"Simulacro de Sesi\u00f3n en el Concejo Deliberante"},"content":{"rendered":"<blockquote>\n<h1 class=\"p1\"><span class=\"s1\">Estudiantes de <\/span>Derecho<span class=\"s1\"> realizaron un simulacro de Sesi\u00f3n en el Concejo Deliberante*<\/span><\/h1>\n<\/blockquote>\n<p class=\"p1\"><span class=\"s1\">En el marco del Taller de Derecho Parlamentario, asignatura troncal de la carrera de Abogac\u00eda, se llev\u00f3 a cabo un simulacro de Sesi\u00f3n ordinaria en el recinto del Honorable Concejo Deliberante. En el encuentro los estudiantes asumieron su rol en las bancas y trataron el proyecto de ley &#8220;Consulta popular vinculante para fijar la edad de imputabilidad de menores&#8221;.<\/span><\/p>\n<p class=\"p1\"><span class=\"s1\">La Esp. Adriana Arias, en su car\u00e1cter de docente evaluadora, destac\u00f3: &#8220;Hoy atravesamos una jornada muy enriquecedora, tanto para los estudiantes que tuvieron la oportunidad de experimentar la vida parlamentaria, como para los docentes que disfrutamos ver los resultados del proceso de aprendizaje y crecimiento que vivi\u00f3 cada uno de ellos&#8221;.<\/span><\/p>\n<p class=\"p1\"><span class=\"s1\">&#8220;La teatralizaci\u00f3n de sesiones es una de las pr\u00e1cticas m\u00e1s destacables de nuestro Plan de Estudios, porque desafia a los estudiantes a pensar, investigar y trabajar la argumentaci\u00f3n como una herramienta fundamental en el ejercicio de la profesi\u00f3n. Priorizar estos espacios en la carrera hacen a la excelencia acad\u00e9mica&#8221;, agreg\u00f3.<\/span><\/p>\n<p class=\"p1\"><span class=\"s1\">Con argumentos a favor y en contra de la moci\u00f3n, la reuni\u00f3n se desarroll\u00f3 respetando con fidelidad la din\u00e1mica de la sesi\u00f3n: constituci\u00f3n de bloques, presidencia, qu\u00f3rum, tiempos de exposici\u00f3n, entre otras. Adem\u00e1s, la actividad cont\u00f3 con la presencia de la presidenta del HCD, Marina S\u00e1nchez Herrero, concejales y p\u00fablico en general.<\/span><\/p>\n<p class=\"p1\"><span class=\"s1\">&#8220;Estamos siempre agradecidos con la colaboraci\u00f3n de la Facultad y el Concejo Deliberante por darnos el espacio. Esta actividad se desarrolla cada cuatrimestre como instancia final de la cursada y las actuaciones siempre nos llenan de enorme satisfacci\u00f3n&#8221;, concluy\u00f3.<\/span><\/p>\n","protected":false},"excerpt":{"rendered":"<p>En el marco del Taller de Derecho Parlamentario, asignatura troncal de la carrera de Abogac\u00eda, se llev\u00f3 a cabo un simulacro de Sesi\u00f3n ordinaria en el recinto del Honorable Concejo Deliberante.<\/p>\n","protected":false},"author":1,"featured_media":1468,"comment_status":"open","ping_status":"open","sticky":false,"template":"","format":"standard","meta":[],"categories":[2],"tags":[],"_links":{"self":[{"href":"https:\/\/derecho.mdp.edu.ar\/index.php\/wp-json\/wp\/v2\/posts\/1467"}],"collection":[{"href":"https:\/\/derecho.mdp.edu.ar\/index.php\/wp-json\/wp\/v2\/posts"}],"about":[{"href":"https:\/\/derecho.mdp.edu.ar\/index.php\/wp-json\/wp\/v2\/types\/post"}],"author":[{"embeddable":true,"href":"https:\/\/derecho.mdp.edu.ar\/index.php\/wp-json\/wp\/v2\/users\/1"}],"replies":[{"embeddable":true,"href":"https:\/\/derecho.mdp.edu.ar\/index.php\/wp-json\/wp\/v2\/comments?post=1467"}],"version-history":[{"count":2,"href":"https:\/\/derecho.mdp.edu.ar\/index.php\/wp-json\/wp\/v2\/posts\/1467\/revisions"}],"predecessor-version":[{"id":1472,"href":"https:\/\/derecho.mdp.edu.ar\/index.php\/wp-json\/wp\/v2\/posts\/1467\/revisions\/1472"}],"wp:featuredmedia":[{"embeddable":true,"href":"https:\/\/derecho.mdp.edu.ar\/index.php\/wp-json\/wp\/v2\/media\/1468"}],"wp:attachment":[{"href":"https:\/\/derecho.mdp.edu.ar\/index.php\/wp-json\/wp\/v2\/media?parent=1467"}],"wp:term":[{"taxonomy":"category","embeddable":true,"href":"https:\/\/derecho.mdp.edu.ar\/index.php\/wp-json\/wp\/v2\/categories?post=1467"},{"taxonomy":"post_tag","embeddable":true,"href":"https:\/\/derecho.mdp.edu.ar\/index.php\/wp-json\/wp\/v2\/tags?post=1467"}],"curies":[{"name":"wp","href":"https:\/\/api.w.org\/{rel}","templated":true}]}}