{"id":145,"date":"2019-06-04T15:55:54","date_gmt":"2019-06-04T18:55:54","guid":{"rendered":"http:\/\/www.mdp.edu.ar\/derecho\/derecho2019\/?p=145"},"modified":"2019-06-13T08:43:45","modified_gmt":"2019-06-13T11:43:45","slug":"internacionalizacion-estudiantil","status":"publish","type":"post","link":"https:\/\/derecho.mdp.edu.ar\/index.php\/2019\/06\/04\/internacionalizacion-estudiantil\/","title":{"rendered":"Internacionalizaci\u00f3n Estudiantil"},"content":{"rendered":"<h1>Internacionalizaci\u00f3n Estudiantil<\/h1>\n<p>La subsecretaria acad\u00e9mica de la Facultad Adriana Arias, junto a todo el equipo de Relaciones Internacionales, los docentes Marisol Cendra, Favio Farinella y Alberto Moreira, el subsecretario de Extensi\u00f3n y Bienestar Estudiantil Facundo Irusta y Gonzalo Salord, representante del Centro de Estudiantes, mantuvieron una reuni\u00f3n con estudiantes de movilidad internacional.<\/p>\n<p>Los estudiantes compartieron su experiencia con el equipo y fueron informados de los numerosos proyectos que est\u00e1n en curso para difundir, fortalecer y profundizar el \u00e1rea de internacionalizaci\u00f3n estudiantil.<\/p>\n<p><strong>Estuvieron presentes:<\/strong><br \/>\n<span class=\"_5mfr\"><span class=\"_6qdm\">&#x27a1;&#xfe0f;<\/span><\/span> Joaqu\u00edn Ra\u00f1a, quien pr\u00f3ximamente estudiar\u00e1 un semestre en Alemania, al haber obtenido una beca del Programa de Movilidad con la Universidad de Regensburg;<\/p>\n<p><span class=\"_5mfr\"><span class=\"_6qdm\">&#x27a1;&#xfe0f;<\/span><\/span> Marcos Irusta de Melo, recientemente arribado de Bogot\u00e1, en donde realiz\u00f3 una estancia en la Universidad Distrital Francisco Jos\u00e9 Caldas, a trav\u00e9s del Programa PILA;<\/p>\n<p><span class=\"_5mfr\"><span class=\"_6qdm\">&#x27a1;&#xfe0f;<\/span><\/span> Federico Desteffaniz, aspirante a la beca para el Fortalecimiento de la Funci\u00f3n P\u00fablica de la Fundaci\u00f3n Bot\u00edn.<\/p>\n<p><span class=\"_5mfr\"><span class=\"_6qdm\">&#x27a1;&#xfe0f;<\/span><\/span> Macarena Darriba becada para el curso de la Universidad Arist\u00f3teles de Tesal\u00f3nica, Grecia.<\/p>\n<p><span class=\"_5mfr\"><span class=\"_6qdm\">&#x27a1;&#xfe0f;<\/span><\/span> Martina Saba, becada por el programa de la Universidad Europea de Viadrina, Alemania.<\/p>\n<p><span class=\"_5mfr\"><span class=\"_6qdm\">&#x27a1;&#xfe0f;<\/span><\/span>\u00a0Macarena Guido, quien actualmente colabora con el Programa de tutores para estudiantes extranjeros, luego de realizar una estancia de estudios en Alemania.<\/p>\n<p><img loading=\"lazy\" class=\"alignnone size-full wp-image-263\" src=\"http:\/\/www.mdp.edu.ar\/derecho\/derecho2019\/wp-content\/uploads\/61844401_2330377057287690_7316584132853628928_n.jpg\" alt=\"\" width=\"960\" height=\"720\" srcset=\"https:\/\/derecho.mdp.edu.ar\/wp-content\/uploads\/61844401_2330377057287690_7316584132853628928_n.jpg 960w, https:\/\/derecho.mdp.edu.ar\/wp-content\/uploads\/61844401_2330377057287690_7316584132853628928_n-350x263.jpg 350w, https:\/\/derecho.mdp.edu.ar\/wp-content\/uploads\/61844401_2330377057287690_7316584132853628928_n-300x225.jpg 300w, https:\/\/derecho.mdp.edu.ar\/wp-content\/uploads\/61844401_2330377057287690_7316584132853628928_n-768x576.jpg 768w\" sizes=\"(max-width: 706px) 89vw, (max-width: 767px) 82vw, 740px\" \/><\/p>\n","protected":false},"excerpt":{"rendered":"<p>La subsecretaria acad\u00e9mica de la Facultad, junto a todo el equipo de Relaciones Internacionales, el subsecretario de Extensi\u00f3n y Bienestar Estudiantil y un representante del Centro de Estudiantes, mantuvieron una reuni\u00f3n con estudiantes de movilidad internacional.<\/p>\n","protected":false},"author":1,"featured_media":262,"comment_status":"open","ping_status":"open","sticky":false,"template":"","format":"standard","meta":[],"categories":[2,10],"tags":[],"_links":{"self":[{"href":"https:\/\/derecho.mdp.edu.ar\/index.php\/wp-json\/wp\/v2\/posts\/145"}],"collection":[{"href":"https:\/\/derecho.mdp.edu.ar\/index.php\/wp-json\/wp\/v2\/posts"}],"about":[{"href":"https:\/\/derecho.mdp.edu.ar\/index.php\/wp-json\/wp\/v2\/types\/post"}],"author":[{"embeddable":true,"href":"https:\/\/derecho.mdp.edu.ar\/index.php\/wp-json\/wp\/v2\/users\/1"}],"replies":[{"embeddable":true,"href":"https:\/\/derecho.mdp.edu.ar\/index.php\/wp-json\/wp\/v2\/comments?post=145"}],"version-history":[{"count":4,"href":"https:\/\/derecho.mdp.edu.ar\/index.php\/wp-json\/wp\/v2\/posts\/145\/revisions"}],"predecessor-version":[{"id":503,"href":"https:\/\/derecho.mdp.edu.ar\/index.php\/wp-json\/wp\/v2\/posts\/145\/revisions\/503"}],"wp:featuredmedia":[{"embeddable":true,"href":"https:\/\/derecho.mdp.edu.ar\/index.php\/wp-json\/wp\/v2\/media\/262"}],"wp:attachment":[{"href":"https:\/\/derecho.mdp.edu.ar\/index.php\/wp-json\/wp\/v2\/media?parent=145"}],"wp:term":[{"taxonomy":"category","embeddable":true,"href":"https:\/\/derecho.mdp.edu.ar\/index.php\/wp-json\/wp\/v2\/categories?post=145"},{"taxonomy":"post_tag","embeddable":true,"href":"https:\/\/derecho.mdp.edu.ar\/index.php\/wp-json\/wp\/v2\/tags?post=145"}],"curies":[{"name":"wp","href":"https:\/\/api.w.org\/{rel}","templated":true}]}}