{"id":1435,"date":"2022-09-02T11:14:15","date_gmt":"2022-09-02T14:14:15","guid":{"rendered":"https:\/\/www.mdp.edu.ar\/derecho\/derecho2019\/?p=1435"},"modified":"2022-09-02T11:16:19","modified_gmt":"2022-09-02T14:16:19","slug":"programa-escala","status":"publish","type":"post","link":"https:\/\/derecho.mdp.edu.ar\/index.php\/2022\/09\/02\/programa-escala\/","title":{"rendered":"Abri\u00f3 la Convocatoria al Programa ESCALA 2023"},"content":{"rendered":"<h1>CONVOCATORIA PROGRAMA ESCALA 2023<\/h1>\n<h2>DESTINO: Bolivia, Brasil, Paraguay y Uruguay<\/h2>\n<p>Postulaciones admisibles hasta el 24 de Septiembre<br \/>\nConsultas a rinternacionalesunmdp@gmail.com<\/p>\n<p><strong>\u00bfQU\u00c9 ES ESCALA DE ESTUDIANTES DE GRADO?<\/strong><br \/>\nEl programa busca impulsar y fortalecer el proceso de construcci\u00f3n de un espacio acad\u00e9mico com\u00fan regional a trav\u00e9s de la movilidad de estudiantes regulares de graduaci\u00f3n para cursar un per\u00edodo acad\u00e9mico en otra universidad de la Asociaci\u00f3n con pleno reconocimiento de la actividad acad\u00e9mica realizada, promoviendo el intercambio acad\u00e9mico y cultural, la cooperaci\u00f3n y la integraci\u00f3n de las Universidades que la conforman, as\u00ed como la internacionalizaci\u00f3n de la educaci\u00f3n superior de la Regi\u00f3n.<\/p>\n<p><strong>\u00bfQUI\u00c9NES PUEDEN PARTICIPAR?<\/strong><br \/>\nPueden participar Estudiantes de Grado que cumplan con la calidad de estudiante regular en nuestra Universidad.<\/p>\n<p><strong>\u00bfCU\u00c1LES SON LOS REQUISITOS?<\/strong><br \/>\n1. Ser estudiante regular.<br \/>\n2. Tener aprobado por lo menos el 40% de la carrera que cursa.<br \/>\n3. Ser menor de 30 a\u00f1os de edad.<br \/>\n4. Contar con certificaci\u00f3n del idioma portugu\u00e9s en caso de corresponder (no excluyente).<br \/>\n5. Tener un promedio de notas superior al promedio hist\u00f3rico de su carrera (no excluyente).<\/p>\n<p><strong>PLAZAS, BENEFICIOS Y FINANCIAMIENTO<\/strong><br \/>\nLos postulantes podr\u00e1n aspirar a la plaza ofrecida para su Unidad Acad\u00e9mica.<br \/>\nEl financiamiento de las movilidades estar\u00e1 a cargo de las Universidades participantes:<br \/>\nAclaraci\u00f3n: el estudiante debe afrontar los gastos que demande obtener la visa respectiva, contratar un seguro de vida, accidente, salud y repatriaci\u00f3n y dem\u00e1s erogaciones personales.<\/p>\n<p><strong>PROCEDIMIENTO CONVOCATORIA<\/strong><br \/>\n1. Contactar con el Referente de RRII en su unidad acad\u00e9mica<br \/>\n2. Completar el Formulario de Inscripci\u00f3n estudiantes PROGRAMA ESCALA AUGM.<br \/>\n3. Enviar la postulaci\u00f3n junto al resto de los documentos que se solicitan como requisito al correo rinternacionalesunmdp@gmail.com con copia al correo de el\/la referente de la unidad acad\u00e9mica.<br \/>\n4. El asunto del mail debe ser: Apellido Nombre, PROGRAMA ESCALA 2022, Unidad Acad\u00e9mica de origen, Universidad de Destino. (Ej.: PEREZ Juan, PEEG 2023, DERECHO, UNIVERSIDAD MINAS GERAIS).<\/p>\n<p>Toda la informaci\u00f3n <a href=\"https:\/\/drive.google.com\/file\/d\/1CSH0qcX600KLexJI_Ye6lO9dc9q2uyrP\/view?usp=sharing\">aqu\u00ed<\/a>.<\/p>\n","protected":false},"excerpt":{"rendered":"<p>Hasta el 24 de septiembre estar\u00e1 abierta la convocatoria 2023 al programa ESCALA para estudiantes. El programa promueve la movilidad de estudiantes regulares de graduaci\u00f3n para cursar un per\u00edodo acad\u00e9mico en otra universidad de la Asociaci\u00f3n.<\/p>\n","protected":false},"author":1,"featured_media":809,"comment_status":"open","ping_status":"open","sticky":false,"template":"","format":"standard","meta":[],"categories":[2,10],"tags":[],"_links":{"self":[{"href":"https:\/\/derecho.mdp.edu.ar\/index.php\/wp-json\/wp\/v2\/posts\/1435"}],"collection":[{"href":"https:\/\/derecho.mdp.edu.ar\/index.php\/wp-json\/wp\/v2\/posts"}],"about":[{"href":"https:\/\/derecho.mdp.edu.ar\/index.php\/wp-json\/wp\/v2\/types\/post"}],"author":[{"embeddable":true,"href":"https:\/\/derecho.mdp.edu.ar\/index.php\/wp-json\/wp\/v2\/users\/1"}],"replies":[{"embeddable":true,"href":"https:\/\/derecho.mdp.edu.ar\/index.php\/wp-json\/wp\/v2\/comments?post=1435"}],"version-history":[{"count":4,"href":"https:\/\/derecho.mdp.edu.ar\/index.php\/wp-json\/wp\/v2\/posts\/1435\/revisions"}],"predecessor-version":[{"id":1439,"href":"https:\/\/derecho.mdp.edu.ar\/index.php\/wp-json\/wp\/v2\/posts\/1435\/revisions\/1439"}],"wp:featuredmedia":[{"embeddable":true,"href":"https:\/\/derecho.mdp.edu.ar\/index.php\/wp-json\/wp\/v2\/media\/809"}],"wp:attachment":[{"href":"https:\/\/derecho.mdp.edu.ar\/index.php\/wp-json\/wp\/v2\/media?parent=1435"}],"wp:term":[{"taxonomy":"category","embeddable":true,"href":"https:\/\/derecho.mdp.edu.ar\/index.php\/wp-json\/wp\/v2\/categories?post=1435"},{"taxonomy":"post_tag","embeddable":true,"href":"https:\/\/derecho.mdp.edu.ar\/index.php\/wp-json\/wp\/v2\/tags?post=1435"}],"curies":[{"name":"wp","href":"https:\/\/api.w.org\/{rel}","templated":true}]}}